{"id":9256,"date":"2025-02-18T00:27:05","date_gmt":"2025-02-17T23:27:05","guid":{"rendered":"https:\/\/sport-index.fr\/blog\/?p=9256"},"modified":"2025-02-16T23:38:33","modified_gmt":"2025-02-16T22:38:33","slug":"eric-perrot-un-athlete-engage-pour-la-montagne-et-lenvironnement","status":"publish","type":"post","link":"https:\/\/sport-index.fr\/blog\/a-la-une\/eric-perrot-un-athlete-engage-pour-la-montagne-et-lenvironnement\/","title":{"rendered":"Eric Perrot : un athl\u00e8te engag\u00e9 pour la montagne et l&rsquo;environnement"},"content":{"rendered":"<h2>La voix d&rsquo;une nouvelle g\u00e9n\u00e9ration d&rsquo;athl\u00e8tes<\/h2>\n<p>Eric Perrot, jeune biathl\u00e8te fran\u00e7ais de seulement 23 ans, se distingue par son engagement envers la pr\u00e9servation de l&rsquo;environnement. Lors des Mondiaux de Lenzerheide, il a partag\u00e9 ses pr\u00e9occupations face aux enjeux \u00e9cologiques qui touchent les montagnes. Pour lui, le sport ne doit pas \u00eatre dissoci\u00e9 de la responsabilit\u00e9 sociale et environnementale.<\/p>\n<p>Dans une interview accord\u00e9e \u00e0 Eurosport, Eric a exprim\u00e9 sa volont\u00e9 de porter des messages sinc\u00e8res et significatifs concernant la protection de la nature. Il a affirm\u00e9 : <\/p>\n<blockquote><p>\u00ab\u00a0Je vais essayer de porter les plus beaux messages et d&rsquo;\u00eatre honn\u00eate.\u00a0\u00bb<\/p><\/blockquote>\n<p> Ce t\u00e9moignage souligne l&rsquo;importance d&rsquo;agir avec int\u00e9grit\u00e9 dans un monde o\u00f9 le greenwashing est de plus en plus courant.<\/p>\n<p><iframe loading=\"lazy\" title=\"Rendez-Vous Expert Kheox : la conception lumi\u00e8re\" width=\"1200\" height=\"675\" src=\"https:\/\/www.youtube.com\/embed\/_i4yARlwIjY?feature=oembed\" frameborder=\"0\" allow=\"accelerometer; autoplay; clipboard-write; encrypted-media; gyroscope; picture-in-picture; web-share\" referrerpolicy=\"strict-origin-when-cross-origin\" allowfullscreen><\/iframe><\/p>\n<h2>L\u2019impact du sport sur l\u2019environnement<\/h2>\n<p>La pratique du biathlon, comme d&rsquo;autres sports de montagne, peut avoir un impact significatif sur l&rsquo;environnement. Les infrastructures n\u00e9cessaires, ainsi que la fr\u00e9quentation accrue des sites naturels, peuvent entra\u00eener une d\u00e9gradation des \u00e9cosyst\u00e8mes locaux. Eric Perrot se rend compte qu&rsquo;il est crucial de sensibiliser le public \u00e0 ces enjeux.<\/p>\n<p>Il est essentiel que les athl\u00e8tes prennent conscience de leur r\u00f4le en tant que mod\u00e8les. En se montrant responsables, ils peuvent influencer positivement leurs fans et la communaut\u00e9 sportive. La pr\u00e9servation des montagnes ne doit pas \u00eatre un simple slogan, mais une v\u00e9ritable priorit\u00e9.<\/p>\n<h2>Agir contre le greenwashing<\/h2>\n<p>Eric Perrot se d\u00e9marque par sa volont\u00e9 de ne pas c\u00e9der au greenwashing, cette pratique qui consiste \u00e0 donner une image \u00e9cologique trompeuse. Pour lui, il est important d\u2019\u00eatre authentique dans les actions entreprises pour la plan\u00e8te. Son approche s&rsquo;inscrit dans une d\u00e9marche de transparence et de responsabilit\u00e9.<\/p>\n<p>Pour soutenir cette vision, plusieurs initiatives peuvent \u00eatre mises en place afin de promouvoir la durabilit\u00e9 dans le sport. Voici quelques id\u00e9es \u00e0 consid\u00e9rer :<\/p>\n<ul>\n<li>Encourager l&rsquo;utilisation d&rsquo;\u00e9quipements respectueux de l&rsquo;environnement.<\/li>\n<li>Participer \u00e0 des campagnes de sensibilisation sur la pr\u00e9servation des montagnes.<\/li>\n<li>Collaborer avec des organisations \u00e9cologiques pour des projets de restauration.<\/li>\n<\/ul>\n<p>L&rsquo;engagement d&rsquo;Eric Perrot est une source d&rsquo;inspiration pour beaucoup. En tant que jeune athl\u00e8te, il incarne l&rsquo;espoir d&rsquo;une nouvelle g\u00e9n\u00e9ration qui se bat pour un avenir durable. Sa voix compte dans le monde du biathlon et au-del\u00e0, et il est d\u00e9termin\u00e9 \u00e0 faire entendre ses pr\u00e9occupations pour la plan\u00e8te.<img decoding=\"async\" width=\"1024\" height=\"576\" src=\"https:\/\/sport-index.fr\/blog\/wp-content\/uploads\/2025\/02\/stability-eric-perrot-un-athlete-engage-pour-la-montagne-et-lenvironnement-1.png\" class=\"aligncenter\" alt=\"Illustration d\u00e9taill\u00e9e sur Eric Perrot : un athl\u00e8te engag\u00e9 pour la montagne et l&#039;environnement\" title=\"Eric Perrot : un athl\u00e8te engag\u00e9 pour la montagne et l&#039;environnement\" loading=\"lazy\" \/><\/p>\n","protected":false},"excerpt":{"rendered":"","protected":false},"author":34,"featured_media":9257,"comment_status":"open","ping_status":"open","sticky":false,"template":"","format":"standard","meta":{"_acf_changed":false,"manual_indexmenow":false,"indexmenow_id_project":0,"footnotes":""},"categories":[1],"tags":[5053,4840,4615,4544,4378],"class_list":["post-9256","post","type-post","status-publish","format-standard","has-post-thumbnail","hentry","category-a-la-une","tag-biathlon","tag-changement-social","tag-communaute-engagee","tag-equipe","tag-performance-durable","generate-columns","tablet-grid-50","mobile-grid-100","grid-parent","grid-25"],"acf":[],"yoast_head":"<!-- This site is optimized with the Yoast SEO Premium plugin v21.3 (Yoast SEO v26.5) - https:\/\/yoast.com\/wordpress\/plugins\/seo\/ -->\n<title>Eric Perrot : un athl\u00e8te engag\u00e9 pour la montagne<\/title>\n<meta name=\"description\" content=\"La voix d&#039;une nouvelle g\u00e9n\u00e9ration d&#039;athl\u00e8tes Eric Perrot, jeune biathl\u00e8te fran\u00e7ais de seulement 23 ans, se distingue par son engagement envers la\u2026\" \/>\n<meta name=\"robots\" content=\"index, follow, max-snippet:-1, max-image-preview:large, max-video-preview:-1\" \/>\n<link rel=\"canonical\" href=\"https:\/\/sport-index.fr\/blog\/a-la-une\/eric-perrot-un-athlete-engage-pour-la-montagne-et-lenvironnement\/\" \/>\n<meta property=\"og:locale\" content=\"fr_FR\" \/>\n<meta property=\"og:type\" content=\"article\" \/>\n<meta property=\"og:title\" content=\"Eric Perrot : un athl\u00e8te engag\u00e9 pour la montagne\" \/>\n<meta property=\"og:description\" content=\"La voix d&#039;une nouvelle g\u00e9n\u00e9ration d&#039;athl\u00e8tes Eric Perrot, jeune biathl\u00e8te fran\u00e7ais de seulement 23 ans, se distingue par son engagement envers la\u2026\" \/>\n<meta property=\"og:url\" content=\"https:\/\/sport-index.fr\/blog\/a-la-une\/eric-perrot-un-athlete-engage-pour-la-montagne-et-lenvironnement\/\" \/>\n<meta property=\"og:site_name\" content=\"sport-index\" \/>\n<meta property=\"og:image\" content=\"https:\/\/sport-index.fr\/blog\/wp-content\/uploads\/2025\/02\/stability-eric-perrot-un-athlete-engage-pour-la-montagne-et-lenvironnement.png\" \/>\n\t<meta property=\"og:image:width\" content=\"1024\" \/>\n\t<meta property=\"og:image:height\" content=\"576\" \/>\n\t<meta property=\"og:image:type\" content=\"image\/png\" \/>\n<meta name=\"author\" content=\"Axel Lauzier\" \/>\n<meta name=\"twitter:card\" content=\"summary_large_image\" \/>\n<script type=\"application\/ld+json\" class=\"yoast-schema-graph\">{\"@context\":\"https:\/\/schema.org\",\"@graph\":[{\"@type\":\"NewsArticle\",\"@id\":\"https:\/\/sport-index.fr\/blog\/a-la-une\/eric-perrot-un-athlete-engage-pour-la-montagne-et-lenvironnement\/#article\",\"isPartOf\":{\"@id\":\"https:\/\/sport-index.fr\/blog\/a-la-une\/eric-perrot-un-athlete-engage-pour-la-montagne-et-lenvironnement\/\"},\"author\":{\"name\":\"Axel Lauzier\",\"@id\":\"https:\/\/sport-index.fr\/blog\/#\/schema\/person\/3c864cdc320801e3db34b663e7e3f816\"},\"headline\":\"Eric Perrot : un athl\u00e8te engag\u00e9 pour la montagne et l&rsquo;environnement\",\"datePublished\":\"2025-02-17T23:27:05+00:00\",\"mainEntityOfPage\":{\"@id\":\"https:\/\/sport-index.fr\/blog\/a-la-une\/eric-perrot-un-athlete-engage-pour-la-montagne-et-lenvironnement\/\"},\"wordCount\":432,\"commentCount\":30,\"publisher\":{\"@id\":\"https:\/\/sport-index.fr\/blog\/#organization\"},\"image\":{\"@id\":\"https:\/\/sport-index.fr\/blog\/a-la-une\/eric-perrot-un-athlete-engage-pour-la-montagne-et-lenvironnement\/#primaryimage\"},\"thumbnailUrl\":\"https:\/\/sport-index.fr\/blog\/wp-content\/uploads\/2025\/02\/stability-eric-perrot-un-athlete-engage-pour-la-montagne-et-lenvironnement.png\",\"keywords\":[\"Biathlon\",\"Changement Social\",\"Communaut\u00e9 engag\u00e9e\",\"\u00c9quipe\",\"Performance Durable\"],\"articleSection\":[\"\u00c0 la une\"],\"inLanguage\":\"fr-FR\",\"potentialAction\":[{\"@type\":\"CommentAction\",\"name\":\"Comment\",\"target\":[\"https:\/\/sport-index.fr\/blog\/a-la-une\/eric-perrot-un-athlete-engage-pour-la-montagne-et-lenvironnement\/#respond\"]}]},{\"@type\":\"WebPage\",\"@id\":\"https:\/\/sport-index.fr\/blog\/a-la-une\/eric-perrot-un-athlete-engage-pour-la-montagne-et-lenvironnement\/\",\"url\":\"https:\/\/sport-index.fr\/blog\/a-la-une\/eric-perrot-un-athlete-engage-pour-la-montagne-et-lenvironnement\/\",\"name\":\"Eric Perrot : un athl\u00e8te engag\u00e9 pour la montagne\",\"isPartOf\":{\"@id\":\"https:\/\/sport-index.fr\/blog\/#website\"},\"primaryImageOfPage\":{\"@id\":\"https:\/\/sport-index.fr\/blog\/a-la-une\/eric-perrot-un-athlete-engage-pour-la-montagne-et-lenvironnement\/#primaryimage\"},\"image\":{\"@id\":\"https:\/\/sport-index.fr\/blog\/a-la-une\/eric-perrot-un-athlete-engage-pour-la-montagne-et-lenvironnement\/#primaryimage\"},\"thumbnailUrl\":\"https:\/\/sport-index.fr\/blog\/wp-content\/uploads\/2025\/02\/stability-eric-perrot-un-athlete-engage-pour-la-montagne-et-lenvironnement.png\",\"datePublished\":\"2025-02-17T23:27:05+00:00\",\"description\":\"La voix d'une nouvelle g\u00e9n\u00e9ration d'athl\u00e8tes Eric Perrot, jeune biathl\u00e8te fran\u00e7ais de seulement 23 ans, se distingue par son engagement envers la\u2026\",\"inLanguage\":\"fr-FR\",\"potentialAction\":[{\"@type\":\"ReadAction\",\"target\":[\"https:\/\/sport-index.fr\/blog\/a-la-une\/eric-perrot-un-athlete-engage-pour-la-montagne-et-lenvironnement\/\"]}]},{\"@type\":\"ImageObject\",\"inLanguage\":\"fr-FR\",\"@id\":\"https:\/\/sport-index.fr\/blog\/a-la-une\/eric-perrot-un-athlete-engage-pour-la-montagne-et-lenvironnement\/#primaryimage\",\"url\":\"https:\/\/sport-index.fr\/blog\/wp-content\/uploads\/2025\/02\/stability-eric-perrot-un-athlete-engage-pour-la-montagne-et-lenvironnement.png\",\"contentUrl\":\"https:\/\/sport-index.fr\/blog\/wp-content\/uploads\/2025\/02\/stability-eric-perrot-un-athlete-engage-pour-la-montagne-et-lenvironnement.png\",\"width\":1024,\"height\":576},{\"@type\":\"WebSite\",\"@id\":\"https:\/\/sport-index.fr\/blog\/#website\",\"url\":\"https:\/\/sport-index.fr\/blog\/\",\"name\":\"sport-index.fr\",\"description\":\"Le score de l\u2019analyse sportive.\",\"publisher\":{\"@id\":\"https:\/\/sport-index.fr\/blog\/#organization\"},\"alternateName\":\"Le score de l\u2019analyse sportive.\",\"potentialAction\":[{\"@type\":\"SearchAction\",\"target\":{\"@type\":\"EntryPoint\",\"urlTemplate\":\"https:\/\/sport-index.fr\/blog\/?s={search_term_string}\"},\"query-input\":{\"@type\":\"PropertyValueSpecification\",\"valueRequired\":true,\"valueName\":\"search_term_string\"}}],\"inLanguage\":\"fr-FR\"},{\"@type\":\"Organization\",\"@id\":\"https:\/\/sport-index.fr\/blog\/#organization\",\"name\":\"Foretsensations.fr\",\"url\":\"https:\/\/sport-index.fr\/blog\/\",\"logo\":{\"@type\":\"ImageObject\",\"inLanguage\":\"fr-FR\",\"@id\":\"https:\/\/sport-index.fr\/blog\/#\/schema\/logo\/image\/\",\"url\":\"https:\/\/sport-index.fr\/blog\/wp-content\/uploads\/2026\/07\/logo-auto.png\",\"contentUrl\":\"https:\/\/sport-index.fr\/blog\/wp-content\/uploads\/2026\/07\/logo-auto.png\",\"width\":1024,\"height\":1024,\"caption\":\"Foretsensations.fr\"},\"image\":{\"@id\":\"https:\/\/sport-index.fr\/blog\/#\/schema\/logo\/image\/\"}},{\"@type\":\"Person\",\"@id\":\"https:\/\/sport-index.fr\/blog\/#\/schema\/person\/3c864cdc320801e3db34b663e7e3f816\",\"name\":\"Axel Lauzier\",\"image\":{\"@type\":\"ImageObject\",\"inLanguage\":\"fr-FR\",\"@id\":\"https:\/\/sport-index.fr\/blog\/#\/schema\/person\/image\/\",\"url\":\"https:\/\/sport-index.fr\/blog\/wp-content\/uploads\/2026\/06\/persona_axel-l-96x96.jpg\",\"contentUrl\":\"https:\/\/sport-index.fr\/blog\/wp-content\/uploads\/2026\/06\/persona_axel-l-96x96.jpg\",\"caption\":\"Axel Lauzier\"},\"description\":\"Le sport rythme mon quotidien depuis l'enfance, et j'en ai fait mon m\u00e9tier d'analyste r\u00e9dactionnel il y a une dizaine d'ann\u00e9es. Je couvre principalement le football, son actualit\u00e9, ses transferts et l'analyse tactique des grandes affiches, mais aussi les disciplines plus confidentielles que j'aime remettre en lumi\u00e8re. Une partie de mon travail porte sur les pronostics et la lecture statistique d'un match : forme des \u00e9quipes, historique des confrontations, compositions, sans jamais vendre de fausse certitude. Je rappelle syst\u00e9matiquement que parier comporte un risque et doit rester un loisir ma\u00eetris\u00e9. Avant de signer une analyse, je v\u00e9rifie mes chiffres, je recoupe les compositions probables et je distingue toujours la donn\u00e9e brute de l'intuition. Mon objectif : offrir une lecture honn\u00eate et argument\u00e9e, pas un ticket gagnant garanti.\",\"sameAs\":[\"https:\/\/axellauzier.fr\/\"],\"url\":\"https:\/\/sport-index.fr\/blog\/auteur\/noname\/\"}]}<\/script>\n<!-- \/ Yoast SEO Premium plugin. -->","yoast_head_json":{"title":"Eric Perrot : un athl\u00e8te engag\u00e9 pour la montagne","description":"La voix d'une nouvelle g\u00e9n\u00e9ration d'athl\u00e8tes Eric Perrot, jeune biathl\u00e8te fran\u00e7ais de seulement 23 ans, se distingue par son engagement envers la\u2026","robots":{"index":"index","follow":"follow","max-snippet":"max-snippet:-1","max-image-preview":"max-image-preview:large","max-video-preview":"max-video-preview:-1"},"canonical":"https:\/\/sport-index.fr\/blog\/a-la-une\/eric-perrot-un-athlete-engage-pour-la-montagne-et-lenvironnement\/","og_locale":"fr_FR","og_type":"article","og_title":"Eric Perrot : un athl\u00e8te engag\u00e9 pour la montagne","og_description":"La voix d'une nouvelle g\u00e9n\u00e9ration d'athl\u00e8tes Eric Perrot, jeune biathl\u00e8te fran\u00e7ais de seulement 23 ans, se distingue par son engagement envers la\u2026","og_url":"https:\/\/sport-index.fr\/blog\/a-la-une\/eric-perrot-un-athlete-engage-pour-la-montagne-et-lenvironnement\/","og_site_name":"sport-index","og_image":[{"width":1024,"height":576,"url":"https:\/\/sport-index.fr\/blog\/wp-content\/uploads\/2025\/02\/stability-eric-perrot-un-athlete-engage-pour-la-montagne-et-lenvironnement.png","type":"image\/png"}],"author":"Axel Lauzier","twitter_card":"summary_large_image","schema":{"@context":"https:\/\/schema.org","@graph":[{"@type":"NewsArticle","@id":"https:\/\/sport-index.fr\/blog\/a-la-une\/eric-perrot-un-athlete-engage-pour-la-montagne-et-lenvironnement\/#article","isPartOf":{"@id":"https:\/\/sport-index.fr\/blog\/a-la-une\/eric-perrot-un-athlete-engage-pour-la-montagne-et-lenvironnement\/"},"author":{"name":"Axel Lauzier","@id":"https:\/\/sport-index.fr\/blog\/#\/schema\/person\/3c864cdc320801e3db34b663e7e3f816"},"headline":"Eric Perrot : un athl\u00e8te engag\u00e9 pour la montagne et l&rsquo;environnement","datePublished":"2025-02-17T23:27:05+00:00","mainEntityOfPage":{"@id":"https:\/\/sport-index.fr\/blog\/a-la-une\/eric-perrot-un-athlete-engage-pour-la-montagne-et-lenvironnement\/"},"wordCount":432,"commentCount":30,"publisher":{"@id":"https:\/\/sport-index.fr\/blog\/#organization"},"image":{"@id":"https:\/\/sport-index.fr\/blog\/a-la-une\/eric-perrot-un-athlete-engage-pour-la-montagne-et-lenvironnement\/#primaryimage"},"thumbnailUrl":"https:\/\/sport-index.fr\/blog\/wp-content\/uploads\/2025\/02\/stability-eric-perrot-un-athlete-engage-pour-la-montagne-et-lenvironnement.png","keywords":["Biathlon","Changement Social","Communaut\u00e9 engag\u00e9e","\u00c9quipe","Performance Durable"],"articleSection":["\u00c0 la une"],"inLanguage":"fr-FR","potentialAction":[{"@type":"CommentAction","name":"Comment","target":["https:\/\/sport-index.fr\/blog\/a-la-une\/eric-perrot-un-athlete-engage-pour-la-montagne-et-lenvironnement\/#respond"]}]},{"@type":"WebPage","@id":"https:\/\/sport-index.fr\/blog\/a-la-une\/eric-perrot-un-athlete-engage-pour-la-montagne-et-lenvironnement\/","url":"https:\/\/sport-index.fr\/blog\/a-la-une\/eric-perrot-un-athlete-engage-pour-la-montagne-et-lenvironnement\/","name":"Eric Perrot : un athl\u00e8te engag\u00e9 pour la montagne","isPartOf":{"@id":"https:\/\/sport-index.fr\/blog\/#website"},"primaryImageOfPage":{"@id":"https:\/\/sport-index.fr\/blog\/a-la-une\/eric-perrot-un-athlete-engage-pour-la-montagne-et-lenvironnement\/#primaryimage"},"image":{"@id":"https:\/\/sport-index.fr\/blog\/a-la-une\/eric-perrot-un-athlete-engage-pour-la-montagne-et-lenvironnement\/#primaryimage"},"thumbnailUrl":"https:\/\/sport-index.fr\/blog\/wp-content\/uploads\/2025\/02\/stability-eric-perrot-un-athlete-engage-pour-la-montagne-et-lenvironnement.png","datePublished":"2025-02-17T23:27:05+00:00","description":"La voix d'une nouvelle g\u00e9n\u00e9ration d'athl\u00e8tes Eric Perrot, jeune biathl\u00e8te fran\u00e7ais de seulement 23 ans, se distingue par son engagement envers la\u2026","inLanguage":"fr-FR","potentialAction":[{"@type":"ReadAction","target":["https:\/\/sport-index.fr\/blog\/a-la-une\/eric-perrot-un-athlete-engage-pour-la-montagne-et-lenvironnement\/"]}]},{"@type":"ImageObject","inLanguage":"fr-FR","@id":"https:\/\/sport-index.fr\/blog\/a-la-une\/eric-perrot-un-athlete-engage-pour-la-montagne-et-lenvironnement\/#primaryimage","url":"https:\/\/sport-index.fr\/blog\/wp-content\/uploads\/2025\/02\/stability-eric-perrot-un-athlete-engage-pour-la-montagne-et-lenvironnement.png","contentUrl":"https:\/\/sport-index.fr\/blog\/wp-content\/uploads\/2025\/02\/stability-eric-perrot-un-athlete-engage-pour-la-montagne-et-lenvironnement.png","width":1024,"height":576},{"@type":"WebSite","@id":"https:\/\/sport-index.fr\/blog\/#website","url":"https:\/\/sport-index.fr\/blog\/","name":"sport-index.fr","description":"Le score de l\u2019analyse sportive.","publisher":{"@id":"https:\/\/sport-index.fr\/blog\/#organization"},"alternateName":"Le score de l\u2019analyse sportive.","potentialAction":[{"@type":"SearchAction","target":{"@type":"EntryPoint","urlTemplate":"https:\/\/sport-index.fr\/blog\/?s={search_term_string}"},"query-input":{"@type":"PropertyValueSpecification","valueRequired":true,"valueName":"search_term_string"}}],"inLanguage":"fr-FR"},{"@type":"Organization","@id":"https:\/\/sport-index.fr\/blog\/#organization","name":"Foretsensations.fr","url":"https:\/\/sport-index.fr\/blog\/","logo":{"@type":"ImageObject","inLanguage":"fr-FR","@id":"https:\/\/sport-index.fr\/blog\/#\/schema\/logo\/image\/","url":"https:\/\/sport-index.fr\/blog\/wp-content\/uploads\/2026\/07\/logo-auto.png","contentUrl":"https:\/\/sport-index.fr\/blog\/wp-content\/uploads\/2026\/07\/logo-auto.png","width":1024,"height":1024,"caption":"Foretsensations.fr"},"image":{"@id":"https:\/\/sport-index.fr\/blog\/#\/schema\/logo\/image\/"}},{"@type":"Person","@id":"https:\/\/sport-index.fr\/blog\/#\/schema\/person\/3c864cdc320801e3db34b663e7e3f816","name":"Axel Lauzier","image":{"@type":"ImageObject","inLanguage":"fr-FR","@id":"https:\/\/sport-index.fr\/blog\/#\/schema\/person\/image\/","url":"https:\/\/sport-index.fr\/blog\/wp-content\/uploads\/2026\/06\/persona_axel-l-96x96.jpg","contentUrl":"https:\/\/sport-index.fr\/blog\/wp-content\/uploads\/2026\/06\/persona_axel-l-96x96.jpg","caption":"Axel Lauzier"},"description":"Le sport rythme mon quotidien depuis l'enfance, et j'en ai fait mon m\u00e9tier d'analyste r\u00e9dactionnel il y a une dizaine d'ann\u00e9es. Je couvre principalement le football, son actualit\u00e9, ses transferts et l'analyse tactique des grandes affiches, mais aussi les disciplines plus confidentielles que j'aime remettre en lumi\u00e8re. Une partie de mon travail porte sur les pronostics et la lecture statistique d'un match : forme des \u00e9quipes, historique des confrontations, compositions, sans jamais vendre de fausse certitude. Je rappelle syst\u00e9matiquement que parier comporte un risque et doit rester un loisir ma\u00eetris\u00e9. Avant de signer une analyse, je v\u00e9rifie mes chiffres, je recoupe les compositions probables et je distingue toujours la donn\u00e9e brute de l'intuition. Mon objectif : offrir une lecture honn\u00eate et argument\u00e9e, pas un ticket gagnant garanti.","sameAs":["https:\/\/axellauzier.fr\/"],"url":"https:\/\/sport-index.fr\/blog\/auteur\/noname\/"}]}},"_links":{"self":[{"href":"https:\/\/sport-index.fr\/blog\/wp-json\/wp\/v2\/posts\/9256","targetHints":{"allow":["GET"]}}],"collection":[{"href":"https:\/\/sport-index.fr\/blog\/wp-json\/wp\/v2\/posts"}],"about":[{"href":"https:\/\/sport-index.fr\/blog\/wp-json\/wp\/v2\/types\/post"}],"author":[{"embeddable":true,"href":"https:\/\/sport-index.fr\/blog\/wp-json\/wp\/v2\/users\/34"}],"replies":[{"embeddable":true,"href":"https:\/\/sport-index.fr\/blog\/wp-json\/wp\/v2\/comments?post=9256"}],"version-history":[{"count":1,"href":"https:\/\/sport-index.fr\/blog\/wp-json\/wp\/v2\/posts\/9256\/revisions"}],"predecessor-version":[{"id":9259,"href":"https:\/\/sport-index.fr\/blog\/wp-json\/wp\/v2\/posts\/9256\/revisions\/9259"}],"wp:featuredmedia":[{"embeddable":true,"href":"https:\/\/sport-index.fr\/blog\/wp-json\/wp\/v2\/media\/9257"}],"wp:attachment":[{"href":"https:\/\/sport-index.fr\/blog\/wp-json\/wp\/v2\/media?parent=9256"}],"wp:term":[{"taxonomy":"category","embeddable":true,"href":"https:\/\/sport-index.fr\/blog\/wp-json\/wp\/v2\/categories?post=9256"},{"taxonomy":"post_tag","embeddable":true,"href":"https:\/\/sport-index.fr\/blog\/wp-json\/wp\/v2\/tags?post=9256"}],"curies":[{"name":"wp","href":"https:\/\/api.w.org\/{rel}","templated":true}]}}