{"id":9325,"date":"2025-02-19T10:46:31","date_gmt":"2025-02-19T09:46:31","guid":{"rendered":"https:\/\/sport-index.fr\/blog\/?p=9325"},"modified":"2025-02-17T12:21:15","modified_gmt":"2025-02-17T11:21:15","slug":"les-joueurs-du-xv-de-france-brillent-en-top-14-entre-talent-et-ambition","status":"publish","type":"post","link":"https:\/\/sport-index.fr\/blog\/a-la-une\/les-joueurs-du-xv-de-france-brillent-en-top-14-entre-talent-et-ambition\/","title":{"rendered":"Les joueurs du XV de France brillent en Top 14 : entre talent et ambition"},"content":{"rendered":"<p>Des talents comme Micka\u00ebl Guillard et Baptiste Serin ont particuli\u00e8rement brill\u00e9, mettant ainsi la pression sur leurs co\u00e9quipiers internationaux. Guillard, pressenti comme potentiel titulaire pour le prochain match contre l&rsquo;Italie, a livr\u00e9 une performance remarquable face \u00e0 La Rochelle, tandis que Serin a une fois de plus d\u00e9montr\u00e9 son importance sur le terrain.<\/p>\n<p>Les doublons continuent de susciter des interrogations, mais pour les joueurs qui n&rsquo;ont pas \u00e9t\u00e9 retenus, chaque rencontre est une chance de marquer des points aux yeux de Fabien Galthi\u00e9. Malgr\u00e9 la liste d\u00e9j\u00e0 \u00e9tablie pour le match contre l&rsquo;Italie, certains joueurs esp\u00e8rent encore convaincre le s\u00e9lectionneur de leur faire une place dans l&rsquo;\u00e9quipe qui affrontera l\u2019Irlande ou l\u2019\u00c9cosse par la suite. Ce week-end a donc \u00e9t\u00e9 crucial pour beaucoup, car il pourrait influencer les d\u00e9cisions futures du staff technique.<\/p>\n<h2>Le retour en force de Micka\u00ebl Guillard<\/h2>\n<p>Pressenti pour int\u00e9grer la charni\u00e8re de la deuxi\u00e8me ligne, Micka\u00ebl Guillard a montr\u00e9 qu&rsquo;il pouvait \u00eatre un atout majeur pour le XV de France. Sa performance face \u00e0 La Rochelle a \u00e9t\u00e9 salu\u00e9e, avec des plaquages efficaces et une belle gestion du jeu. Guillard a su s&rsquo;imposer dans un match difficile, prouvant ainsi qu&rsquo;il m\u00e9rite sa place parmi les titulaires potentiels pour le prochain affrontement.<\/p>\n<p>Le retour de Thibaud Flament, apr\u00e8s son forfait, pose cependant des questions sur l\u2019organisation de la ligne de seconde. Guillard, avec notamment l\u2019appui de joueurs comme Hugo Auradou, a su montrer que cette position pourrait offrir de nombreuses options pour le s\u00e9lectionneur. Les performances de ces joueurs repr\u00e9sentent une belle opportunit\u00e9 de se faire remarquer et potentiellement de bouleverser la hi\u00e9rarchie \u00e9tablie au sein de l&rsquo;\u00e9quipe.<img decoding=\"async\" width=\"1024\" height=\"576\" src=\"https:\/\/sport-index.fr\/blog\/wp-content\/uploads\/2025\/02\/stability-les-joueurs-du-xv-de-france-brillent-en-top-14-entre-talent-et-ambition-1.png\" class=\"aligncenter\" alt=\"Illustration d\u00e9taill\u00e9e sur Les joueurs du XV de France brillent en Top 14 : entre talent et ambition\" title=\"Les joueurs du XV de France brillent en Top 14 : entre talent et ambition\" loading=\"lazy\" \/><\/p>\n<p><iframe loading=\"lazy\" title=\"CLERMONT, LA R\u00c9DEMPTION DU CLUB MAUDIT - LE FLASHBACK #6 - LE 1ER SACRE DE L\u2019ASM\" width=\"1200\" height=\"675\" src=\"https:\/\/www.youtube.com\/embed\/uH5wiXznP9A?feature=oembed\" frameborder=\"0\" allow=\"accelerometer; autoplay; clipboard-write; encrypted-media; gyroscope; picture-in-picture; web-share\" referrerpolicy=\"strict-origin-when-cross-origin\" allowfullscreen><\/iframe><\/p>\n<h2>Des performances collectives remarquables<\/h2>\n<p>Les matchs de Top 14 ont mis en lumi\u00e8re plusieurs joueurs qui ont excell\u00e9 ce week-end. \u00c0 l\u2019image de Maxime Lucu, les demi-de-m\u00eal\u00e9e ont su tirer leur \u00e9pingle du jeu, notamment en orchestrant le jeu avec brio. Baptiste Couilloud a \u00e9galement \u00e9t\u00e9 d\u00e9terminant lors de la rencontre, contribuant largement \u00e0 la victoire de son \u00e9quipe tout en se montrant \u00e0 l\u2019aise dans ses choix.<\/p>\n<p>Il est int\u00e9ressant de noter que ce week-end, plusieurs joueurs ont eu l&rsquo;occasion de s&rsquo;illustrer et de montrer leurs talents. Dans cette optique, la concurrence pour les places au sein de l\u2019\u00e9quipe s&rsquo;intensifie, ce qui pourrait \u00eatre b\u00e9n\u00e9fique pour le XV de France \u00e0 l&rsquo;approche des prochains matchs. Les discussions autour des choix tactiques de Galthi\u00e9 vont bon train, et il est clair que les performances individuelles jouent un r\u00f4le crucial dans ces d\u00e9cisions.<\/p>\n<ul>\n<li>Micka\u00ebl Guillard : performance solide en deuxi\u00e8me ligne<\/li>\n<li>Baptiste Serin : un demi-de-m\u00eal\u00e9e incontournable<\/li>\n<li>Maxime Lucu : un jeu de distribution impressionnant<\/li>\n<li>Hugo Auradou : un retour en gr\u00e2ce sur la pelouse<\/li>\n<li>Joshua Brennan : une prestation convaincante \u00e0 Clermont<\/li>\n<\/ul>\n<h2>Un avenir prometteur pour les Bleus<\/h2>\n<p>Les discussions autour des choix de la charni\u00e8re et des lignes arri\u00e8res sont vives. Matthieu Jalibert semble \u00eatre le choix favori pour le num\u00e9ro 10, mais la performance de L\u00e9o Berdeu pourrait bien faire pencher la balance. D\u2019autres talents, tels qu\u2019Emilien Gailleton, sont \u00e9galement en embuscade, pr\u00eats \u00e0 profiter de la moindre occasion pour se faire une place dans l\u2019\u00e9quipe.<\/p>\n<p>Avec des joueurs comme Th\u00e9o Attissogbe et Gabin Villi\u00e8re, qui continuent de prouver leur valeur, le XV de France semble avoir une multitude d&rsquo;options \u00e0 sa disposition. Chaque match de Top 14, comme celui du week-end dernier, devient donc un v\u00e9ritable tremplin pour ces joueurs d\u00e9sireux de se faire remarquer et d&rsquo;aspirer \u00e0 un avenir radieux avec le maillot bleu. Le chemin vers la s\u00e9lection pour les prochains matchs est sem\u00e9 d&#8217;emb\u00fbches, mais le talent est ind\u00e9niablement pr\u00e9sent.<\/p>\n<blockquote>\n<p>\u00ab\u00a0Chaque match est une chance de prouver sa valeur et de d\u00e9fendre ses ambitions.\u00a0\u00bb \u2013 Un joueur anonyme du XV de France.<\/p>\n<\/blockquote>\n","protected":false},"excerpt":{"rendered":"","protected":false},"author":34,"featured_media":9326,"comment_status":"open","ping_status":"open","sticky":false,"template":"","format":"standard","meta":{"_acf_changed":false,"manual_indexmenow":false,"indexmenow_id_project":0,"footnotes":""},"categories":[1],"tags":[4585,4561,4563,4539,4554],"class_list":["post-9325","post","type-post","status-publish","format-standard","has-post-thumbnail","hentry","category-a-la-une","tag-cohesion-dequipe","tag-gestion-des-talents","tag-performance-athletique","tag-top-14","tag-xv-de-france","generate-columns","tablet-grid-50","mobile-grid-100","grid-parent","grid-25"],"acf":[],"yoast_head":"<!-- This site is optimized with the Yoast SEO Premium plugin v21.3 (Yoast SEO v26.5) - https:\/\/yoast.com\/wordpress\/plugins\/seo\/ -->\n<title>Les joueurs du XV de France brillent en Top 14 : entre<\/title>\n<meta name=\"description\" content=\"Des talents comme Micka\u00ebl Guillard et Baptiste Serin ont particuli\u00e8rement brill\u00e9, mettant ainsi la pression sur leurs co\u00e9quipiers internationaux\u2026\" \/>\n<meta name=\"robots\" content=\"index, follow, max-snippet:-1, max-image-preview:large, max-video-preview:-1\" \/>\n<link rel=\"canonical\" href=\"https:\/\/sport-index.fr\/blog\/a-la-une\/les-joueurs-du-xv-de-france-brillent-en-top-14-entre-talent-et-ambition\/\" \/>\n<meta property=\"og:locale\" content=\"fr_FR\" \/>\n<meta property=\"og:type\" content=\"article\" \/>\n<meta property=\"og:title\" content=\"Les joueurs du XV de France brillent en Top 14 : entre\" \/>\n<meta property=\"og:description\" content=\"Des talents comme Micka\u00ebl Guillard et Baptiste Serin ont particuli\u00e8rement brill\u00e9, mettant ainsi la pression sur leurs co\u00e9quipiers internationaux\u2026\" \/>\n<meta property=\"og:url\" content=\"https:\/\/sport-index.fr\/blog\/a-la-une\/les-joueurs-du-xv-de-france-brillent-en-top-14-entre-talent-et-ambition\/\" \/>\n<meta property=\"og:site_name\" content=\"sport-index\" \/>\n<meta property=\"og:image\" content=\"https:\/\/sport-index.fr\/blog\/wp-content\/uploads\/2025\/02\/stability-les-joueurs-du-xv-de-france-brillent-en-top-14-entre-talent-et-ambition.png\" \/>\n\t<meta property=\"og:image:width\" content=\"1024\" \/>\n\t<meta property=\"og:image:height\" content=\"576\" \/>\n\t<meta property=\"og:image:type\" content=\"image\/png\" \/>\n<meta name=\"author\" content=\"Axel Lauzier\" \/>\n<meta name=\"twitter:card\" content=\"summary_large_image\" \/>\n<script type=\"application\/ld+json\" class=\"yoast-schema-graph\">{\"@context\":\"https:\/\/schema.org\",\"@graph\":[{\"@type\":\"NewsArticle\",\"@id\":\"https:\/\/sport-index.fr\/blog\/a-la-une\/les-joueurs-du-xv-de-france-brillent-en-top-14-entre-talent-et-ambition\/#article\",\"isPartOf\":{\"@id\":\"https:\/\/sport-index.fr\/blog\/a-la-une\/les-joueurs-du-xv-de-france-brillent-en-top-14-entre-talent-et-ambition\/\"},\"author\":{\"name\":\"Axel Lauzier\",\"@id\":\"https:\/\/sport-index.fr\/blog\/#\/schema\/person\/3c864cdc320801e3db34b663e7e3f816\"},\"headline\":\"Les joueurs du XV de France brillent en Top 14 : entre talent et ambition\",\"datePublished\":\"2025-02-19T09:46:31+00:00\",\"mainEntityOfPage\":{\"@id\":\"https:\/\/sport-index.fr\/blog\/a-la-une\/les-joueurs-du-xv-de-france-brillent-en-top-14-entre-talent-et-ambition\/\"},\"wordCount\":691,\"commentCount\":17,\"publisher\":{\"@id\":\"https:\/\/sport-index.fr\/blog\/#organization\"},\"image\":{\"@id\":\"https:\/\/sport-index.fr\/blog\/a-la-une\/les-joueurs-du-xv-de-france-brillent-en-top-14-entre-talent-et-ambition\/#primaryimage\"},\"thumbnailUrl\":\"https:\/\/sport-index.fr\/blog\/wp-content\/uploads\/2025\/02\/stability-les-joueurs-du-xv-de-france-brillent-en-top-14-entre-talent-et-ambition.png\",\"keywords\":[\"Coh\u00e9sion d'\u00c9quipe\",\"Gestion des Talents\",\"Performance Athl\u00e9tique\",\"Top 14\",\"XV de France\"],\"articleSection\":[\"\u00c0 la une\"],\"inLanguage\":\"fr-FR\",\"potentialAction\":[{\"@type\":\"CommentAction\",\"name\":\"Comment\",\"target\":[\"https:\/\/sport-index.fr\/blog\/a-la-une\/les-joueurs-du-xv-de-france-brillent-en-top-14-entre-talent-et-ambition\/#respond\"]}]},{\"@type\":\"WebPage\",\"@id\":\"https:\/\/sport-index.fr\/blog\/a-la-une\/les-joueurs-du-xv-de-france-brillent-en-top-14-entre-talent-et-ambition\/\",\"url\":\"https:\/\/sport-index.fr\/blog\/a-la-une\/les-joueurs-du-xv-de-france-brillent-en-top-14-entre-talent-et-ambition\/\",\"name\":\"Les joueurs du XV de France brillent en Top 14 : entre\",\"isPartOf\":{\"@id\":\"https:\/\/sport-index.fr\/blog\/#website\"},\"primaryImageOfPage\":{\"@id\":\"https:\/\/sport-index.fr\/blog\/a-la-une\/les-joueurs-du-xv-de-france-brillent-en-top-14-entre-talent-et-ambition\/#primaryimage\"},\"image\":{\"@id\":\"https:\/\/sport-index.fr\/blog\/a-la-une\/les-joueurs-du-xv-de-france-brillent-en-top-14-entre-talent-et-ambition\/#primaryimage\"},\"thumbnailUrl\":\"https:\/\/sport-index.fr\/blog\/wp-content\/uploads\/2025\/02\/stability-les-joueurs-du-xv-de-france-brillent-en-top-14-entre-talent-et-ambition.png\",\"datePublished\":\"2025-02-19T09:46:31+00:00\",\"description\":\"Des talents comme Micka\u00ebl Guillard et Baptiste Serin ont particuli\u00e8rement brill\u00e9, mettant ainsi la pression sur leurs co\u00e9quipiers internationaux\u2026\",\"inLanguage\":\"fr-FR\",\"potentialAction\":[{\"@type\":\"ReadAction\",\"target\":[\"https:\/\/sport-index.fr\/blog\/a-la-une\/les-joueurs-du-xv-de-france-brillent-en-top-14-entre-talent-et-ambition\/\"]}]},{\"@type\":\"ImageObject\",\"inLanguage\":\"fr-FR\",\"@id\":\"https:\/\/sport-index.fr\/blog\/a-la-une\/les-joueurs-du-xv-de-france-brillent-en-top-14-entre-talent-et-ambition\/#primaryimage\",\"url\":\"https:\/\/sport-index.fr\/blog\/wp-content\/uploads\/2025\/02\/stability-les-joueurs-du-xv-de-france-brillent-en-top-14-entre-talent-et-ambition.png\",\"contentUrl\":\"https:\/\/sport-index.fr\/blog\/wp-content\/uploads\/2025\/02\/stability-les-joueurs-du-xv-de-france-brillent-en-top-14-entre-talent-et-ambition.png\",\"width\":1024,\"height\":576},{\"@type\":\"WebSite\",\"@id\":\"https:\/\/sport-index.fr\/blog\/#website\",\"url\":\"https:\/\/sport-index.fr\/blog\/\",\"name\":\"sport-index.fr\",\"description\":\"Le score de l\u2019analyse sportive.\",\"publisher\":{\"@id\":\"https:\/\/sport-index.fr\/blog\/#organization\"},\"alternateName\":\"Le score de l\u2019analyse sportive.\",\"potentialAction\":[{\"@type\":\"SearchAction\",\"target\":{\"@type\":\"EntryPoint\",\"urlTemplate\":\"https:\/\/sport-index.fr\/blog\/?s={search_term_string}\"},\"query-input\":{\"@type\":\"PropertyValueSpecification\",\"valueRequired\":true,\"valueName\":\"search_term_string\"}}],\"inLanguage\":\"fr-FR\"},{\"@type\":\"Organization\",\"@id\":\"https:\/\/sport-index.fr\/blog\/#organization\",\"name\":\"Foretsensations.fr\",\"url\":\"https:\/\/sport-index.fr\/blog\/\",\"logo\":{\"@type\":\"ImageObject\",\"inLanguage\":\"fr-FR\",\"@id\":\"https:\/\/sport-index.fr\/blog\/#\/schema\/logo\/image\/\",\"url\":\"https:\/\/sport-index.fr\/blog\/wp-content\/uploads\/2026\/07\/logo-auto.png\",\"contentUrl\":\"https:\/\/sport-index.fr\/blog\/wp-content\/uploads\/2026\/07\/logo-auto.png\",\"width\":1024,\"height\":1024,\"caption\":\"Foretsensations.fr\"},\"image\":{\"@id\":\"https:\/\/sport-index.fr\/blog\/#\/schema\/logo\/image\/\"}},{\"@type\":\"Person\",\"@id\":\"https:\/\/sport-index.fr\/blog\/#\/schema\/person\/3c864cdc320801e3db34b663e7e3f816\",\"name\":\"Axel Lauzier\",\"image\":{\"@type\":\"ImageObject\",\"inLanguage\":\"fr-FR\",\"@id\":\"https:\/\/sport-index.fr\/blog\/#\/schema\/person\/image\/\",\"url\":\"https:\/\/sport-index.fr\/blog\/wp-content\/uploads\/2026\/06\/persona_axel-l-96x96.jpg\",\"contentUrl\":\"https:\/\/sport-index.fr\/blog\/wp-content\/uploads\/2026\/06\/persona_axel-l-96x96.jpg\",\"caption\":\"Axel Lauzier\"},\"description\":\"Le sport rythme mon quotidien depuis l'enfance, et j'en ai fait mon m\u00e9tier d'analyste r\u00e9dactionnel il y a une dizaine d'ann\u00e9es. Je couvre principalement le football, son actualit\u00e9, ses transferts et l'analyse tactique des grandes affiches, mais aussi les disciplines plus confidentielles que j'aime remettre en lumi\u00e8re. Une partie de mon travail porte sur les pronostics et la lecture statistique d'un match : forme des \u00e9quipes, historique des confrontations, compositions, sans jamais vendre de fausse certitude. Je rappelle syst\u00e9matiquement que parier comporte un risque et doit rester un loisir ma\u00eetris\u00e9. Avant de signer une analyse, je v\u00e9rifie mes chiffres, je recoupe les compositions probables et je distingue toujours la donn\u00e9e brute de l'intuition. Mon objectif : offrir une lecture honn\u00eate et argument\u00e9e, pas un ticket gagnant garanti.\",\"sameAs\":[\"https:\/\/axellauzier.fr\/\"],\"url\":\"https:\/\/sport-index.fr\/blog\/auteur\/noname\/\"}]}<\/script>\n<!-- \/ Yoast SEO Premium plugin. -->","yoast_head_json":{"title":"Les joueurs du XV de France brillent en Top 14 : entre","description":"Des talents comme Micka\u00ebl Guillard et Baptiste Serin ont particuli\u00e8rement brill\u00e9, mettant ainsi la pression sur leurs co\u00e9quipiers internationaux\u2026","robots":{"index":"index","follow":"follow","max-snippet":"max-snippet:-1","max-image-preview":"max-image-preview:large","max-video-preview":"max-video-preview:-1"},"canonical":"https:\/\/sport-index.fr\/blog\/a-la-une\/les-joueurs-du-xv-de-france-brillent-en-top-14-entre-talent-et-ambition\/","og_locale":"fr_FR","og_type":"article","og_title":"Les joueurs du XV de France brillent en Top 14 : entre","og_description":"Des talents comme Micka\u00ebl Guillard et Baptiste Serin ont particuli\u00e8rement brill\u00e9, mettant ainsi la pression sur leurs co\u00e9quipiers internationaux\u2026","og_url":"https:\/\/sport-index.fr\/blog\/a-la-une\/les-joueurs-du-xv-de-france-brillent-en-top-14-entre-talent-et-ambition\/","og_site_name":"sport-index","og_image":[{"width":1024,"height":576,"url":"https:\/\/sport-index.fr\/blog\/wp-content\/uploads\/2025\/02\/stability-les-joueurs-du-xv-de-france-brillent-en-top-14-entre-talent-et-ambition.png","type":"image\/png"}],"author":"Axel Lauzier","twitter_card":"summary_large_image","schema":{"@context":"https:\/\/schema.org","@graph":[{"@type":"NewsArticle","@id":"https:\/\/sport-index.fr\/blog\/a-la-une\/les-joueurs-du-xv-de-france-brillent-en-top-14-entre-talent-et-ambition\/#article","isPartOf":{"@id":"https:\/\/sport-index.fr\/blog\/a-la-une\/les-joueurs-du-xv-de-france-brillent-en-top-14-entre-talent-et-ambition\/"},"author":{"name":"Axel Lauzier","@id":"https:\/\/sport-index.fr\/blog\/#\/schema\/person\/3c864cdc320801e3db34b663e7e3f816"},"headline":"Les joueurs du XV de France brillent en Top 14 : entre talent et ambition","datePublished":"2025-02-19T09:46:31+00:00","mainEntityOfPage":{"@id":"https:\/\/sport-index.fr\/blog\/a-la-une\/les-joueurs-du-xv-de-france-brillent-en-top-14-entre-talent-et-ambition\/"},"wordCount":691,"commentCount":17,"publisher":{"@id":"https:\/\/sport-index.fr\/blog\/#organization"},"image":{"@id":"https:\/\/sport-index.fr\/blog\/a-la-une\/les-joueurs-du-xv-de-france-brillent-en-top-14-entre-talent-et-ambition\/#primaryimage"},"thumbnailUrl":"https:\/\/sport-index.fr\/blog\/wp-content\/uploads\/2025\/02\/stability-les-joueurs-du-xv-de-france-brillent-en-top-14-entre-talent-et-ambition.png","keywords":["Coh\u00e9sion d'\u00c9quipe","Gestion des Talents","Performance Athl\u00e9tique","Top 14","XV de France"],"articleSection":["\u00c0 la une"],"inLanguage":"fr-FR","potentialAction":[{"@type":"CommentAction","name":"Comment","target":["https:\/\/sport-index.fr\/blog\/a-la-une\/les-joueurs-du-xv-de-france-brillent-en-top-14-entre-talent-et-ambition\/#respond"]}]},{"@type":"WebPage","@id":"https:\/\/sport-index.fr\/blog\/a-la-une\/les-joueurs-du-xv-de-france-brillent-en-top-14-entre-talent-et-ambition\/","url":"https:\/\/sport-index.fr\/blog\/a-la-une\/les-joueurs-du-xv-de-france-brillent-en-top-14-entre-talent-et-ambition\/","name":"Les joueurs du XV de France brillent en Top 14 : entre","isPartOf":{"@id":"https:\/\/sport-index.fr\/blog\/#website"},"primaryImageOfPage":{"@id":"https:\/\/sport-index.fr\/blog\/a-la-une\/les-joueurs-du-xv-de-france-brillent-en-top-14-entre-talent-et-ambition\/#primaryimage"},"image":{"@id":"https:\/\/sport-index.fr\/blog\/a-la-une\/les-joueurs-du-xv-de-france-brillent-en-top-14-entre-talent-et-ambition\/#primaryimage"},"thumbnailUrl":"https:\/\/sport-index.fr\/blog\/wp-content\/uploads\/2025\/02\/stability-les-joueurs-du-xv-de-france-brillent-en-top-14-entre-talent-et-ambition.png","datePublished":"2025-02-19T09:46:31+00:00","description":"Des talents comme Micka\u00ebl Guillard et Baptiste Serin ont particuli\u00e8rement brill\u00e9, mettant ainsi la pression sur leurs co\u00e9quipiers internationaux\u2026","inLanguage":"fr-FR","potentialAction":[{"@type":"ReadAction","target":["https:\/\/sport-index.fr\/blog\/a-la-une\/les-joueurs-du-xv-de-france-brillent-en-top-14-entre-talent-et-ambition\/"]}]},{"@type":"ImageObject","inLanguage":"fr-FR","@id":"https:\/\/sport-index.fr\/blog\/a-la-une\/les-joueurs-du-xv-de-france-brillent-en-top-14-entre-talent-et-ambition\/#primaryimage","url":"https:\/\/sport-index.fr\/blog\/wp-content\/uploads\/2025\/02\/stability-les-joueurs-du-xv-de-france-brillent-en-top-14-entre-talent-et-ambition.png","contentUrl":"https:\/\/sport-index.fr\/blog\/wp-content\/uploads\/2025\/02\/stability-les-joueurs-du-xv-de-france-brillent-en-top-14-entre-talent-et-ambition.png","width":1024,"height":576},{"@type":"WebSite","@id":"https:\/\/sport-index.fr\/blog\/#website","url":"https:\/\/sport-index.fr\/blog\/","name":"sport-index.fr","description":"Le score de l\u2019analyse sportive.","publisher":{"@id":"https:\/\/sport-index.fr\/blog\/#organization"},"alternateName":"Le score de l\u2019analyse sportive.","potentialAction":[{"@type":"SearchAction","target":{"@type":"EntryPoint","urlTemplate":"https:\/\/sport-index.fr\/blog\/?s={search_term_string}"},"query-input":{"@type":"PropertyValueSpecification","valueRequired":true,"valueName":"search_term_string"}}],"inLanguage":"fr-FR"},{"@type":"Organization","@id":"https:\/\/sport-index.fr\/blog\/#organization","name":"Foretsensations.fr","url":"https:\/\/sport-index.fr\/blog\/","logo":{"@type":"ImageObject","inLanguage":"fr-FR","@id":"https:\/\/sport-index.fr\/blog\/#\/schema\/logo\/image\/","url":"https:\/\/sport-index.fr\/blog\/wp-content\/uploads\/2026\/07\/logo-auto.png","contentUrl":"https:\/\/sport-index.fr\/blog\/wp-content\/uploads\/2026\/07\/logo-auto.png","width":1024,"height":1024,"caption":"Foretsensations.fr"},"image":{"@id":"https:\/\/sport-index.fr\/blog\/#\/schema\/logo\/image\/"}},{"@type":"Person","@id":"https:\/\/sport-index.fr\/blog\/#\/schema\/person\/3c864cdc320801e3db34b663e7e3f816","name":"Axel Lauzier","image":{"@type":"ImageObject","inLanguage":"fr-FR","@id":"https:\/\/sport-index.fr\/blog\/#\/schema\/person\/image\/","url":"https:\/\/sport-index.fr\/blog\/wp-content\/uploads\/2026\/06\/persona_axel-l-96x96.jpg","contentUrl":"https:\/\/sport-index.fr\/blog\/wp-content\/uploads\/2026\/06\/persona_axel-l-96x96.jpg","caption":"Axel Lauzier"},"description":"Le sport rythme mon quotidien depuis l'enfance, et j'en ai fait mon m\u00e9tier d'analyste r\u00e9dactionnel il y a une dizaine d'ann\u00e9es. Je couvre principalement le football, son actualit\u00e9, ses transferts et l'analyse tactique des grandes affiches, mais aussi les disciplines plus confidentielles que j'aime remettre en lumi\u00e8re. Une partie de mon travail porte sur les pronostics et la lecture statistique d'un match : forme des \u00e9quipes, historique des confrontations, compositions, sans jamais vendre de fausse certitude. Je rappelle syst\u00e9matiquement que parier comporte un risque et doit rester un loisir ma\u00eetris\u00e9. Avant de signer une analyse, je v\u00e9rifie mes chiffres, je recoupe les compositions probables et je distingue toujours la donn\u00e9e brute de l'intuition. Mon objectif : offrir une lecture honn\u00eate et argument\u00e9e, pas un ticket gagnant garanti.","sameAs":["https:\/\/axellauzier.fr\/"],"url":"https:\/\/sport-index.fr\/blog\/auteur\/noname\/"}]}},"_links":{"self":[{"href":"https:\/\/sport-index.fr\/blog\/wp-json\/wp\/v2\/posts\/9325","targetHints":{"allow":["GET"]}}],"collection":[{"href":"https:\/\/sport-index.fr\/blog\/wp-json\/wp\/v2\/posts"}],"about":[{"href":"https:\/\/sport-index.fr\/blog\/wp-json\/wp\/v2\/types\/post"}],"author":[{"embeddable":true,"href":"https:\/\/sport-index.fr\/blog\/wp-json\/wp\/v2\/users\/34"}],"replies":[{"embeddable":true,"href":"https:\/\/sport-index.fr\/blog\/wp-json\/wp\/v2\/comments?post=9325"}],"version-history":[{"count":2,"href":"https:\/\/sport-index.fr\/blog\/wp-json\/wp\/v2\/posts\/9325\/revisions"}],"predecessor-version":[{"id":9641,"href":"https:\/\/sport-index.fr\/blog\/wp-json\/wp\/v2\/posts\/9325\/revisions\/9641"}],"wp:featuredmedia":[{"embeddable":true,"href":"https:\/\/sport-index.fr\/blog\/wp-json\/wp\/v2\/media\/9326"}],"wp:attachment":[{"href":"https:\/\/sport-index.fr\/blog\/wp-json\/wp\/v2\/media?parent=9325"}],"wp:term":[{"taxonomy":"category","embeddable":true,"href":"https:\/\/sport-index.fr\/blog\/wp-json\/wp\/v2\/categories?post=9325"},{"taxonomy":"post_tag","embeddable":true,"href":"https:\/\/sport-index.fr\/blog\/wp-json\/wp\/v2\/tags?post=9325"}],"curies":[{"name":"wp","href":"https:\/\/api.w.org\/{rel}","templated":true}]}}