{"id":9358,"date":"2026-09-02T10:00:21","date_gmt":"2026-09-02T08:00:21","guid":{"rendered":"https:\/\/sport-index.fr\/blog\/?p=9358"},"modified":"2026-09-02T10:01:14","modified_gmt":"2026-09-02T08:01:14","slug":"la-reprise-de-tadej-pogacar-au-sommet-du-peloton-lors-de-luae-tour","status":"publish","type":"post","link":"https:\/\/sport-index.fr\/blog\/a-la-une\/la-reprise-de-tadej-pogacar-au-sommet-du-peloton-lors-de-luae-tour\/","title":{"rendered":"La reprise de Tadej Pogacar au sommet du peloton lors de l&rsquo;UAE Tour"},"content":{"rendered":"<h2>Un retour attendu sur la sc\u00e8ne cycliste<\/h2>\n<p><em>Publi\u00e9 le 17 f\u00e9vrier 2025 \u00b7 rev\u00e9rifi\u00e9 le 2 septembre 2026.<\/em><\/p>\n<p>Tadej Pogacar, le talentueux cycliste slov\u00e8ne, a fait son grand retour lors de l&rsquo;\u00e9tape inaugurale de l&rsquo;UAE Tour 2025. Apr\u00e8s une pause, tous les regards \u00e9taient tourn\u00e9s vers lui, impatient de voir comment il allait se comporter dans cette premi\u00e8re course de la saison. \u00c0 26 ans, Pogacar a prouv\u00e9 une fois de plus qu&rsquo;il est l&rsquo;un des coureurs les plus redout\u00e9s du peloton.<br \/>\nLors de cette premi\u00e8re \u00e9tape, qui s&rsquo;est d\u00e9roul\u00e9e \u00e0 Liwa, il a montr\u00e9 son agilit\u00e9 et sa d\u00e9termination en prenant les devants \u00e0 37 kilom\u00e8tres de l\u2019arriv\u00e9e. Bien qu&rsquo;il n&rsquo;ait pas r\u00e9ussi \u00e0 cr\u00e9er un \u00e9cart significatif, sa pr\u00e9sence \u00e0 l\u2019avant du peloton a mis la pression sur ses concurrents, rappelant \u00e0 tous ses capacit\u00e9s impressionnantes.<br \/>\n<iframe loading=\"lazy\" title=\"Grand Prix Cycliste de Marseille, La Marseillaise 2023\" width=\"1200\" height=\"675\" src=\"https:\/\/www.youtube.com\/embed\/RqL-fWBp3MY?feature=oembed\" frameborder=\"0\" allow=\"accelerometer; autoplay; clipboard-write; encrypted-media; gyroscope; picture-in-picture; web-share\" referrerpolicy=\"strict-origin-when-cross-origin\" allowfullscreen><\/iframe><\/p>\n<p><em>Note : la vid\u00e9o int\u00e9gr\u00e9e ci-dessus, intitul\u00e9e \u00ab Grand Prix Cycliste de Marseille, La Marseillaise 2023 \u00bb, ne montre pas l&rsquo;\u00e9tape de l&rsquo;UAE Tour 2025 mais une autre course, disput\u00e9e en 2023 \u00e0 Marseille.<\/em><\/p>\n<h2>Une strat\u00e9gie de course bien pens\u00e9e<\/h2>\n<p>La formation UAE Team Emirates a fait preuve d&rsquo;une strat\u00e9gie efficace pour soutenir Pogacar tout au long de la course. En pla\u00e7ant leurs coureurs aux positions cl\u00e9s, ils ont r\u00e9ussi \u00e0 maintenir un rythme soutenu, exer\u00e7ant une l\u00e9g\u00e8re pression sur le peloton. Cela a permis \u00e0 Pogacar de se concentrer sur sa performance tout en b\u00e9n\u00e9ficiant d\u2019une protection strat\u00e9gique.<br \/>\nLe finish en c\u00f4te \u00e9tait particuli\u00e8rement adapt\u00e9 \u00e0 son style de course. Les spectateurs ont pu voir comment Pogacar a anticip\u00e9 les mouvements de ses adversaires, d\u00e9montrant ainsi son expertise en mati\u00e8re de tactique de course, m\u00eame sans avoir pu s\u2019imposer lors de cette premi\u00e8re \u00e9tape.<\/p>\n<h2>Les attentes pour le reste de la saison<\/h2>\n<p>Avec un retour aussi prometteur, les attentes sont \u00e9lev\u00e9es pour le reste de la saison de Tadej Pogacar. Les fans de cyclisme esp\u00e8rent le voir continuer \u00e0 performer \u00e0 ce niveau tout au long de l&rsquo;UAE Tour. Son parcours et ses performances dans les prochaines \u00e9tapes seront scrut\u00e9s avec attention, car il est un pr\u00e9tendant s\u00e9rieux pour le titre.<br \/>\nLa concurrence s&rsquo;annonce f\u00e9roce, mais Pogacar a prouv\u00e9 qu&rsquo;il sait g\u00e9rer la pression. Au sprint final de cette premi\u00e8re \u00e9tape, c&rsquo;est l&rsquo;Italien Jonathan Milan qui s&rsquo;impose ; Pogacar termine 10e, dans le m\u00eame temps que le vainqueur, sans avoir pu concr\u00e9tiser son offensive lanc\u00e9e \u00e0 37 kilom\u00e8tres de l&rsquo;arriv\u00e9e.<\/p>\n<ul>\n<li>Tadej Pogacar a repris la comp\u00e9tition lors de l&rsquo;UAE Tour 2025.<\/li>\n<li>Il a pris la t\u00eate du peloton \u00e0 37 km de l\u2019arriv\u00e9e.<\/li>\n<li>Il termine 10e de l&rsquo;\u00e9tape, dans le m\u00eame temps que le vainqueur Jonathan Milan.<\/li>\n<li>Le finish en c\u00f4te \u00e9tait particuli\u00e8rement adapt\u00e9 \u00e0 ses comp\u00e9tences.<\/li>\n<li>Les attentes sont \u00e9lev\u00e9es pour le reste de sa saison.<\/li>\n<li>La strat\u00e9gie de l&rsquo;\u00e9quipe UAE a \u00e9t\u00e9 utile lors de cette premi\u00e8re \u00e9tape.<\/li>\n<\/ul>\n<p>En somme, le retour de Tadej Pogacar sur les routes du cyclisme professionnel est un sujet qui passionne les amateurs de la discipline. Les prochaines \u00e9tapes de l&rsquo;UAE Tour seront d\u00e9terminantes pour \u00e9valuer ses performances et ses ambitions pour cette saison. Avec son talent ind\u00e9niable et son esprit de comp\u00e9tition, Pogacar est pr\u00eat \u00e0 relever tous les d\u00e9fis qui l&rsquo;attendent.<img decoding=\"async\" width=\"1024\" height=\"576\" src=\"https:\/\/sport-index.fr\/blog\/wp-content\/uploads\/2025\/02\/stability-la-reprise-de-tadej-pogacar-au-sommet-du-peloton-lors-de-luae-tour-1.png\" class=\"aligncenter\" alt=\"Illustration d\u00e9taill\u00e9e sur la reprise de tadej pogacar au sommet du peloton lors de l&#039;uae tour\" title=\"la reprise de tadej pogacar au sommet du peloton lors de l&#039;uae tour\" loading=\"lazy\" \/><\/p>\n","protected":false},"excerpt":{"rendered":"","protected":false},"author":34,"featured_media":9359,"comment_status":"open","ping_status":"open","sticky":false,"template":"","format":"standard","meta":{"_acf_changed":false,"manual_indexmenow":false,"indexmenow_id_project":0,"footnotes":""},"categories":[1],"tags":[4745,4559,4632],"class_list":["post-9358","post","type-post","status-publish","format-standard","has-post-thumbnail","hentry","category-a-la-une","tag-competition","tag-cyclisme","tag-performance-sportive","generate-columns","tablet-grid-50","mobile-grid-100","grid-parent","grid-25"],"acf":[],"yoast_head":"<!-- This site is optimized with the Yoast SEO Premium plugin v21.3 (Yoast SEO v26.5) - https:\/\/yoast.com\/wordpress\/plugins\/seo\/ -->\n<title>La reprise de Tadej Pogacar au sommet du peloton lors de l&#039;UAE Tour<\/title>\n<meta name=\"description\" content=\"Un retour attendu sur la sc\u00e8ne cycliste Tadej Pogacar, le talentueux cycliste slov\u00e8ne, a fait son grand retour lors de l&#039;\u00e9tape inaugurale de l&#039;UAE Tour\u2026\" \/>\n<meta name=\"robots\" content=\"index, follow, max-snippet:-1, max-image-preview:large, max-video-preview:-1\" \/>\n<link rel=\"canonical\" href=\"https:\/\/sport-index.fr\/blog\/a-la-une\/la-reprise-de-tadej-pogacar-au-sommet-du-peloton-lors-de-luae-tour\/\" \/>\n<meta property=\"og:locale\" content=\"fr_FR\" \/>\n<meta property=\"og:type\" content=\"article\" \/>\n<meta property=\"og:title\" content=\"La reprise de Tadej Pogacar au sommet du peloton lors de l&#039;UAE Tour\" \/>\n<meta property=\"og:description\" content=\"Un retour attendu sur la sc\u00e8ne cycliste Tadej Pogacar, le talentueux cycliste slov\u00e8ne, a fait son grand retour lors de l&#039;\u00e9tape inaugurale de l&#039;UAE Tour\u2026\" \/>\n<meta property=\"og:url\" content=\"https:\/\/sport-index.fr\/blog\/a-la-une\/la-reprise-de-tadej-pogacar-au-sommet-du-peloton-lors-de-luae-tour\/\" \/>\n<meta property=\"og:site_name\" content=\"sport-index\" \/>\n<meta property=\"og:image\" content=\"https:\/\/sport-index.fr\/blog\/wp-content\/uploads\/2025\/02\/stability-la-reprise-de-tadej-pogacar-au-sommet-du-peloton-lors-de-luae-tour.png\" \/>\n\t<meta property=\"og:image:width\" content=\"1024\" \/>\n\t<meta property=\"og:image:height\" content=\"576\" \/>\n\t<meta property=\"og:image:type\" content=\"image\/png\" \/>\n<meta name=\"author\" content=\"Axel Lauzier\" \/>\n<meta name=\"twitter:card\" content=\"summary_large_image\" \/>\n<script type=\"application\/ld+json\" class=\"yoast-schema-graph\">{\"@context\":\"https:\/\/schema.org\",\"@graph\":[{\"@type\":\"NewsArticle\",\"@id\":\"https:\/\/sport-index.fr\/blog\/a-la-une\/la-reprise-de-tadej-pogacar-au-sommet-du-peloton-lors-de-luae-tour\/#article\",\"isPartOf\":{\"@id\":\"https:\/\/sport-index.fr\/blog\/a-la-une\/la-reprise-de-tadej-pogacar-au-sommet-du-peloton-lors-de-luae-tour\/\"},\"author\":{\"name\":\"Axel Lauzier\",\"@id\":\"https:\/\/sport-index.fr\/blog\/#\/schema\/person\/3c864cdc320801e3db34b663e7e3f816\"},\"headline\":\"La reprise de Tadej Pogacar au sommet du peloton lors de l&rsquo;UAE Tour\",\"datePublished\":\"2026-09-02T08:00:21+00:00\",\"dateModified\":\"2026-09-02T08:01:14+00:00\",\"mainEntityOfPage\":{\"@id\":\"https:\/\/sport-index.fr\/blog\/a-la-une\/la-reprise-de-tadej-pogacar-au-sommet-du-peloton-lors-de-luae-tour\/\"},\"wordCount\":610,\"commentCount\":18,\"publisher\":{\"@id\":\"https:\/\/sport-index.fr\/blog\/#organization\"},\"image\":{\"@id\":\"https:\/\/sport-index.fr\/blog\/a-la-une\/la-reprise-de-tadej-pogacar-au-sommet-du-peloton-lors-de-luae-tour\/#primaryimage\"},\"thumbnailUrl\":\"https:\/\/sport-index.fr\/blog\/wp-content\/uploads\/2025\/02\/stability-la-reprise-de-tadej-pogacar-au-sommet-du-peloton-lors-de-luae-tour.png\",\"keywords\":[\"Comp\u00e9tition\",\"Cyclisme\",\"Performance sportive\"],\"articleSection\":[\"\u00c0 la une\"],\"inLanguage\":\"fr-FR\",\"potentialAction\":[{\"@type\":\"CommentAction\",\"name\":\"Comment\",\"target\":[\"https:\/\/sport-index.fr\/blog\/a-la-une\/la-reprise-de-tadej-pogacar-au-sommet-du-peloton-lors-de-luae-tour\/#respond\"]}]},{\"@type\":\"WebPage\",\"@id\":\"https:\/\/sport-index.fr\/blog\/a-la-une\/la-reprise-de-tadej-pogacar-au-sommet-du-peloton-lors-de-luae-tour\/\",\"url\":\"https:\/\/sport-index.fr\/blog\/a-la-une\/la-reprise-de-tadej-pogacar-au-sommet-du-peloton-lors-de-luae-tour\/\",\"name\":\"La reprise de Tadej Pogacar au sommet du peloton lors de l'UAE Tour\",\"isPartOf\":{\"@id\":\"https:\/\/sport-index.fr\/blog\/#website\"},\"primaryImageOfPage\":{\"@id\":\"https:\/\/sport-index.fr\/blog\/a-la-une\/la-reprise-de-tadej-pogacar-au-sommet-du-peloton-lors-de-luae-tour\/#primaryimage\"},\"image\":{\"@id\":\"https:\/\/sport-index.fr\/blog\/a-la-une\/la-reprise-de-tadej-pogacar-au-sommet-du-peloton-lors-de-luae-tour\/#primaryimage\"},\"thumbnailUrl\":\"https:\/\/sport-index.fr\/blog\/wp-content\/uploads\/2025\/02\/stability-la-reprise-de-tadej-pogacar-au-sommet-du-peloton-lors-de-luae-tour.png\",\"datePublished\":\"2026-09-02T08:00:21+00:00\",\"dateModified\":\"2026-09-02T08:01:14+00:00\",\"description\":\"Un retour attendu sur la sc\u00e8ne cycliste Tadej Pogacar, le talentueux cycliste slov\u00e8ne, a fait son grand retour lors de l'\u00e9tape inaugurale de l'UAE Tour\u2026\",\"inLanguage\":\"fr-FR\",\"potentialAction\":[{\"@type\":\"ReadAction\",\"target\":[\"https:\/\/sport-index.fr\/blog\/a-la-une\/la-reprise-de-tadej-pogacar-au-sommet-du-peloton-lors-de-luae-tour\/\"]}]},{\"@type\":\"ImageObject\",\"inLanguage\":\"fr-FR\",\"@id\":\"https:\/\/sport-index.fr\/blog\/a-la-une\/la-reprise-de-tadej-pogacar-au-sommet-du-peloton-lors-de-luae-tour\/#primaryimage\",\"url\":\"https:\/\/sport-index.fr\/blog\/wp-content\/uploads\/2025\/02\/stability-la-reprise-de-tadej-pogacar-au-sommet-du-peloton-lors-de-luae-tour.png\",\"contentUrl\":\"https:\/\/sport-index.fr\/blog\/wp-content\/uploads\/2025\/02\/stability-la-reprise-de-tadej-pogacar-au-sommet-du-peloton-lors-de-luae-tour.png\",\"width\":1024,\"height\":576},{\"@type\":\"WebSite\",\"@id\":\"https:\/\/sport-index.fr\/blog\/#website\",\"url\":\"https:\/\/sport-index.fr\/blog\/\",\"name\":\"sport-index.fr\",\"description\":\"Le score de l\u2019analyse sportive.\",\"publisher\":{\"@id\":\"https:\/\/sport-index.fr\/blog\/#organization\"},\"alternateName\":\"Le score de l\u2019analyse sportive.\",\"potentialAction\":[{\"@type\":\"SearchAction\",\"target\":{\"@type\":\"EntryPoint\",\"urlTemplate\":\"https:\/\/sport-index.fr\/blog\/?s={search_term_string}\"},\"query-input\":{\"@type\":\"PropertyValueSpecification\",\"valueRequired\":true,\"valueName\":\"search_term_string\"}}],\"inLanguage\":\"fr-FR\"},{\"@type\":\"Organization\",\"@id\":\"https:\/\/sport-index.fr\/blog\/#organization\",\"name\":\"Foretsensations.fr\",\"url\":\"https:\/\/sport-index.fr\/blog\/\",\"logo\":{\"@type\":\"ImageObject\",\"inLanguage\":\"fr-FR\",\"@id\":\"https:\/\/sport-index.fr\/blog\/#\/schema\/logo\/image\/\",\"url\":\"https:\/\/sport-index.fr\/blog\/wp-content\/uploads\/2026\/07\/logo-auto.png\",\"contentUrl\":\"https:\/\/sport-index.fr\/blog\/wp-content\/uploads\/2026\/07\/logo-auto.png\",\"width\":1024,\"height\":1024,\"caption\":\"Foretsensations.fr\"},\"image\":{\"@id\":\"https:\/\/sport-index.fr\/blog\/#\/schema\/logo\/image\/\"}},{\"@type\":\"Person\",\"@id\":\"https:\/\/sport-index.fr\/blog\/#\/schema\/person\/3c864cdc320801e3db34b663e7e3f816\",\"name\":\"Axel Lauzier\",\"image\":{\"@type\":\"ImageObject\",\"inLanguage\":\"fr-FR\",\"@id\":\"https:\/\/sport-index.fr\/blog\/#\/schema\/person\/image\/\",\"url\":\"https:\/\/sport-index.fr\/blog\/wp-content\/uploads\/2026\/06\/persona_axel-l-96x96.jpg\",\"contentUrl\":\"https:\/\/sport-index.fr\/blog\/wp-content\/uploads\/2026\/06\/persona_axel-l-96x96.jpg\",\"caption\":\"Axel Lauzier\"},\"description\":\"Le sport rythme mon quotidien depuis l'enfance, et j'en ai fait mon m\u00e9tier d'analyste r\u00e9dactionnel il y a une dizaine d'ann\u00e9es. Je couvre principalement le football, son actualit\u00e9, ses transferts et l'analyse tactique des grandes affiches, mais aussi les disciplines plus confidentielles que j'aime remettre en lumi\u00e8re. Une partie de mon travail porte sur les pronostics et la lecture statistique d'un match : forme des \u00e9quipes, historique des confrontations, compositions, sans jamais vendre de fausse certitude. Je rappelle syst\u00e9matiquement que parier comporte un risque et doit rester un loisir ma\u00eetris\u00e9. Avant de signer une analyse, je v\u00e9rifie mes chiffres, je recoupe les compositions probables et je distingue toujours la donn\u00e9e brute de l'intuition. Mon objectif : offrir une lecture honn\u00eate et argument\u00e9e, pas un ticket gagnant garanti.\",\"sameAs\":[\"https:\/\/axellauzier.fr\/\"],\"url\":\"https:\/\/sport-index.fr\/blog\/auteur\/noname\/\"}]}<\/script>\n<!-- \/ Yoast SEO Premium plugin. -->","yoast_head_json":{"title":"La reprise de Tadej Pogacar au sommet du peloton lors de l'UAE Tour","description":"Un retour attendu sur la sc\u00e8ne cycliste Tadej Pogacar, le talentueux cycliste slov\u00e8ne, a fait son grand retour lors de l'\u00e9tape inaugurale de l'UAE Tour\u2026","robots":{"index":"index","follow":"follow","max-snippet":"max-snippet:-1","max-image-preview":"max-image-preview:large","max-video-preview":"max-video-preview:-1"},"canonical":"https:\/\/sport-index.fr\/blog\/a-la-une\/la-reprise-de-tadej-pogacar-au-sommet-du-peloton-lors-de-luae-tour\/","og_locale":"fr_FR","og_type":"article","og_title":"La reprise de Tadej Pogacar au sommet du peloton lors de l'UAE Tour","og_description":"Un retour attendu sur la sc\u00e8ne cycliste Tadej Pogacar, le talentueux cycliste slov\u00e8ne, a fait son grand retour lors de l'\u00e9tape inaugurale de l'UAE Tour\u2026","og_url":"https:\/\/sport-index.fr\/blog\/a-la-une\/la-reprise-de-tadej-pogacar-au-sommet-du-peloton-lors-de-luae-tour\/","og_site_name":"sport-index","og_image":[{"width":1024,"height":576,"url":"https:\/\/sport-index.fr\/blog\/wp-content\/uploads\/2025\/02\/stability-la-reprise-de-tadej-pogacar-au-sommet-du-peloton-lors-de-luae-tour.png","type":"image\/png"}],"author":"Axel Lauzier","twitter_card":"summary_large_image","schema":{"@context":"https:\/\/schema.org","@graph":[{"@type":"NewsArticle","@id":"https:\/\/sport-index.fr\/blog\/a-la-une\/la-reprise-de-tadej-pogacar-au-sommet-du-peloton-lors-de-luae-tour\/#article","isPartOf":{"@id":"https:\/\/sport-index.fr\/blog\/a-la-une\/la-reprise-de-tadej-pogacar-au-sommet-du-peloton-lors-de-luae-tour\/"},"author":{"name":"Axel Lauzier","@id":"https:\/\/sport-index.fr\/blog\/#\/schema\/person\/3c864cdc320801e3db34b663e7e3f816"},"headline":"La reprise de Tadej Pogacar au sommet du peloton lors de l&rsquo;UAE Tour","datePublished":"2026-09-02T08:00:21+00:00","dateModified":"2026-09-02T08:01:14+00:00","mainEntityOfPage":{"@id":"https:\/\/sport-index.fr\/blog\/a-la-une\/la-reprise-de-tadej-pogacar-au-sommet-du-peloton-lors-de-luae-tour\/"},"wordCount":610,"commentCount":18,"publisher":{"@id":"https:\/\/sport-index.fr\/blog\/#organization"},"image":{"@id":"https:\/\/sport-index.fr\/blog\/a-la-une\/la-reprise-de-tadej-pogacar-au-sommet-du-peloton-lors-de-luae-tour\/#primaryimage"},"thumbnailUrl":"https:\/\/sport-index.fr\/blog\/wp-content\/uploads\/2025\/02\/stability-la-reprise-de-tadej-pogacar-au-sommet-du-peloton-lors-de-luae-tour.png","keywords":["Comp\u00e9tition","Cyclisme","Performance sportive"],"articleSection":["\u00c0 la une"],"inLanguage":"fr-FR","potentialAction":[{"@type":"CommentAction","name":"Comment","target":["https:\/\/sport-index.fr\/blog\/a-la-une\/la-reprise-de-tadej-pogacar-au-sommet-du-peloton-lors-de-luae-tour\/#respond"]}]},{"@type":"WebPage","@id":"https:\/\/sport-index.fr\/blog\/a-la-une\/la-reprise-de-tadej-pogacar-au-sommet-du-peloton-lors-de-luae-tour\/","url":"https:\/\/sport-index.fr\/blog\/a-la-une\/la-reprise-de-tadej-pogacar-au-sommet-du-peloton-lors-de-luae-tour\/","name":"La reprise de Tadej Pogacar au sommet du peloton lors de l'UAE Tour","isPartOf":{"@id":"https:\/\/sport-index.fr\/blog\/#website"},"primaryImageOfPage":{"@id":"https:\/\/sport-index.fr\/blog\/a-la-une\/la-reprise-de-tadej-pogacar-au-sommet-du-peloton-lors-de-luae-tour\/#primaryimage"},"image":{"@id":"https:\/\/sport-index.fr\/blog\/a-la-une\/la-reprise-de-tadej-pogacar-au-sommet-du-peloton-lors-de-luae-tour\/#primaryimage"},"thumbnailUrl":"https:\/\/sport-index.fr\/blog\/wp-content\/uploads\/2025\/02\/stability-la-reprise-de-tadej-pogacar-au-sommet-du-peloton-lors-de-luae-tour.png","datePublished":"2026-09-02T08:00:21+00:00","dateModified":"2026-09-02T08:01:14+00:00","description":"Un retour attendu sur la sc\u00e8ne cycliste Tadej Pogacar, le talentueux cycliste slov\u00e8ne, a fait son grand retour lors de l'\u00e9tape inaugurale de l'UAE Tour\u2026","inLanguage":"fr-FR","potentialAction":[{"@type":"ReadAction","target":["https:\/\/sport-index.fr\/blog\/a-la-une\/la-reprise-de-tadej-pogacar-au-sommet-du-peloton-lors-de-luae-tour\/"]}]},{"@type":"ImageObject","inLanguage":"fr-FR","@id":"https:\/\/sport-index.fr\/blog\/a-la-une\/la-reprise-de-tadej-pogacar-au-sommet-du-peloton-lors-de-luae-tour\/#primaryimage","url":"https:\/\/sport-index.fr\/blog\/wp-content\/uploads\/2025\/02\/stability-la-reprise-de-tadej-pogacar-au-sommet-du-peloton-lors-de-luae-tour.png","contentUrl":"https:\/\/sport-index.fr\/blog\/wp-content\/uploads\/2025\/02\/stability-la-reprise-de-tadej-pogacar-au-sommet-du-peloton-lors-de-luae-tour.png","width":1024,"height":576},{"@type":"WebSite","@id":"https:\/\/sport-index.fr\/blog\/#website","url":"https:\/\/sport-index.fr\/blog\/","name":"sport-index.fr","description":"Le score de l\u2019analyse sportive.","publisher":{"@id":"https:\/\/sport-index.fr\/blog\/#organization"},"alternateName":"Le score de l\u2019analyse sportive.","potentialAction":[{"@type":"SearchAction","target":{"@type":"EntryPoint","urlTemplate":"https:\/\/sport-index.fr\/blog\/?s={search_term_string}"},"query-input":{"@type":"PropertyValueSpecification","valueRequired":true,"valueName":"search_term_string"}}],"inLanguage":"fr-FR"},{"@type":"Organization","@id":"https:\/\/sport-index.fr\/blog\/#organization","name":"Foretsensations.fr","url":"https:\/\/sport-index.fr\/blog\/","logo":{"@type":"ImageObject","inLanguage":"fr-FR","@id":"https:\/\/sport-index.fr\/blog\/#\/schema\/logo\/image\/","url":"https:\/\/sport-index.fr\/blog\/wp-content\/uploads\/2026\/07\/logo-auto.png","contentUrl":"https:\/\/sport-index.fr\/blog\/wp-content\/uploads\/2026\/07\/logo-auto.png","width":1024,"height":1024,"caption":"Foretsensations.fr"},"image":{"@id":"https:\/\/sport-index.fr\/blog\/#\/schema\/logo\/image\/"}},{"@type":"Person","@id":"https:\/\/sport-index.fr\/blog\/#\/schema\/person\/3c864cdc320801e3db34b663e7e3f816","name":"Axel Lauzier","image":{"@type":"ImageObject","inLanguage":"fr-FR","@id":"https:\/\/sport-index.fr\/blog\/#\/schema\/person\/image\/","url":"https:\/\/sport-index.fr\/blog\/wp-content\/uploads\/2026\/06\/persona_axel-l-96x96.jpg","contentUrl":"https:\/\/sport-index.fr\/blog\/wp-content\/uploads\/2026\/06\/persona_axel-l-96x96.jpg","caption":"Axel Lauzier"},"description":"Le sport rythme mon quotidien depuis l'enfance, et j'en ai fait mon m\u00e9tier d'analyste r\u00e9dactionnel il y a une dizaine d'ann\u00e9es. Je couvre principalement le football, son actualit\u00e9, ses transferts et l'analyse tactique des grandes affiches, mais aussi les disciplines plus confidentielles que j'aime remettre en lumi\u00e8re. Une partie de mon travail porte sur les pronostics et la lecture statistique d'un match : forme des \u00e9quipes, historique des confrontations, compositions, sans jamais vendre de fausse certitude. Je rappelle syst\u00e9matiquement que parier comporte un risque et doit rester un loisir ma\u00eetris\u00e9. Avant de signer une analyse, je v\u00e9rifie mes chiffres, je recoupe les compositions probables et je distingue toujours la donn\u00e9e brute de l'intuition. Mon objectif : offrir une lecture honn\u00eate et argument\u00e9e, pas un ticket gagnant garanti.","sameAs":["https:\/\/axellauzier.fr\/"],"url":"https:\/\/sport-index.fr\/blog\/auteur\/noname\/"}]}},"_links":{"self":[{"href":"https:\/\/sport-index.fr\/blog\/wp-json\/wp\/v2\/posts\/9358","targetHints":{"allow":["GET"]}}],"collection":[{"href":"https:\/\/sport-index.fr\/blog\/wp-json\/wp\/v2\/posts"}],"about":[{"href":"https:\/\/sport-index.fr\/blog\/wp-json\/wp\/v2\/types\/post"}],"author":[{"embeddable":true,"href":"https:\/\/sport-index.fr\/blog\/wp-json\/wp\/v2\/users\/34"}],"replies":[{"embeddable":true,"href":"https:\/\/sport-index.fr\/blog\/wp-json\/wp\/v2\/comments?post=9358"}],"version-history":[{"count":3,"href":"https:\/\/sport-index.fr\/blog\/wp-json\/wp\/v2\/posts\/9358\/revisions"}],"predecessor-version":[{"id":18501,"href":"https:\/\/sport-index.fr\/blog\/wp-json\/wp\/v2\/posts\/9358\/revisions\/18501"}],"wp:featuredmedia":[{"embeddable":true,"href":"https:\/\/sport-index.fr\/blog\/wp-json\/wp\/v2\/media\/9359"}],"wp:attachment":[{"href":"https:\/\/sport-index.fr\/blog\/wp-json\/wp\/v2\/media?parent=9358"}],"wp:term":[{"taxonomy":"category","embeddable":true,"href":"https:\/\/sport-index.fr\/blog\/wp-json\/wp\/v2\/categories?post=9358"},{"taxonomy":"post_tag","embeddable":true,"href":"https:\/\/sport-index.fr\/blog\/wp-json\/wp\/v2\/tags?post=9358"}],"curies":[{"name":"wp","href":"https:\/\/api.w.org\/{rel}","templated":true}]}}