{"id":9379,"date":"2026-09-01T21:26:04","date_gmt":"2026-09-01T19:26:04","guid":{"rendered":"https:\/\/sport-index.fr\/blog\/?p=9379"},"modified":"2026-09-01T21:26:04","modified_gmt":"2026-09-01T19:26:04","slug":"pierre-pages-fait-son-retour-a-lentrainement-avec-le-biarritz-olympique-apres-une-agression","status":"publish","type":"post","link":"https:\/\/sport-index.fr\/blog\/a-la-une\/pierre-pages-fait-son-retour-a-lentrainement-avec-le-biarritz-olympique-apres-une-agression\/","title":{"rendered":"Pierre Pag\u00e8s fait son retour \u00e0 l&rsquo;entra\u00eenement avec le Biarritz olympique apr\u00e8s une agression"},"content":{"rendered":"<link rel=\"stylesheet\" href=\"https:\/\/fonts.googleapis.com\/css2?family=Newsreader:ital,opsz,wght@0,6..72,500;0,6..72,700;1,6..72,500&#038;family=Inter:wght@400;500;600;700&#038;family=JetBrains+Mono:wght@500&#038;display=swap\">\n<style>\n.si-actu-wrap{--si-ink:#14181f;--si-acc:#a8132c;--si-acc-d:#7d0e21;--si-mut:#5a6472;--si-line:#e2e6ec;--si-soft:#fbf5f6;font-family:'Inter',system-ui,sans-serif;color:var(--si-ink);font-size:17px;line-height:1.65}\n.si-actu-wrap h2{font-family:'Newsreader',Georgia,serif;font-weight:700;font-size:clamp(24px,3.2vw,33px);line-height:1.2;letter-spacing:-.015em;color:var(--si-ink);margin:46px 0 14px}\n.si-actu-wrap h3{font-family:'Newsreader',Georgia,serif;font-weight:700;font-size:20px;margin:26px 0 8px}\n.si-actu-wrap p{margin:0 0 16px}\n.si-actu-dateline{font-family:'JetBrains Mono',ui-monospace,monospace;font-size:12.5px;letter-spacing:.02em;color:var(--si-mut);border-left:3px solid var(--si-acc);padding:2px 0 2px 12px;margin:0 0 22px}\n.si-actu-dateline b{color:var(--si-acc-d);font-weight:500}\n.si-actu-lede{font-family:'Newsreader',Georgia,serif;font-size:20.5px;line-height:1.5;color:#232933;margin:0 0 26px}\n.si-actu-key{background:var(--si-soft);border:1px solid #f0d6da;border-left:5px solid var(--si-acc);border-radius:12px;padding:22px 24px;margin:26px 0;box-shadow:0 1px 2px rgba(16,24,40,.05),0 12px 28px -18px rgba(16,24,40,.22)}\n.si-actu-key .si-actu-eyebrow{display:block;font-family:'JetBrains Mono',monospace;font-size:11.5px;letter-spacing:.12em;text-transform:uppercase;color:var(--si-acc-d);margin-bottom:12px}\n.si-actu-key ul{margin:0;padding-left:0;list-style:none}\n.si-actu-key li{position:relative;padding-left:24px;margin:0 0 10px;font-size:16.5px}\n.si-actu-key li:last-child{margin-bottom:0}\n.si-actu-key li:before{content:\"\u2192\";position:absolute;left:0;top:0;color:var(--si-acc);font-weight:700}\n.si-actu-quote{border-top:3px solid var(--si-acc);background:#fff;border-radius:0 0 12px 12px;padding:22px 24px;margin:30px 0;box-shadow:0 1px 2px rgba(16,24,40,.05),0 14px 30px -20px rgba(16,24,40,.3);transition:.25s ease}\n.si-actu-quote:hover{transform:translateY(-3px);box-shadow:0 2px 4px rgba(16,24,40,.07),0 20px 40px -20px rgba(16,24,40,.35)}\n.si-actu-quote .si-actu-q{font-family:'Newsreader',Georgia,serif;font-style:italic;font-size:19.5px;line-height:1.5;display:block;margin-bottom:12px}\n.si-actu-quote .si-actu-src{display:block;font-family:'JetBrains Mono',monospace;font-size:12px;color:var(--si-mut);letter-spacing:.01em}\n.si-actu-tblwrap{overflow-x:auto;border:1px solid var(--si-line);border-radius:12px;margin:26px 0}\n.si-actu-wrap table.si-actu-tbl{border-collapse:collapse;width:100%;font-size:15px;min-width:520px}\n.si-actu-wrap table.si-actu-tbl th{background:#f4f6f9;text-align:left;padding:12px 14px;font-weight:600;font-size:12.5px;letter-spacing:.06em;text-transform:uppercase;color:var(--si-mut);border-bottom:1px solid var(--si-line)}\n.si-actu-wrap table.si-actu-tbl td{padding:12px 14px;border-bottom:1px solid #eef1f5;vertical-align:top}\n.si-actu-wrap table.si-actu-tbl tr:nth-child(even) td{background:#fafbfc}\n.si-actu-wrap table.si-actu-tbl tr:last-child td{border-bottom:0}\n.si-actu-wrap table.si-actu-tbl a{color:var(--si-acc-d);text-decoration:underline;text-underline-offset:2px}\n.si-actu-take{background:#161b22;color:#e9eef6;border-radius:14px;padding:24px 26px;margin:34px 0;box-shadow:0 14px 34px -20px rgba(0,0,0,.7)}\n.si-actu-take .si-actu-eyebrow{display:block;font-family:'JetBrains Mono',monospace;font-size:11.5px;letter-spacing:.12em;text-transform:uppercase;color:#ff8fa3!important;margin-bottom:12px}\n.si-actu-take ul{margin:0;padding-left:0;list-style:none}\n.si-actu-take li{position:relative;padding-left:24px;margin:0 0 10px;color:#e9eef6!important;font-size:16px}\n.si-actu-take li:last-child{margin-bottom:0}\n.si-actu-take li:before{content:\"\u2713\";position:absolute;left:0;top:0;color:#ff8fa3!important;font-weight:700}\n.si-actu-take strong{color:#ffffff!important}\n.si-actu-wrap details.si-actu-faq{border:1px solid var(--si-line);border-left:3px solid var(--si-acc);border-radius:10px;padding:14px 18px;margin:0 0 10px;background:#fff;transition:.25s ease}\n.si-actu-wrap details.si-actu-faq:hover{transform:translateY(-2px);box-shadow:0 10px 24px -18px rgba(16,24,40,.5)}\n.si-actu-wrap details.si-actu-faq summary{cursor:pointer;font-weight:600;font-size:16.5px;list-style:none}\n.si-actu-wrap details.si-actu-faq summary::-webkit-details-marker{display:none}\n.si-actu-wrap details.si-actu-faq summary:before{content:\"+\";color:var(--si-acc);font-weight:700;margin-right:9px}\n.si-actu-wrap details.si-actu-faq[open] summary:before{content:\"\u2212\"}\n.si-actu-wrap details.si-actu-faq p{margin:12px 0 0;font-size:16px;color:#3b444f}\n.si-actu-note{font-size:14.5px;color:var(--si-mut);border-top:1px solid var(--si-line);padding-top:16px;margin-top:34px}\n.si-actu-note a{color:var(--si-acc-d)}\n.si-actu-wrap img{max-width:100%;height:auto;border-radius:10px}\n@media(max-width:640px){.si-actu-wrap{font-size:16.5px}.si-actu-key,.si-actu-take,.si-actu-quote{padding:18px}}\n<\/style>\n<div class=\"si-actu-wrap\">\n<div class=\"si-actu-dateline\">Publi\u00e9 le <b>19 f\u00e9vrier 2025<\/b> \u00b7 Faits du 17 f\u00e9vrier 2025 \u00b7 V\u00e9rifi\u00e9 et mis \u00e0 jour le <b>1er septembre 2026<\/b> \u00b7 Source : Rugbyrama<\/div>\n<div class=\"si-actu-lede\">Un peu plus de deux semaines apr\u00e8s avoir \u00e9t\u00e9 violemment agress\u00e9 par son co\u00e9quipier Masivesi Dakuwaqa, Pierre Pag\u00e8s, le demi de m\u00eal\u00e9e du Biarritz olympique, a repris l&rsquo;entra\u00eenement avec le groupe professionnel le lundi 17 f\u00e9vrier 2025, sur le terrain du Bendern.<\/div>\n<div class=\"si-actu-key\">\n<span class=\"si-actu-eyebrow\">L&rsquo;essentiel<\/span><\/p>\n<ul>\n<li><strong>Quoi<\/strong> \u2014 Pierre Pag\u00e8s a repris l&rsquo;entra\u00eenement collectif, sans les ateliers de contact.<\/li>\n<li><strong>Quand et o\u00f9<\/strong> \u2014 Le lundi 17 f\u00e9vrier 2025, sur le terrain du Bendern, \u00e0 Biarritz.<\/li>\n<li><strong>Pourquoi \u00e7a compte<\/strong> \u2014 L&rsquo;agression du 30 janvier 2025 avait co\u00fbt\u00e9 son contrat \u00e0 Masivesi Dakuwaqa, licenci\u00e9 par le club le 10 f\u00e9vrier, puis condamn\u00e9 le 30 mai 2025.<\/li>\n<\/ul>\n<\/div>\n<h2>Le retour \u00e0 l&rsquo;entra\u00eenement de Pierre Pag\u00e8s<\/h2>\n<p>Le 30 janvier 2025, apr\u00e8s une soir\u00e9e dans un bar d&rsquo;Anglet, Pierre Pag\u00e8s est violemment agress\u00e9 par Masivesi Dakuwaqa, alors troisi\u00e8me ligne du Biarritz olympique. Dix-huit jours plus tard, le num\u00e9ro neuf est de retour \u00e0 l&rsquo;entra\u00eenement avec le groupe professionnel biarrot.<\/p>\n<p>Ce retour intervient dans le calendrier qu&rsquo;avait esquiss\u00e9 le staff. Le 5 f\u00e9vrier, le manager du Biarritz olympique, Boris Bouhraoua, \u00e9voquait aupr\u00e8s de Rugbyrama une absence courte, et non une indisponibilit\u00e9 longue.<\/p>\n<div class=\"si-actu-quote\">\n<span class=\"si-actu-q\">\u00ab Pour moi, aujourd&rsquo;hui, les trois neufs du groupe professionnel sont en activit\u00e9, puisqu&rsquo;on va se baser sur une absence de Pierre pour deux ou trois semaines, au d\u00e9part. \u00bb<\/span><br \/>\n<span class=\"si-actu-src\">Boris Bouhraoua, manager du Biarritz olympique \u2014 propos recueillis par Rugbyrama, 5 f\u00e9vrier 2025.<\/span>\n<\/div>\n<h2>Les premiers entra\u00eenements de Pierre Pag\u00e8s<\/h2>\n<p>Sur le terrain du Bendern, ce lundi apr\u00e8s-midi du 17 f\u00e9vrier 2025, l&rsquo;ancien joueur du Stade toulousain a effectu\u00e9 plusieurs lancements de jeu en d\u00e9but de s\u00e9ance. Quand les ateliers avec du contact ont commenc\u00e9, il s&rsquo;est mis en retrait : il a travaill\u00e9 sa passe et ses courses avec Antoine Cazot, l&rsquo;un des pr\u00e9parateurs physiques du club.<\/p>\n<p>En parall\u00e8le, le jeune Anoa Laurent et Imanol Biscay ont travaill\u00e9 \u00e0 la m\u00eal\u00e9e. Kerman Aurrekoetxea, lui, n&rsquo;\u00e9tait pas pr\u00e9sent \u00e0 cette s\u00e9ance : il avait \u00e9t\u00e9 titulaire la veille avec la s\u00e9lection d&rsquo;Espagne.<img decoding=\"async\" width=\"1024\" height=\"576\" src=\"https:\/\/sport-index.fr\/blog\/wp-content\/uploads\/2025\/02\/stability-pierre-pages-fait-son-retour-a-lentrainement-avec-le-biarritz-olympique-apres-une-agression-1.png\" class=\"aligncenter\" alt=\"Illustration d\u00e9taill\u00e9e sur Pierre Pag\u00e8s fait son retour \u00e0 l&#039;entra\u00eenement avec le Biarritz olympique apr\u00e8s une agression\" title=\"Pierre Pag\u00e8s fait son retour \u00e0 l&#039;entra\u00eenement avec le Biarritz olympique apr\u00e8s une agression\" loading=\"lazy\" \/><\/p>\n<h2>Les cons\u00e9quences de l&rsquo;agression sur l&rsquo;\u00e9quipe<\/h2>\n<p>D\u00e8s le 31 janvier 2025, le Biarritz olympique avait prononc\u00e9 une mise \u00e0 pied \u00e0 titre conservatoire \u00e0 l&rsquo;encontre de Masivesi Dakuwaqa, plac\u00e9 en garde \u00e0 vue puis remis en libert\u00e9. Le 10 f\u00e9vrier, le club annon\u00e7ait la rupture imm\u00e9diate de son contrat, expliquant dans son communiqu\u00e9 que, \u00ab \u00e0 l&rsquo;issue de l&rsquo;enqu\u00eate interne men\u00e9e par le Club, les faits reproch\u00e9s \u00e0 Masivesi Dakuwaqa ont rendu impossible la poursuite de son engagement avec le club \u00bb.<\/p>\n<p>Le club s&rsquo;est aussi exprim\u00e9 publiquement au sujet de Pierre Pag\u00e8s. Son directeur sportif, James Coughlan, d\u00e9clarait \u00e0 Rugbyrama : \u00ab D\u00e9sormais, on va tout faire pour le soutenir dans ce moment difficile. Lui et sa famille pourront compter sur nous, pour un suivi sur le plan m\u00e9dical et mental. \u00bb Au-del\u00e0 de ces prises de parole du club et de son staff, le joueur ne s&rsquo;est pas exprim\u00e9 publiquement sur les faits \u00e0 cette date.<\/p>\n<h2>O\u00f9 en est l&rsquo;affaire aujourd&rsquo;hui<\/h2>\n<p>Poursuivi pour des faits de \u00ab violences \u00bb et de \u00ab d\u00e9gradation \u00bb, Masivesi Dakuwaqa a \u00e9t\u00e9 jug\u00e9 le 30 mai 2025 dans le cadre d&rsquo;une comparution sur reconnaissance pr\u00e9alable de culpabilit\u00e9 (CRPC). Il a \u00e9t\u00e9 <strong>condamn\u00e9 \u00e0 huit mois de prison avec sursis<\/strong>. L&rsquo;affaire est donc jug\u00e9e : les faits sont ceux retenus par la juridiction, et rien au-del\u00e0. Entre-temps engag\u00e9 par le CA P\u00e9rigueux en mars 2025, il s&rsquo;est ensuite engag\u00e9 avec le Stade ni\u00e7ois, en Nationale, en juin 2025.<\/p>\n<p>C\u00f4t\u00e9 biarrot, Pierre Pag\u00e8s a retrouv\u00e9 la comp\u00e9tition d\u00e9but mai 2025, un peu plus de trois mois apr\u00e8s l&rsquo;agression, lors du d\u00e9placement du BO \u00e0 Provence. Son contrat avec le Biarritz olympique arrivait \u00e0 \u00e9ch\u00e9ance en juin 2025. Au 1er septembre 2026, nous n&rsquo;avons trouv\u00e9 aucune information publique sur la suite de sa carri\u00e8re : nous pr\u00e9f\u00e9rons l&rsquo;\u00e9crire plut\u00f4t que de la supposer.<\/p>\n<div class=\"si-actu-take\">\n<span class=\"si-actu-eyebrow\">\u00c0 retenir<\/span><\/p>\n<ul>\n<li><strong>17 f\u00e9vrier 2025<\/strong> \u2014 reprise de l&rsquo;entra\u00eenement, sans contact, au Bendern.<\/li>\n<li><strong>10 f\u00e9vrier 2025<\/strong> \u2014 rupture imm\u00e9diate du contrat de Masivesi Dakuwaqa par le BOPB.<\/li>\n<li><strong>30 mai 2025<\/strong> \u2014 huit mois de prison avec sursis prononc\u00e9s en CRPC : l&rsquo;affaire est jug\u00e9e.<\/li>\n<li><strong>D\u00e9but mai 2025<\/strong> \u2014 retour de Pierre Pag\u00e8s \u00e0 la comp\u00e9tition, \u00e0 Provence.<\/li>\n<\/ul>\n<\/div>\n<h2>Questions fr\u00e9quentes<\/h2>\n<details class=\"si-actu-faq\">\n<summary>Que s&rsquo;est-il pass\u00e9 le 30 janvier 2025 ?<\/summary>\n<p>Apr\u00e8s une soir\u00e9e dans un bar d&rsquo;Anglet, Masivesi Dakuwaqa a violemment agress\u00e9 son co\u00e9quipier Pierre Pag\u00e8s. Il a \u00e9t\u00e9 plac\u00e9 en garde \u00e0 vue le soir m\u00eame, puis remis en libert\u00e9, avant d&rsquo;\u00eatre poursuivi pour \u00ab violences \u00bb et \u00ab d\u00e9gradation \u00bb.<\/p>\n<\/details>\n<details class=\"si-actu-faq\">\n<summary>Combien de temps Pierre Pag\u00e8s est-il rest\u00e9 \u00e9loign\u00e9 de l&rsquo;entra\u00eenement ?<\/summary>\n<p>Un peu plus de deux semaines : agress\u00e9 le 30 janvier 2025, il a repris l&rsquo;entra\u00eenement collectif le 17 f\u00e9vrier, sans participer aux ateliers de contact. Le staff avait publiquement \u00e9voqu\u00e9 une absence de \u00ab deux ou trois semaines \u00bb.<\/p>\n<\/details>\n<details class=\"si-actu-faq\">\n<summary>Quelle sanction a \u00e9t\u00e9 prononc\u00e9e contre Masivesi Dakuwaqa ?<\/summary>\n<p>Sur le plan sportif, le Biarritz olympique a rompu son contrat avec effet imm\u00e9diat le 10 f\u00e9vrier 2025. Sur le plan judiciaire, il a \u00e9t\u00e9 condamn\u00e9 le 30 mai 2025 \u00e0 huit mois de prison avec sursis, \u00e0 l&rsquo;issue d&rsquo;une comparution sur reconnaissance pr\u00e9alable de culpabilit\u00e9, pour des faits de \u00ab violences \u00bb et de \u00ab d\u00e9gradation \u00bb.<\/p>\n<\/details>\n<details class=\"si-actu-faq\">\n<summary>Quand Pierre Pag\u00e8s a-t-il rejou\u00e9 un match officiel ?<\/summary>\n<p>D\u00e9but mai 2025, un peu plus de trois mois apr\u00e8s l&rsquo;agression, \u00e0 l&rsquo;occasion du d\u00e9placement du Biarritz olympique \u00e0 Provence.<\/p>\n<\/details>\n<h2>Le lien vid\u00e9o pr\u00e9sent dans la version d&rsquo;origine<\/h2>\n<p>La premi\u00e8re version de cet article int\u00e9grait une vid\u00e9o qui ne concerne ni Pierre Pag\u00e8s, ni le Biarritz olympique, ni les faits relat\u00e9s ici. Conform\u00e9ment \u00e0 notre r\u00e8gle, nous ne supprimons aucun lien : nous indiquons ce qu&rsquo;il pointe r\u00e9ellement, et nous ne le rendons plus lisible comme une illustration de cet article.<\/p>\n<div class=\"si-actu-tblwrap\">\n<table class=\"si-actu-tbl\">\n<thead>\n<tr>\n<th>Lien<\/th>\n<th>Titre r\u00e9el de la vid\u00e9o<\/th>\n<th>Cha\u00eene<\/th>\n<th>Rapport avec l&rsquo;article<\/th>\n<\/tr>\n<\/thead>\n<tbody>\n<tr>\n<td><a href=\"https:\/\/youtu.be\/B1tfgslTnd8\" rel=\"nofollow noopener\" target=\"_blank\">youtu.be\/B1tfgslTnd8<\/a><\/td>\n<td>\u00ab Chabal met Marc Giraud K.O en lui mettant un pain de l&rsquo;espace \u00bb<\/td>\n<td>Gorpitsen Rugby<\/td>\n<td><strong>Aucun.<\/strong> S\u00e9quence de rugby sans lien avec les faits, les personnes ni le club \u00e9voqu\u00e9s ici.<\/td>\n<\/tr>\n<\/tbody>\n<\/table>\n<\/div>\n<div class=\"si-actu-note\">Sources : Rugbyrama, <a href=\"https:\/\/www.rugbyrama.fr\/2025\/02\/17\/pro-d2-pierre-pages-a-repris-lentrainement-avec-biarritz-12518753.php\" rel=\"nofollow noopener\" target=\"_blank\">\u00ab Pierre Pag\u00e8s a repris l&rsquo;entra\u00eenement avec Biarritz \u00bb<\/a> (17 f\u00e9vrier 2025) et <a href=\"https:\/\/www.rugbyrama.fr\/2025\/02\/10\/pro-d2-biarritz-annonce-la-rupture-immediate-du-contrat-de-masivesi-dakuwaqa-apres-lagression-de-lun-de-ses-coequipiers-12503737.php\" rel=\"nofollow noopener\" target=\"_blank\">\u00ab Biarritz annonce la rupture imm\u00e9diate du contrat de Masivesi Dakuwaqa \u00bb<\/a> (10 f\u00e9vrier 2025). Condamnation du 30 mai 2025 : L&rsquo;\u00c9quipe, ici.fr, La R\u00e9publique des Pyr\u00e9n\u00e9es. Article d&rsquo;actualit\u00e9 dat\u00e9 : les faits d\u00e9crits sont ceux de f\u00e9vrier 2025.<\/div>\n<\/div>\n","protected":false},"excerpt":{"rendered":"","protected":false},"author":34,"featured_media":9380,"comment_status":"open","ping_status":"open","sticky":false,"template":"","format":"standard","meta":{"_acf_changed":false,"manual_indexmenow":false,"indexmenow_id_project":0,"footnotes":""},"categories":[1],"tags":[4531,4632,4693,4560],"class_list":["post-9379","post","type-post","status-publish","format-standard","has-post-thumbnail","hentry","category-a-la-une","tag-biarritz-olympique","tag-performance-sportive","tag-pro-d2","tag-projet-sportif","generate-columns","tablet-grid-50","mobile-grid-100","grid-parent","grid-25"],"acf":[],"yoast_head":"<!-- This site is optimized with the Yoast SEO Premium plugin v21.3 (Yoast SEO v26.5) - https:\/\/yoast.com\/wordpress\/plugins\/seo\/ -->\n<title>Pierre Pag\u00e8s fait son retour \u00e0 l&#039;entra\u00eenement<\/title>\n<meta name=\"description\" content=\"Le 17 f\u00e9vrier 2025, Pierre Pag\u00e8s a repris l&#039;entra\u00eenement avec le Biarritz olympique, sans les ateliers de contact. Ce que l&#039;on sait, et o\u00f9 en est l&#039;affaire.\" \/>\n<meta name=\"robots\" content=\"index, follow, max-snippet:-1, max-image-preview:large, max-video-preview:-1\" \/>\n<link rel=\"canonical\" href=\"https:\/\/sport-index.fr\/blog\/a-la-une\/pierre-pages-fait-son-retour-a-lentrainement-avec-le-biarritz-olympique-apres-une-agression\/\" \/>\n<meta property=\"og:locale\" content=\"fr_FR\" \/>\n<meta property=\"og:type\" content=\"article\" \/>\n<meta property=\"og:title\" content=\"Pierre Pag\u00e8s fait son retour \u00e0 l&#039;entra\u00eenement\" \/>\n<meta property=\"og:description\" content=\"Le 17 f\u00e9vrier 2025, Pierre Pag\u00e8s a repris l&#039;entra\u00eenement avec le Biarritz olympique, sans les ateliers de contact. Ce que l&#039;on sait, et o\u00f9 en est l&#039;affaire.\" \/>\n<meta property=\"og:url\" content=\"https:\/\/sport-index.fr\/blog\/a-la-une\/pierre-pages-fait-son-retour-a-lentrainement-avec-le-biarritz-olympique-apres-une-agression\/\" \/>\n<meta property=\"og:site_name\" content=\"sport-index\" \/>\n<meta property=\"og:image\" content=\"https:\/\/sport-index.fr\/blog\/wp-content\/uploads\/2025\/02\/stability-pierre-pages-fait-son-retour-a-lentrainement-avec-le-biarritz-olympique-apres-une-agression.png\" \/>\n\t<meta property=\"og:image:width\" content=\"1024\" \/>\n\t<meta property=\"og:image:height\" content=\"576\" \/>\n\t<meta property=\"og:image:type\" content=\"image\/png\" \/>\n<meta name=\"author\" content=\"Axel Lauzier\" \/>\n<meta name=\"twitter:card\" content=\"summary_large_image\" \/>\n<script type=\"application\/ld+json\" class=\"yoast-schema-graph\">{\"@context\":\"https:\/\/schema.org\",\"@graph\":[{\"@type\":\"NewsArticle\",\"@id\":\"https:\/\/sport-index.fr\/blog\/a-la-une\/pierre-pages-fait-son-retour-a-lentrainement-avec-le-biarritz-olympique-apres-une-agression\/#article\",\"isPartOf\":{\"@id\":\"https:\/\/sport-index.fr\/blog\/a-la-une\/pierre-pages-fait-son-retour-a-lentrainement-avec-le-biarritz-olympique-apres-une-agression\/\"},\"author\":{\"name\":\"Axel Lauzier\",\"@id\":\"https:\/\/sport-index.fr\/blog\/#\/schema\/person\/3c864cdc320801e3db34b663e7e3f816\"},\"headline\":\"Pierre Pag\u00e8s fait son retour \u00e0 l&rsquo;entra\u00eenement avec le Biarritz olympique apr\u00e8s une agression\",\"datePublished\":\"2026-09-01T19:26:04+00:00\",\"mainEntityOfPage\":{\"@id\":\"https:\/\/sport-index.fr\/blog\/a-la-une\/pierre-pages-fait-son-retour-a-lentrainement-avec-le-biarritz-olympique-apres-une-agression\/\"},\"wordCount\":1129,\"commentCount\":24,\"publisher\":{\"@id\":\"https:\/\/sport-index.fr\/blog\/#organization\"},\"image\":{\"@id\":\"https:\/\/sport-index.fr\/blog\/a-la-une\/pierre-pages-fait-son-retour-a-lentrainement-avec-le-biarritz-olympique-apres-une-agression\/#primaryimage\"},\"thumbnailUrl\":\"https:\/\/sport-index.fr\/blog\/wp-content\/uploads\/2025\/02\/stability-pierre-pages-fait-son-retour-a-lentrainement-avec-le-biarritz-olympique-apres-une-agression.png\",\"keywords\":[\"Biarritz Olympique\",\"Performance sportive\",\"Pro D2\",\"Projet Sportif\"],\"articleSection\":[\"\u00c0 la une\"],\"inLanguage\":\"fr-FR\",\"potentialAction\":[{\"@type\":\"CommentAction\",\"name\":\"Comment\",\"target\":[\"https:\/\/sport-index.fr\/blog\/a-la-une\/pierre-pages-fait-son-retour-a-lentrainement-avec-le-biarritz-olympique-apres-une-agression\/#respond\"]}]},{\"@type\":\"WebPage\",\"@id\":\"https:\/\/sport-index.fr\/blog\/a-la-une\/pierre-pages-fait-son-retour-a-lentrainement-avec-le-biarritz-olympique-apres-une-agression\/\",\"url\":\"https:\/\/sport-index.fr\/blog\/a-la-une\/pierre-pages-fait-son-retour-a-lentrainement-avec-le-biarritz-olympique-apres-une-agression\/\",\"name\":\"Pierre Pag\u00e8s fait son retour \u00e0 l'entra\u00eenement\",\"isPartOf\":{\"@id\":\"https:\/\/sport-index.fr\/blog\/#website\"},\"primaryImageOfPage\":{\"@id\":\"https:\/\/sport-index.fr\/blog\/a-la-une\/pierre-pages-fait-son-retour-a-lentrainement-avec-le-biarritz-olympique-apres-une-agression\/#primaryimage\"},\"image\":{\"@id\":\"https:\/\/sport-index.fr\/blog\/a-la-une\/pierre-pages-fait-son-retour-a-lentrainement-avec-le-biarritz-olympique-apres-une-agression\/#primaryimage\"},\"thumbnailUrl\":\"https:\/\/sport-index.fr\/blog\/wp-content\/uploads\/2025\/02\/stability-pierre-pages-fait-son-retour-a-lentrainement-avec-le-biarritz-olympique-apres-une-agression.png\",\"datePublished\":\"2026-09-01T19:26:04+00:00\",\"description\":\"Le 17 f\u00e9vrier 2025, Pierre Pag\u00e8s a repris l'entra\u00eenement avec le Biarritz olympique, sans les ateliers de contact. Ce que l'on sait, et o\u00f9 en est l'affaire.\",\"inLanguage\":\"fr-FR\",\"potentialAction\":[{\"@type\":\"ReadAction\",\"target\":[\"https:\/\/sport-index.fr\/blog\/a-la-une\/pierre-pages-fait-son-retour-a-lentrainement-avec-le-biarritz-olympique-apres-une-agression\/\"]}]},{\"@type\":\"ImageObject\",\"inLanguage\":\"fr-FR\",\"@id\":\"https:\/\/sport-index.fr\/blog\/a-la-une\/pierre-pages-fait-son-retour-a-lentrainement-avec-le-biarritz-olympique-apres-une-agression\/#primaryimage\",\"url\":\"https:\/\/sport-index.fr\/blog\/wp-content\/uploads\/2025\/02\/stability-pierre-pages-fait-son-retour-a-lentrainement-avec-le-biarritz-olympique-apres-une-agression.png\",\"contentUrl\":\"https:\/\/sport-index.fr\/blog\/wp-content\/uploads\/2025\/02\/stability-pierre-pages-fait-son-retour-a-lentrainement-avec-le-biarritz-olympique-apres-une-agression.png\",\"width\":1024,\"height\":576},{\"@type\":\"WebSite\",\"@id\":\"https:\/\/sport-index.fr\/blog\/#website\",\"url\":\"https:\/\/sport-index.fr\/blog\/\",\"name\":\"sport-index.fr\",\"description\":\"Le score de l\u2019analyse sportive.\",\"publisher\":{\"@id\":\"https:\/\/sport-index.fr\/blog\/#organization\"},\"alternateName\":\"Le score de l\u2019analyse sportive.\",\"potentialAction\":[{\"@type\":\"SearchAction\",\"target\":{\"@type\":\"EntryPoint\",\"urlTemplate\":\"https:\/\/sport-index.fr\/blog\/?s={search_term_string}\"},\"query-input\":{\"@type\":\"PropertyValueSpecification\",\"valueRequired\":true,\"valueName\":\"search_term_string\"}}],\"inLanguage\":\"fr-FR\"},{\"@type\":\"Organization\",\"@id\":\"https:\/\/sport-index.fr\/blog\/#organization\",\"name\":\"Foretsensations.fr\",\"url\":\"https:\/\/sport-index.fr\/blog\/\",\"logo\":{\"@type\":\"ImageObject\",\"inLanguage\":\"fr-FR\",\"@id\":\"https:\/\/sport-index.fr\/blog\/#\/schema\/logo\/image\/\",\"url\":\"https:\/\/sport-index.fr\/blog\/wp-content\/uploads\/2026\/07\/logo-auto.png\",\"contentUrl\":\"https:\/\/sport-index.fr\/blog\/wp-content\/uploads\/2026\/07\/logo-auto.png\",\"width\":1024,\"height\":1024,\"caption\":\"Foretsensations.fr\"},\"image\":{\"@id\":\"https:\/\/sport-index.fr\/blog\/#\/schema\/logo\/image\/\"}},{\"@type\":\"Person\",\"@id\":\"https:\/\/sport-index.fr\/blog\/#\/schema\/person\/3c864cdc320801e3db34b663e7e3f816\",\"name\":\"Axel Lauzier\",\"image\":{\"@type\":\"ImageObject\",\"inLanguage\":\"fr-FR\",\"@id\":\"https:\/\/sport-index.fr\/blog\/#\/schema\/person\/image\/\",\"url\":\"https:\/\/sport-index.fr\/blog\/wp-content\/uploads\/2026\/06\/persona_axel-l-96x96.jpg\",\"contentUrl\":\"https:\/\/sport-index.fr\/blog\/wp-content\/uploads\/2026\/06\/persona_axel-l-96x96.jpg\",\"caption\":\"Axel Lauzier\"},\"description\":\"Le sport rythme mon quotidien depuis l'enfance, et j'en ai fait mon m\u00e9tier d'analyste r\u00e9dactionnel il y a une dizaine d'ann\u00e9es. Je couvre principalement le football, son actualit\u00e9, ses transferts et l'analyse tactique des grandes affiches, mais aussi les disciplines plus confidentielles que j'aime remettre en lumi\u00e8re. Une partie de mon travail porte sur les pronostics et la lecture statistique d'un match : forme des \u00e9quipes, historique des confrontations, compositions, sans jamais vendre de fausse certitude. Je rappelle syst\u00e9matiquement que parier comporte un risque et doit rester un loisir ma\u00eetris\u00e9. Avant de signer une analyse, je v\u00e9rifie mes chiffres, je recoupe les compositions probables et je distingue toujours la donn\u00e9e brute de l'intuition. Mon objectif : offrir une lecture honn\u00eate et argument\u00e9e, pas un ticket gagnant garanti.\",\"sameAs\":[\"https:\/\/axellauzier.fr\/\"],\"url\":\"https:\/\/sport-index.fr\/blog\/auteur\/noname\/\"}]}<\/script>\n<!-- \/ Yoast SEO Premium plugin. -->","yoast_head_json":{"title":"Pierre Pag\u00e8s fait son retour \u00e0 l'entra\u00eenement","description":"Le 17 f\u00e9vrier 2025, Pierre Pag\u00e8s a repris l'entra\u00eenement avec le Biarritz olympique, sans les ateliers de contact. Ce que l'on sait, et o\u00f9 en est l'affaire.","robots":{"index":"index","follow":"follow","max-snippet":"max-snippet:-1","max-image-preview":"max-image-preview:large","max-video-preview":"max-video-preview:-1"},"canonical":"https:\/\/sport-index.fr\/blog\/a-la-une\/pierre-pages-fait-son-retour-a-lentrainement-avec-le-biarritz-olympique-apres-une-agression\/","og_locale":"fr_FR","og_type":"article","og_title":"Pierre Pag\u00e8s fait son retour \u00e0 l'entra\u00eenement","og_description":"Le 17 f\u00e9vrier 2025, Pierre Pag\u00e8s a repris l'entra\u00eenement avec le Biarritz olympique, sans les ateliers de contact. Ce que l'on sait, et o\u00f9 en est l'affaire.","og_url":"https:\/\/sport-index.fr\/blog\/a-la-une\/pierre-pages-fait-son-retour-a-lentrainement-avec-le-biarritz-olympique-apres-une-agression\/","og_site_name":"sport-index","og_image":[{"width":1024,"height":576,"url":"https:\/\/sport-index.fr\/blog\/wp-content\/uploads\/2025\/02\/stability-pierre-pages-fait-son-retour-a-lentrainement-avec-le-biarritz-olympique-apres-une-agression.png","type":"image\/png"}],"author":"Axel Lauzier","twitter_card":"summary_large_image","schema":{"@context":"https:\/\/schema.org","@graph":[{"@type":"NewsArticle","@id":"https:\/\/sport-index.fr\/blog\/a-la-une\/pierre-pages-fait-son-retour-a-lentrainement-avec-le-biarritz-olympique-apres-une-agression\/#article","isPartOf":{"@id":"https:\/\/sport-index.fr\/blog\/a-la-une\/pierre-pages-fait-son-retour-a-lentrainement-avec-le-biarritz-olympique-apres-une-agression\/"},"author":{"name":"Axel Lauzier","@id":"https:\/\/sport-index.fr\/blog\/#\/schema\/person\/3c864cdc320801e3db34b663e7e3f816"},"headline":"Pierre Pag\u00e8s fait son retour \u00e0 l&rsquo;entra\u00eenement avec le Biarritz olympique apr\u00e8s une agression","datePublished":"2026-09-01T19:26:04+00:00","mainEntityOfPage":{"@id":"https:\/\/sport-index.fr\/blog\/a-la-une\/pierre-pages-fait-son-retour-a-lentrainement-avec-le-biarritz-olympique-apres-une-agression\/"},"wordCount":1129,"commentCount":24,"publisher":{"@id":"https:\/\/sport-index.fr\/blog\/#organization"},"image":{"@id":"https:\/\/sport-index.fr\/blog\/a-la-une\/pierre-pages-fait-son-retour-a-lentrainement-avec-le-biarritz-olympique-apres-une-agression\/#primaryimage"},"thumbnailUrl":"https:\/\/sport-index.fr\/blog\/wp-content\/uploads\/2025\/02\/stability-pierre-pages-fait-son-retour-a-lentrainement-avec-le-biarritz-olympique-apres-une-agression.png","keywords":["Biarritz Olympique","Performance sportive","Pro D2","Projet Sportif"],"articleSection":["\u00c0 la une"],"inLanguage":"fr-FR","potentialAction":[{"@type":"CommentAction","name":"Comment","target":["https:\/\/sport-index.fr\/blog\/a-la-une\/pierre-pages-fait-son-retour-a-lentrainement-avec-le-biarritz-olympique-apres-une-agression\/#respond"]}]},{"@type":"WebPage","@id":"https:\/\/sport-index.fr\/blog\/a-la-une\/pierre-pages-fait-son-retour-a-lentrainement-avec-le-biarritz-olympique-apres-une-agression\/","url":"https:\/\/sport-index.fr\/blog\/a-la-une\/pierre-pages-fait-son-retour-a-lentrainement-avec-le-biarritz-olympique-apres-une-agression\/","name":"Pierre Pag\u00e8s fait son retour \u00e0 l'entra\u00eenement","isPartOf":{"@id":"https:\/\/sport-index.fr\/blog\/#website"},"primaryImageOfPage":{"@id":"https:\/\/sport-index.fr\/blog\/a-la-une\/pierre-pages-fait-son-retour-a-lentrainement-avec-le-biarritz-olympique-apres-une-agression\/#primaryimage"},"image":{"@id":"https:\/\/sport-index.fr\/blog\/a-la-une\/pierre-pages-fait-son-retour-a-lentrainement-avec-le-biarritz-olympique-apres-une-agression\/#primaryimage"},"thumbnailUrl":"https:\/\/sport-index.fr\/blog\/wp-content\/uploads\/2025\/02\/stability-pierre-pages-fait-son-retour-a-lentrainement-avec-le-biarritz-olympique-apres-une-agression.png","datePublished":"2026-09-01T19:26:04+00:00","description":"Le 17 f\u00e9vrier 2025, Pierre Pag\u00e8s a repris l'entra\u00eenement avec le Biarritz olympique, sans les ateliers de contact. Ce que l'on sait, et o\u00f9 en est l'affaire.","inLanguage":"fr-FR","potentialAction":[{"@type":"ReadAction","target":["https:\/\/sport-index.fr\/blog\/a-la-une\/pierre-pages-fait-son-retour-a-lentrainement-avec-le-biarritz-olympique-apres-une-agression\/"]}]},{"@type":"ImageObject","inLanguage":"fr-FR","@id":"https:\/\/sport-index.fr\/blog\/a-la-une\/pierre-pages-fait-son-retour-a-lentrainement-avec-le-biarritz-olympique-apres-une-agression\/#primaryimage","url":"https:\/\/sport-index.fr\/blog\/wp-content\/uploads\/2025\/02\/stability-pierre-pages-fait-son-retour-a-lentrainement-avec-le-biarritz-olympique-apres-une-agression.png","contentUrl":"https:\/\/sport-index.fr\/blog\/wp-content\/uploads\/2025\/02\/stability-pierre-pages-fait-son-retour-a-lentrainement-avec-le-biarritz-olympique-apres-une-agression.png","width":1024,"height":576},{"@type":"WebSite","@id":"https:\/\/sport-index.fr\/blog\/#website","url":"https:\/\/sport-index.fr\/blog\/","name":"sport-index.fr","description":"Le score de l\u2019analyse sportive.","publisher":{"@id":"https:\/\/sport-index.fr\/blog\/#organization"},"alternateName":"Le score de l\u2019analyse sportive.","potentialAction":[{"@type":"SearchAction","target":{"@type":"EntryPoint","urlTemplate":"https:\/\/sport-index.fr\/blog\/?s={search_term_string}"},"query-input":{"@type":"PropertyValueSpecification","valueRequired":true,"valueName":"search_term_string"}}],"inLanguage":"fr-FR"},{"@type":"Organization","@id":"https:\/\/sport-index.fr\/blog\/#organization","name":"Foretsensations.fr","url":"https:\/\/sport-index.fr\/blog\/","logo":{"@type":"ImageObject","inLanguage":"fr-FR","@id":"https:\/\/sport-index.fr\/blog\/#\/schema\/logo\/image\/","url":"https:\/\/sport-index.fr\/blog\/wp-content\/uploads\/2026\/07\/logo-auto.png","contentUrl":"https:\/\/sport-index.fr\/blog\/wp-content\/uploads\/2026\/07\/logo-auto.png","width":1024,"height":1024,"caption":"Foretsensations.fr"},"image":{"@id":"https:\/\/sport-index.fr\/blog\/#\/schema\/logo\/image\/"}},{"@type":"Person","@id":"https:\/\/sport-index.fr\/blog\/#\/schema\/person\/3c864cdc320801e3db34b663e7e3f816","name":"Axel Lauzier","image":{"@type":"ImageObject","inLanguage":"fr-FR","@id":"https:\/\/sport-index.fr\/blog\/#\/schema\/person\/image\/","url":"https:\/\/sport-index.fr\/blog\/wp-content\/uploads\/2026\/06\/persona_axel-l-96x96.jpg","contentUrl":"https:\/\/sport-index.fr\/blog\/wp-content\/uploads\/2026\/06\/persona_axel-l-96x96.jpg","caption":"Axel Lauzier"},"description":"Le sport rythme mon quotidien depuis l'enfance, et j'en ai fait mon m\u00e9tier d'analyste r\u00e9dactionnel il y a une dizaine d'ann\u00e9es. Je couvre principalement le football, son actualit\u00e9, ses transferts et l'analyse tactique des grandes affiches, mais aussi les disciplines plus confidentielles que j'aime remettre en lumi\u00e8re. Une partie de mon travail porte sur les pronostics et la lecture statistique d'un match : forme des \u00e9quipes, historique des confrontations, compositions, sans jamais vendre de fausse certitude. Je rappelle syst\u00e9matiquement que parier comporte un risque et doit rester un loisir ma\u00eetris\u00e9. Avant de signer une analyse, je v\u00e9rifie mes chiffres, je recoupe les compositions probables et je distingue toujours la donn\u00e9e brute de l'intuition. Mon objectif : offrir une lecture honn\u00eate et argument\u00e9e, pas un ticket gagnant garanti.","sameAs":["https:\/\/axellauzier.fr\/"],"url":"https:\/\/sport-index.fr\/blog\/auteur\/noname\/"}]}},"_links":{"self":[{"href":"https:\/\/sport-index.fr\/blog\/wp-json\/wp\/v2\/posts\/9379","targetHints":{"allow":["GET"]}}],"collection":[{"href":"https:\/\/sport-index.fr\/blog\/wp-json\/wp\/v2\/posts"}],"about":[{"href":"https:\/\/sport-index.fr\/blog\/wp-json\/wp\/v2\/types\/post"}],"author":[{"embeddable":true,"href":"https:\/\/sport-index.fr\/blog\/wp-json\/wp\/v2\/users\/34"}],"replies":[{"embeddable":true,"href":"https:\/\/sport-index.fr\/blog\/wp-json\/wp\/v2\/comments?post=9379"}],"version-history":[{"count":3,"href":"https:\/\/sport-index.fr\/blog\/wp-json\/wp\/v2\/posts\/9379\/revisions"}],"predecessor-version":[{"id":18399,"href":"https:\/\/sport-index.fr\/blog\/wp-json\/wp\/v2\/posts\/9379\/revisions\/18399"}],"wp:featuredmedia":[{"embeddable":true,"href":"https:\/\/sport-index.fr\/blog\/wp-json\/wp\/v2\/media\/9380"}],"wp:attachment":[{"href":"https:\/\/sport-index.fr\/blog\/wp-json\/wp\/v2\/media?parent=9379"}],"wp:term":[{"taxonomy":"category","embeddable":true,"href":"https:\/\/sport-index.fr\/blog\/wp-json\/wp\/v2\/categories?post=9379"},{"taxonomy":"post_tag","embeddable":true,"href":"https:\/\/sport-index.fr\/blog\/wp-json\/wp\/v2\/tags?post=9379"}],"curies":[{"name":"wp","href":"https:\/\/api.w.org\/{rel}","templated":true}]}}