{"id":9394,"date":"2026-05-17T16:51:28","date_gmt":"2026-05-17T14:51:28","guid":{"rendered":"https:\/\/sport-index.fr\/blog\/?p=9394"},"modified":"2026-05-17T16:51:28","modified_gmt":"2026-05-17T14:51:28","slug":"brad-weber-du-stade-francais-une-operation-de-la-cheville-qui-le-tiendra-eloigne-des-terrains","status":"publish","type":"post","link":"https:\/\/sport-index.fr\/blog\/a-la-une\/brad-weber-du-stade-francais-une-operation-de-la-cheville-qui-le-tiendra-eloigne-des-terrains\/","title":{"rendered":"Brad Weber du Stade fran\u00e7ais : une op\u00e9ration de la cheville qui le tiendra \u00e9loign\u00e9 des terrains"},"content":{"rendered":"<h2>Une blessure inqui\u00e9tante pour un joueur cl\u00e9<\/h2>\n<aside style=\"background:#f1f5f1;border-left:5px solid #1a3a5a;padding:22px 28px;margin:24px 0;font-family:-apple-system,BlinkMacSystemFont,'Segoe UI',Roboto,sans-serif;\">\n<div style=\"margin:0;font-size:19px;line-height:1.55;color:#2a2a2a;font-weight:500;letter-spacing:-0.005em;\">\n    Sorti sur civi\u00e8re \u00e0 la 51\u00e8me minute du match contre Pau, le demi de m\u00eal\u00e9e n\u00e9o-z\u00e9landais du Stade fran\u00e7ais a \u00e9t\u00e9 op\u00e9r\u00e9 avec succ\u00e8s de la cheville. La dur\u00e9e d&rsquo;indisponibilit\u00e9 reste pour l&rsquo;heure incertaine, mais le club parisien doit d\u00e9j\u00e0 repenser son animation au c\u0153ur du jeu.\n  <\/div>\n<\/aside>\n<p>Brad Weber, demi de m\u00eal\u00e9e du Stade fran\u00e7ais, a \u00e9t\u00e9 victime d&rsquo;une blessure s\u00e9rieuse lors du match contre Pau, ce qui a soulev\u00e9 des inqui\u00e9tudes au sein de l&rsquo;\u00e9quipe et des fans. \u00c0 la 51\u00e8me minute, alors qu&rsquo;il tentait de r\u00e9aliser une action d\u00e9cisive, il a subi un coup dur \u00e0 la cheville. Ce moment dramatique a entra\u00een\u00e9 son \u00e9vacuation sur civi\u00e8re, marquant un tournant pour le Stade fran\u00e7ais.<br \/>\nLes cons\u00e9quences de cette blessure sont lourdes pour le club. En tant que joueur d&rsquo;exp\u00e9rience, Weber apporte une forte valeur ajout\u00e9e au jeu, tant sur le plan technique que tactique. Son absence prolong\u00e9e va obliger l&rsquo;entra\u00eeneur Laurent Labit \u00e0 repenser ses strat\u00e9gies et \u00e0 rechercher un rempla\u00e7ant capable de remplir le vide laiss\u00e9 par ce talentueux All Black.<\/p>\n<aside style=\"background:#fafaf7;border:1px solid #e5e5e0;border-radius:8px;padding:24px 26px 26px;margin:28px 0;font-family:-apple-system,BlinkMacSystemFont,'Segoe UI',Roboto,sans-serif;\">\n<div style=\"margin:0 0 18px 0;font-size:11px;font-weight:700;text-transform:uppercase;letter-spacing:2.2px;color:#1a3a5a;\">\u00c0 retenir<\/div>\n<div style=\"display:grid;grid-template-columns:repeat(auto-fit,minmax(240px,1fr));gap:10px;\">\n<div style=\"display:flex;gap:12px;background:#fff;border:1px solid #ebebe5;padding:12px 14px;border-radius:6px;align-items:flex-start;\">\n      <span style=\"flex:0 0 26px;width:26px;height:26px;background:#1a3a5a;color:#fff;border-radius:50%;display:inline-flex;align-items:center;justify-content:center;font-size:12px;font-weight:700;font-family:-apple-system,sans-serif;\">1<\/span><br \/>\n      <span style=\"font-size:14px;line-height:1.5;color:#2a2a2a;\">Sortie sur civi\u00e8re \u00e0 la 51\u00e8me minute face \u00e0 Pau, intervention chirurgicale r\u00e9ussie \u00e0 la cheville.<\/span>\n    <\/div>\n<div style=\"display:flex;gap:12px;background:#fff;border:1px solid #ebebe5;padding:12px 14px;border-radius:6px;align-items:flex-start;\">\n      <span style=\"flex:0 0 26px;width:26px;height:26px;background:#1a3a5a;color:#fff;border-radius:50%;display:inline-flex;align-items:center;justify-content:center;font-size:12px;font-weight:700;font-family:-apple-system,sans-serif;\">2<\/span><br \/>\n      <span style=\"font-size:14px;line-height:1.5;color:#2a2a2a;\">Dur\u00e9e d&rsquo;\u00e9loignement non communiqu\u00e9e par le staff m\u00e9dical, retour conditionn\u00e9 \u00e0 la phase de r\u00e9athl\u00e9tisation.<\/span>\n    <\/div>\n<div style=\"display:flex;gap:12px;background:#fff;border:1px solid #ebebe5;padding:12px 14px;border-radius:6px;align-items:flex-start;\">\n      <span style=\"flex:0 0 26px;width:26px;height:26px;background:#1a3a5a;color:#fff;border-radius:50%;display:inline-flex;align-items:center;justify-content:center;font-size:12px;font-weight:700;font-family:-apple-system,sans-serif;\">3<\/span><br \/>\n      <span style=\"font-size:14px;line-height:1.5;color:#2a2a2a;\">Profil All Black, demi de m\u00eal\u00e9e exp\u00e9riment\u00e9 apportant lecture du jeu et tempo \u00e0 l&rsquo;\u00e9quipe parisienne.<\/span>\n    <\/div>\n<div style=\"display:flex;gap:12px;background:#fff;border:1px solid #ebebe5;padding:12px 14px;border-radius:6px;align-items:flex-start;\">\n      <span style=\"flex:0 0 26px;width:26px;height:26px;background:#1a3a5a;color:#fff;border-radius:50%;display:inline-flex;align-items:center;justify-content:center;font-size:12px;font-weight:700;font-family:-apple-system,sans-serif;\">4<\/span><br \/>\n      <span style=\"font-size:14px;line-height:1.5;color:#2a2a2a;\">Laurent Labit doit revoir sa hi\u00e9rarchie au poste de demi de m\u00eal\u00e9e pour la suite de la saison.<\/span>\n    <\/div>\n<div style=\"display:flex;gap:12px;background:#fff;border:1px solid #ebebe5;padding:12px 14px;border-radius:6px;align-items:flex-start;\">\n      <span style=\"flex:0 0 26px;width:26px;height:26px;background:#1a3a5a;color:#fff;border-radius:50%;display:inline-flex;align-items:center;justify-content:center;font-size:12px;font-weight:700;font-family:-apple-system,sans-serif;\">5<\/span><br \/>\n      <span style=\"font-size:14px;line-height:1.5;color:#2a2a2a;\">Top 14 toujours dans le viseur : l&rsquo;effectif parisien devra absorber l&rsquo;absence sans perdre en ambition.<\/span>\n    <\/div>\n<\/p><\/div>\n<\/aside>\n<h2>Une op\u00e9ration r\u00e9ussie, mais des mois d&rsquo;absence<\/h2>\n<p>Le club parisien a annonc\u00e9 que l&rsquo;op\u00e9ration de la cheville de Brad Weber s&rsquo;est bien d\u00e9roul\u00e9e, permettant d&rsquo;apaiser temporairement les craintes des supporters. Cependant, la dur\u00e9e de son absence reste floue, laissant planer le doute sur son retour sur le terrain.<\/p>\n<figure style=\"margin:38px auto;padding:28px 24px;text-align:center;border-top:1px solid #2a2a2a;border-bottom:1px solid #2a2a2a;max-width:640px;position:relative;font-family:Georgia,'Hoefler Text',serif;\">\n<div style=\"position:absolute;top:-20px;left:50%;transform:translateX(-50%);background:#ffffff;padding:0 14px;font-size:48px;line-height:1;color:#1a3a5a;font-family:Georgia,serif;\">\u00ab<\/div>\n<blockquote style=\"margin:0;padding:0;font-size:22px;line-height:1.5;font-style:italic;color:#1a1a1a;letter-spacing:-0.005em;\"><p>\n    Sorti sur civi\u00e8re samedi face \u00e0 Pau et chaleureusement applaudi par Jean Bouin, notre demi de m\u00eal\u00e9e a bien \u00e9t\u00e9 pris en charge et op\u00e9r\u00e9 avec succ\u00e8s de la cheville.<br \/>\n  <\/blockquote><figcaption style=\"margin-top:14px;font-size:12px;text-transform:uppercase;letter-spacing:2px;color:#6a6a6a;font-family:-apple-system,sans-serif;font-style:normal;\">\u2014 Communiqu\u00e9 officiel, Stade fran\u00e7ais<\/figcaption><\/figure>\n<p>Cette situation soul\u00e8ve des questions sur l&rsquo;avenir de l&rsquo;\u00e9quipe. Les Parisiens devront d\u00e9sormais s&rsquo;adapter \u00e0 l&rsquo;absence de Weber, un joueur qui a su faire la diff\u00e9rence lors des moments cruciaux. La recherche d&rsquo;un rempla\u00e7ant comp\u00e9tent devient primordiale pour maintenir les performances de l&rsquo;\u00e9quipe en Top 14.<\/p>\n<aside style=\"background:#fff7e0;border-left:4px solid #d4a017;padding:14px 18px;margin:18px 0;border-radius:0 4px 4px 0;font-family:-apple-system,BlinkMacSystemFont,'Segoe UI',Roboto,sans-serif;\">\n  <strong style=\"display:inline-block;color:#7a5e00;font-size:12px;text-transform:uppercase;letter-spacing:1.5px;margin-right:8px;\">&#128161; Bon \u00e0 savoir<\/strong><br \/>\n  <span style=\"font-size:14.5px;line-height:1.55;color:#3a3a3a;\">La chirurgie de la cheville est devenue une intervention courante chez les joueurs professionnels de rugby : techniques arthroscopiques, suites op\u00e9ratoires plus l\u00e9g\u00e8res et meilleure visibilit\u00e9 sur le retour au jeu qu&rsquo;il y a une d\u00e9cennie.<\/span><br \/>\n<\/aside>\n<p><iframe loading=\"lazy\" title=\"Live Cours de Pilates #11\" width=\"1200\" height=\"675\" src=\"https:\/\/www.youtube.com\/embed\/bqvY8z1RspA?feature=oembed\" frameborder=\"0\" allow=\"accelerometer; autoplay; clipboard-write; encrypted-media; gyroscope; picture-in-picture; web-share\" referrerpolicy=\"strict-origin-when-cross-origin\" allowfullscreen><\/iframe><\/p>\n<h2>Le profil d&rsquo;un cadre du vestiaire parisien<\/h2>\n<p>Avant la blessure, Brad Weber s&rsquo;\u00e9tait impos\u00e9 comme un rep\u00e8re pour ses partenaires de ligne. Demi de m\u00eal\u00e9e n\u00e9o-z\u00e9landais s\u00e9lectionn\u00e9 chez les All Blacks, il a b\u00e2ti sa r\u00e9putation sur la vitesse de transmission, la lecture des phases de fixation et la capacit\u00e9 \u00e0 dialoguer avec ses ouvreurs. Au Stade fran\u00e7ais, il incarnait depuis son arriv\u00e9e la passerelle entre le rugby de l&rsquo;h\u00e9misph\u00e8re sud et le projet de jeu francilien.<\/p>\n<div style=\"display:grid;grid-template-columns:repeat(auto-fit,minmax(220px,1fr));gap:14px;margin:28px 0;font-family:-apple-system,BlinkMacSystemFont,'Segoe UI',Roboto,sans-serif;\">\n<article style=\"background:#fff;border:1px solid #e5e5e0;border-top:3px solid #1a3a5a;border-radius:6px;padding:18px 18px 16px;\">\n<div style=\"width:36px;height:36px;background:#f1f5f1;border-radius:50%;display:inline-flex;align-items:center;justify-content:center;margin-bottom:12px;\">\n      <span style=\"font-size:18px;color:#1a3a5a;font-weight:900;font-family:Georgia,serif;\">01<\/span>\n    <\/div>\n<h3 style=\"margin:0 0 6px 0;font-size:16px;font-weight:700;color:#1a1a1a;letter-spacing:-0.01em;\">Poste<\/h3>\n<div style=\"margin:0;font-size:13.5px;line-height:1.55;color:#4a4a4a;\">Demi de m\u00eal\u00e9e, charni\u00e8re num\u00e9ro 9. Distributeur du ballon depuis les rucks et chef d&rsquo;orchestre du tempo.<\/div>\n<\/article>\n<article style=\"background:#fff;border:1px solid #e5e5e0;border-top:3px solid #1a3a5a;border-radius:6px;padding:18px 18px 16px;\">\n<div style=\"width:36px;height:36px;background:#f1f5f1;border-radius:50%;display:inline-flex;align-items:center;justify-content:center;margin-bottom:12px;\">\n      <span style=\"font-size:18px;color:#1a3a5a;font-weight:900;font-family:Georgia,serif;\">02<\/span>\n    <\/div>\n<h3 style=\"margin:0 0 6px 0;font-size:16px;font-weight:700;color:#1a1a1a;letter-spacing:-0.01em;\">Nationalit\u00e9<\/h3>\n<div style=\"margin:0;font-size:13.5px;line-height:1.55;color:#4a4a4a;\">N\u00e9o-z\u00e9landais, form\u00e9 dans le rugby provincial des \u00eeles avant son ascension au plus haut niveau.<\/div>\n<\/article>\n<article style=\"background:#fff;border:1px solid #e5e5e0;border-top:3px solid #1a3a5a;border-radius:6px;padding:18px 18px 16px;\">\n<div style=\"width:36px;height:36px;background:#f1f5f1;border-radius:50%;display:inline-flex;align-items:center;justify-content:center;margin-bottom:12px;\">\n      <span style=\"font-size:18px;color:#1a3a5a;font-weight:900;font-family:Georgia,serif;\">03<\/span>\n    <\/div>\n<h3 style=\"margin:0 0 6px 0;font-size:16px;font-weight:700;color:#1a1a1a;letter-spacing:-0.01em;\">S\u00e9lection<\/h3>\n<div style=\"margin:0;font-size:13.5px;line-height:1.55;color:#4a4a4a;\">All Black, internationalit\u00e9 confirm\u00e9e. R\u00e9f\u00e9rence dans la rotation des num\u00e9ros 9 de la Nouvelle-Z\u00e9lande.<\/div>\n<\/article>\n<article style=\"background:#fff;border:1px solid #e5e5e0;border-top:3px solid #1a3a5a;border-radius:6px;padding:18px 18px 16px;\">\n<div style=\"width:36px;height:36px;background:#f1f5f1;border-radius:50%;display:inline-flex;align-items:center;justify-content:center;margin-bottom:12px;\">\n      <span style=\"font-size:18px;color:#1a3a5a;font-weight:900;font-family:Georgia,serif;\">04<\/span>\n    <\/div>\n<h3 style=\"margin:0 0 6px 0;font-size:16px;font-weight:700;color:#1a1a1a;letter-spacing:-0.01em;\">Atout principal<\/h3>\n<div style=\"margin:0;font-size:13.5px;line-height:1.55;color:#4a4a4a;\">Vitesse d&rsquo;ex\u00e9cution et qualit\u00e9 de passe sous pression, deux marqueurs constants depuis ses d\u00e9buts professionnels.<\/div>\n<\/article>\n<article style=\"background:#fff;border:1px solid #e5e5e0;border-top:3px solid #1a3a5a;border-radius:6px;padding:18px 18px 16px;\">\n<div style=\"width:36px;height:36px;background:#f1f5f1;border-radius:50%;display:inline-flex;align-items:center;justify-content:center;margin-bottom:12px;\">\n      <span style=\"font-size:18px;color:#1a3a5a;font-weight:900;font-family:Georgia,serif;\">05<\/span>\n    <\/div>\n<h3 style=\"margin:0 0 6px 0;font-size:16px;font-weight:700;color:#1a1a1a;letter-spacing:-0.01em;\">Club actuel<\/h3>\n<div style=\"margin:0;font-size:13.5px;line-height:1.55;color:#4a4a4a;\">Stade fran\u00e7ais Paris, Top 14. Arriv\u00e9 pour densifier la charni\u00e8re et apporter de l&rsquo;exp\u00e9rience h\u00e9misph\u00e8re sud.<\/div>\n<\/article>\n<article style=\"background:#fff;border:1px solid #e5e5e0;border-top:3px solid #1a3a5a;border-radius:6px;padding:18px 18px 16px;\">\n<div style=\"width:36px;height:36px;background:#f1f5f1;border-radius:50%;display:inline-flex;align-items:center;justify-content:center;margin-bottom:12px;\">\n      <span style=\"font-size:18px;color:#1a3a5a;font-weight:900;font-family:Georgia,serif;\">06<\/span>\n    <\/div>\n<h3 style=\"margin:0 0 6px 0;font-size:16px;font-weight:700;color:#1a1a1a;letter-spacing:-0.01em;\">R\u00f4le vestiaire<\/h3>\n<div style=\"margin:0;font-size:13.5px;line-height:1.55;color:#4a4a4a;\">R\u00e9f\u00e9rent silencieux, dialogue continu avec l&rsquo;ouvreur, relais culturel pour les jeunes form\u00e9s au club.<\/div>\n<\/article>\n<\/div>\n<h2>Les impacts sur le Stade fran\u00e7ais et ses ambitions<\/h2>\n<p>La perte de Brad Weber est un coup dur pour le Stade fran\u00e7ais, qui vise toujours les sommets du Top 14. Son exp\u00e9rience et sa connaissance du jeu sont des atouts que l&rsquo;\u00e9quipe ne peut se permettre de perdre si longtemps. Les prochaines semaines seront d\u00e9terminantes pour le club, qui devra se montrer agile et r\u00e9actif sur le march\u00e9 des transferts.<\/p>\n<aside style=\"background:#fdecec;border-left:4px solid #c54848;padding:14px 18px;margin:18px 0;border-radius:0 4px 4px 0;font-family:-apple-system,BlinkMacSystemFont,'Segoe UI',Roboto,sans-serif;\">\n  <strong style=\"display:inline-block;color:#8a2020;font-size:12px;text-transform:uppercase;letter-spacing:1.5px;margin-right:8px;\">&#9888;&#65039; Attention<\/strong><br \/>\n  <span style=\"font-size:14.5px;line-height:1.55;color:#3a3a3a;\">Mettre toute la pression sur une jeune doublure peut \u00eatre contre-productif : entr\u00e9e par paliers, gestion du temps de jeu et accompagnement vid\u00e9o restent la cl\u00e9 pour \u00e9viter la surcharge mentale en plein championnat.<\/span><br \/>\n<\/aside>\n<p>Dans cette p\u00e9riode difficile, il est crucial pour les co\u00e9quipiers de Brad de se rassembler et de soutenir les jeunes talents qui auront l&rsquo;opportunit\u00e9 de se montrer. Le d\u00e9fi sera de garder l&rsquo;esprit d&rsquo;\u00e9quipe et de continuer \u00e0 avancer malgr\u00e9 cette adversit\u00e9. Le Stade fran\u00e7ais devra faire preuve de r\u00e9silience pour naviguer dans cette temp\u00eate.<\/p>\n<h2>La hi\u00e9rarchie au poste de demi de m\u00eal\u00e9e<\/h2>\n<p>Avec Weber sur le flanc, Laurent Labit dispose de plusieurs cartes \u00e0 jouer dans le couloir de la m\u00eal\u00e9e. Le club peut s&rsquo;appuyer sur ses doublures internes, faire monter un espoir issu du centre de formation ou activer un joker m\u00e9dical via le march\u00e9 des transferts. Chaque option a son co\u00fbt et son timing.<\/p>\n<figure style=\"margin:32px 0;font-family:-apple-system,BlinkMacSystemFont,'Segoe UI',Roboto,sans-serif;\">\n<div style=\"overflow-x:auto;border:1px solid #e5e5e0;border-radius:8px;\">\n<table style=\"width:100%;border-collapse:collapse;font-size:14px;color:#2a2a2a;min-width:500px;\">\n<thead>\n<tr style=\"background:#1a1a1a;color:#fff;\">\n<th style=\"text-align:left;padding:14px 18px;font-weight:700;font-size:12px;text-transform:uppercase;letter-spacing:1.5px;\">Option<\/th>\n<th style=\"text-align:left;padding:14px 18px;font-weight:700;font-size:12px;text-transform:uppercase;letter-spacing:1.5px;\">Profil<\/th>\n<th style=\"text-align:center;padding:14px 18px;font-weight:700;font-size:12px;text-transform:uppercase;letter-spacing:1.5px;\">Disponibilit\u00e9<\/th>\n<\/tr>\n<\/thead>\n<tbody>\n<tr style=\"background:#fff;border-bottom:1px solid #f0ede5;\">\n<td style=\"padding:14px 18px;font-weight:600;\">Doublure interne<\/td>\n<td style=\"padding:14px 18px;color:#4a4a4a;\">Demi de m\u00eal\u00e9e d\u00e9j\u00e0 sous contrat, int\u00e9gr\u00e9 aux sch\u00e9mas de Labit.<\/td>\n<td style=\"padding:14px 18px;text-align:center;color:#6a6a6a;\">Imm\u00e9diate<\/td>\n<\/tr>\n<tr style=\"background:#fafaf7;border-bottom:1px solid #f0ede5;\">\n<td style=\"padding:14px 18px;font-weight:600;\">Jeune du centre de formation<\/td>\n<td style=\"padding:14px 18px;color:#4a4a4a;\">Espoir prometteur, mont\u00e9e en charge progressive en Top 14.<\/td>\n<td style=\"padding:14px 18px;text-align:center;color:#6a6a6a;\">Sous 1 \u00e0 2 matchs<\/td>\n<\/tr>\n<tr style=\"background:#fff;border-bottom:1px solid #f0ede5;\">\n<td style=\"padding:14px 18px;font-weight:600;\">Joker m\u00e9dical externe<\/td>\n<td style=\"padding:14px 18px;color:#4a4a4a;\">Recrutement court terme conditionn\u00e9 \u00e0 la dur\u00e9e d&rsquo;absence officialis\u00e9e.<\/td>\n<td style=\"padding:14px 18px;text-align:center;color:#6a6a6a;\">Selon dossier LNR<\/td>\n<\/tr>\n<tr style=\"background:#fafaf7;\">\n<td style=\"padding:14px 18px;font-weight:600;\">Repositionnement<\/td>\n<td style=\"padding:14px 18px;color:#4a4a4a;\">Demi d&rsquo;ouverture replac\u00e9 en 9 selon les besoins du match.<\/td>\n<td style=\"padding:14px 18px;text-align:center;color:#6a6a6a;\">Tactique<\/td>\n<\/tr>\n<\/tbody>\n<\/table><\/div><figcaption style=\"font-size:11px;color:#7a7a7a;margin-top:8px;text-align:right;letter-spacing:0.3px;\">Pistes possibles, classement \u00e0 titre indicatif.<\/figcaption><\/figure>\n<h2>Blessure courte ou longue dur\u00e9e : deux sc\u00e9narios<\/h2>\n<p>Tant que le staff m\u00e9dical n&rsquo;a pas communiqu\u00e9 de calendrier pr\u00e9cis, deux sc\u00e9narios coexistent dans l&rsquo;esprit du staff parisien. Les ressorts ne sont pas les m\u00eames et conditionnent l&rsquo;attitude du club sur le march\u00e9.<\/p>\n<div style=\"display:grid;grid-template-columns:repeat(auto-fit,minmax(260px,1fr));gap:14px;margin:28px 0;font-family:-apple-system,BlinkMacSystemFont,'Segoe UI',Roboto,sans-serif;\">\n<div style=\"background:#fdecec;border:1px solid #f3cccc;border-radius:6px;padding:20px 22px;\">\n<div style=\"display:flex;align-items:center;gap:10px;margin-bottom:14px;padding-bottom:10px;border-bottom:1px solid #f3cccc;\">\n      <span style=\"width:32px;height:32px;background:#c54848;color:#fff;border-radius:50%;display:inline-flex;align-items:center;justify-content:center;font-size:18px;font-weight:700;\">&#10005;<\/span><\/p>\n<h3 style=\"margin:0;font-size:16px;font-weight:700;color:#8a2020;letter-spacing:-0.01em;\">Sc\u00e9nario long<\/h3>\n<\/p><\/div>\n<ul style=\"margin:0;padding-left:18px;font-size:14px;line-height:1.7;color:#3a3a3a;\">\n<li>L\u00e9sion ligamentaire complexe \u00e0 reconstruire<\/li>\n<li>R\u00e9athl\u00e9tisation longue, retour progressif sur plusieurs mois<\/li>\n<li>Activation probable d&rsquo;un joker m\u00e9dical<\/li>\n<li>Pression accrue sur la hi\u00e9rarchie interne<\/li>\n<\/ul><\/div>\n<div style=\"background:#e7f5ec;border:1px solid #c4dfcd;border-radius:6px;padding:20px 22px;\">\n<div style=\"display:flex;align-items:center;gap:10px;margin-bottom:14px;padding-bottom:10px;border-bottom:1px solid #c4dfcd;\">\n      <span style=\"width:32px;height:32px;background:#1a3a5a;color:#fff;border-radius:50%;display:inline-flex;align-items:center;justify-content:center;font-size:18px;font-weight:700;\">&#10003;<\/span><\/p>\n<h3 style=\"margin:0;font-size:16px;font-weight:700;color:#1d4a30;letter-spacing:-0.01em;\">Sc\u00e9nario court<\/h3>\n<\/p><\/div>\n<ul style=\"margin:0;padding-left:18px;font-size:14px;line-height:1.7;color:#3a3a3a;\">\n<li>Geste chirurgical net, suites simples<\/li>\n<li>Reprise course possible sous quelques semaines<\/li>\n<li>Pas besoin de bouger sur le march\u00e9<\/li>\n<li>Doublure interne rassur\u00e9e et responsabilis\u00e9e<\/li>\n<\/ul><\/div>\n<\/div>\n<aside style=\"background:#e7f5ec;border-left:4px solid #1a3a5a;padding:14px 18px;margin:18px 0;border-radius:0 4px 4px 0;font-family:-apple-system,BlinkMacSystemFont,'Segoe UI',Roboto,sans-serif;\">\n  <strong style=\"display:inline-block;color:#1d4a30;font-size:12px;text-transform:uppercase;letter-spacing:1.5px;margin-right:8px;\">&#10022; Astuce<\/strong><br \/>\n  <span style=\"font-size:14.5px;line-height:1.55;color:#3a3a3a;\">Suivre la r\u00e9athl\u00e9tisation au plus pr\u00e8s donne souvent plus d&rsquo;informations que les communiqu\u00e9s officiels : pr\u00e9sence aux entra\u00eenements, courses fractionn\u00e9es, opposition l\u00e9g\u00e8re puis int\u00e9gration aux s\u00e9ances tactiques sont les vrais marqueurs du retour.<\/span><br \/>\n<\/aside>\n<h2>Ce que cela change pour la suite de la saison<\/h2>\n<p>Le calendrier ne va pas attendre que Brad Weber soit remis. Chaque journ\u00e9e de Top 14 va peser, et l&rsquo;\u00e9quipe parisienne devra trouver un nouveau point d&rsquo;\u00e9quilibre derri\u00e8re la m\u00eal\u00e9e. Pour le staff, l&rsquo;enjeu n&rsquo;est pas seulement de combler un poste : il s&rsquo;agit aussi de pr\u00e9server une identit\u00e9 de jeu construite autour des qualit\u00e9s de transmission et de leadership du joueur bless\u00e9.<br \/>\nL&rsquo;autre param\u00e8tre, c&rsquo;est l&rsquo;effet vestiaire. Voir partir un cadre sur civi\u00e8re, applaudi par Jean Bouin, marque les esprits. La capacit\u00e9 des leaders \u00e0 transformer ce moment en \u00e9nergie collective dira beaucoup de la profondeur r\u00e9elle de l&rsquo;effectif parisien.<\/p>\n<h2>Synth\u00e8se<\/h2>\n<p>Une intervention chirurgicale r\u00e9ussie, une absence de dur\u00e9e encore floue et une \u00e9quipe qui doit d\u00e9j\u00e0 se r\u00e9organiser autour de l&rsquo;absence de son demi de m\u00eal\u00e9e n\u00e9o-z\u00e9landais : voil\u00e0 le tableau c\u00f4t\u00e9 Stade fran\u00e7ais. La trajectoire des prochaines semaines d\u00e9pendra autant de la qualit\u00e9 de la r\u00e9athl\u00e9tisation de Brad Weber que de la r\u00e9ponse collective du groupe en Top 14. Suivre la communication officielle du club et les retours de terrain reste le meilleur thermom\u00e8tre.<br \/>\nCet article pr\u00e9sente les \u00e9v\u00e9nements r\u00e9cents concernant Brad Weber, en mettant en lumi\u00e8re les implications pour le Stade fran\u00e7ais et en engageant les lecteurs \u00e0 suivre cette histoire de pr\u00e8s.<img decoding=\"async\" width=\"1024\" height=\"576\" src=\"https:\/\/sport-index.fr\/blog\/wp-content\/uploads\/2025\/02\/stability-brad-weber-du-stade-francais-une-operation-de-la-cheville-qui-le-tiendra-eloigne-des-terrains-1.png\" class=\"aligncenter\" alt=\"Illustration d\u00e9taill\u00e9e sur Brad Weber du Stade fran\u00e7ais : une op\u00e9ration de la cheville qui le tiendra \u00e9loign\u00e9 des terrains\" title=\"Brad Weber du Stade fran\u00e7ais : une op\u00e9ration de la cheville qui le tiendra \u00e9loign\u00e9 des terrains\" loading=\"lazy\" \/><\/p>\n<section style=\"margin:32px 0;font-family:-apple-system,BlinkMacSystemFont,'Segoe UI',Roboto,sans-serif;\">\n<h2 style=\"margin:0 0 18px 0;font-size:22px;font-weight:800;color:#1a1a1a;letter-spacing:-0.01em;\">Questions fr\u00e9quentes<\/h2>\n<div style=\"border-top:1px solid #d4cfc4;\">\n<details style=\"border-bottom:1px solid #d4cfc4;padding:0;\">\n<summary style=\"cursor:pointer;padding:16px 0;font-size:17px;font-weight:700;color:#1a1a1a;list-style:none;display:flex;justify-content:space-between;align-items:center;gap:14px;\">\n        <span>Combien de temps Brad Weber sera-t-il \u00e9loign\u00e9 des terrains ?<\/span><br \/>\n        <span style=\"font-size:22px;font-weight:300;color:#1a3a5a;line-height:1;\">+<\/span><br \/>\n      <\/summary>\n<div style=\"padding:0 0 16px 0;font-size:15px;line-height:1.7;color:#4a4a4a;\">Le Stade fran\u00e7ais n&rsquo;a pas officialis\u00e9 de calendrier pr\u00e9cis. Le club confirme uniquement que l&rsquo;op\u00e9ration de la cheville s&rsquo;est bien d\u00e9roul\u00e9e. La dur\u00e9e de l&rsquo;absence sera pr\u00e9cis\u00e9e au fil de la phase de r\u00e9athl\u00e9tisation.<\/div>\n<\/details>\n<details style=\"border-bottom:1px solid #d4cfc4;padding:0;\">\n<summary style=\"cursor:pointer;padding:16px 0;font-size:17px;font-weight:700;color:#1a1a1a;list-style:none;display:flex;justify-content:space-between;align-items:center;gap:14px;\">\n        <span>Quel type d&rsquo;intervention a-t-il subi ?<\/span><br \/>\n        <span style=\"font-size:22px;font-weight:300;color:#1a3a5a;line-height:1;\">+<\/span><br \/>\n      <\/summary>\n<div style=\"padding:0 0 16px 0;font-size:15px;line-height:1.7;color:#4a4a4a;\">Le club a communiqu\u00e9 sur une op\u00e9ration de la cheville r\u00e9ussie, sans d\u00e9tailler la nature pr\u00e9cise du geste chirurgical. Ce type d&rsquo;intervention est aujourd&rsquo;hui fr\u00e9quent dans le rugby professionnel, avec des protocoles bien rod\u00e9s.<\/div>\n<\/details>\n<details style=\"border-bottom:1px solid #d4cfc4;padding:0;\">\n<summary style=\"cursor:pointer;padding:16px 0;font-size:17px;font-weight:700;color:#1a1a1a;list-style:none;display:flex;justify-content:space-between;align-items:center;gap:14px;\">\n        <span>Qui peut le remplacer au poste de demi de m\u00eal\u00e9e ?<\/span><br \/>\n        <span style=\"font-size:22px;font-weight:300;color:#1a3a5a;line-height:1;\">+<\/span><br \/>\n      <\/summary>\n<div style=\"padding:0 0 16px 0;font-size:15px;line-height:1.7;color:#4a4a4a;\">Plusieurs options coexistent au Stade fran\u00e7ais : la doublure d\u00e9j\u00e0 sous contrat, un jeune issu du centre de formation, ou \u00e9ventuellement un joker m\u00e9dical si la dur\u00e9e d&rsquo;absence se confirme longue. Laurent Labit aura la main sur le choix sportif.<\/div>\n<\/details>\n<details style=\"border-bottom:1px solid #d4cfc4;padding:0;\">\n<summary style=\"cursor:pointer;padding:16px 0;font-size:17px;font-weight:700;color:#1a1a1a;list-style:none;display:flex;justify-content:space-between;align-items:center;gap:14px;\">\n        <span>Brad Weber pourra-t-il revenir dans la saison de Top 14 ?<\/span><br \/>\n        <span style=\"font-size:22px;font-weight:300;color:#1a3a5a;line-height:1;\">+<\/span><br \/>\n      <\/summary>\n<div style=\"padding:0 0 16px 0;font-size:15px;line-height:1.7;color:#4a4a4a;\">Tout d\u00e9pendra de la nature exacte de la l\u00e9sion et de la qualit\u00e9 de la r\u00e9athl\u00e9tisation. Le club n&rsquo;a pas indiqu\u00e9 si son retour \u00e9tait envisag\u00e9 d&rsquo;ici la fin de saison ou seulement \u00e0 l&rsquo;exercice suivant.<\/div>\n<\/details>\n<details style=\"border-bottom:1px solid #d4cfc4;padding:0;\">\n<summary style=\"cursor:pointer;padding:16px 0;font-size:17px;font-weight:700;color:#1a1a1a;list-style:none;display:flex;justify-content:space-between;align-items:center;gap:14px;\">\n        <span>Son contrat avec le Stade fran\u00e7ais est-il impact\u00e9 ?<\/span><br \/>\n        <span style=\"font-size:22px;font-weight:300;color:#1a3a5a;line-height:1;\">+<\/span><br \/>\n      <\/summary>\n<div style=\"padding:0 0 16px 0;font-size:15px;line-height:1.7;color:#4a4a4a;\">Aucune information officielle ne fait \u00e9tat d&rsquo;une modification du contrat. Une longue indisponibilit\u00e9 peut en revanche d\u00e9clencher l&rsquo;activation d&rsquo;un joker m\u00e9dical par le club, dispositif encadr\u00e9 par la LNR.<\/div>\n<\/details><\/div>\n<\/section>\n","protected":false},"excerpt":{"rendered":"","protected":false},"author":34,"featured_media":9395,"comment_status":"open","ping_status":"open","sticky":false,"template":"","format":"standard","meta":{"_acf_changed":false,"manual_indexmenow":false,"indexmenow_id_project":0,"footnotes":""},"categories":[1],"tags":[5122,4544,4632,4408,4539],"class_list":["post-9394","post","type-post","status-publish","format-standard","has-post-thumbnail","hentry","category-a-la-une","tag-blessures","tag-equipe","tag-performance-sportive","tag-resilience","tag-top-14","generate-columns","tablet-grid-50","mobile-grid-100","grid-parent","grid-25"],"acf":[],"yoast_head":"<!-- This site is optimized with the Yoast SEO Premium plugin v21.3 (Yoast SEO v26.5) - https:\/\/yoast.com\/wordpress\/plugins\/seo\/ -->\n<title>Brad Weber du Stade fran\u00e7ais : une op\u00e9ration de la cheville<\/title>\n<meta name=\"description\" content=\"Une blessure inqui\u00e9tante pour un joueur cl\u00e9 Sorti sur civi\u00e8re \u00e0 la 51\u00e8me minute du match contre Pau, le demi de m\u00eal\u00e9e n\u00e9o-z\u00e9landais du Stade fran\u00e7ais a\u2026\" \/>\n<meta name=\"robots\" content=\"index, follow, max-snippet:-1, max-image-preview:large, max-video-preview:-1\" \/>\n<link rel=\"canonical\" href=\"https:\/\/sport-index.fr\/blog\/a-la-une\/brad-weber-du-stade-francais-une-operation-de-la-cheville-qui-le-tiendra-eloigne-des-terrains\/\" \/>\n<meta property=\"og:locale\" content=\"fr_FR\" \/>\n<meta property=\"og:type\" content=\"article\" \/>\n<meta property=\"og:title\" content=\"Brad Weber du Stade fran\u00e7ais : une op\u00e9ration de la cheville\" \/>\n<meta property=\"og:description\" content=\"Une blessure inqui\u00e9tante pour un joueur cl\u00e9 Sorti sur civi\u00e8re \u00e0 la 51\u00e8me minute du match contre Pau, le demi de m\u00eal\u00e9e n\u00e9o-z\u00e9landais du Stade fran\u00e7ais a\u2026\" \/>\n<meta property=\"og:url\" content=\"https:\/\/sport-index.fr\/blog\/a-la-une\/brad-weber-du-stade-francais-une-operation-de-la-cheville-qui-le-tiendra-eloigne-des-terrains\/\" \/>\n<meta property=\"og:site_name\" content=\"sport-index\" \/>\n<meta property=\"og:image\" content=\"https:\/\/sport-index.fr\/blog\/wp-content\/uploads\/2025\/02\/stability-brad-weber-du-stade-francais-une-operation-de-la-cheville-qui-le-tiendra-eloigne-des-terrains.png\" \/>\n\t<meta property=\"og:image:width\" content=\"1024\" \/>\n\t<meta property=\"og:image:height\" content=\"576\" \/>\n\t<meta property=\"og:image:type\" content=\"image\/png\" \/>\n<meta name=\"author\" content=\"Axel Lauzier\" \/>\n<meta name=\"twitter:card\" content=\"summary_large_image\" \/>\n<script type=\"application\/ld+json\" class=\"yoast-schema-graph\">{\"@context\":\"https:\/\/schema.org\",\"@graph\":[{\"@type\":\"NewsArticle\",\"@id\":\"https:\/\/sport-index.fr\/blog\/a-la-une\/brad-weber-du-stade-francais-une-operation-de-la-cheville-qui-le-tiendra-eloigne-des-terrains\/#article\",\"isPartOf\":{\"@id\":\"https:\/\/sport-index.fr\/blog\/a-la-une\/brad-weber-du-stade-francais-une-operation-de-la-cheville-qui-le-tiendra-eloigne-des-terrains\/\"},\"author\":{\"name\":\"Axel Lauzier\",\"@id\":\"https:\/\/sport-index.fr\/blog\/#\/schema\/person\/3c864cdc320801e3db34b663e7e3f816\"},\"headline\":\"Brad Weber du Stade fran\u00e7ais : une op\u00e9ration de la cheville qui le tiendra \u00e9loign\u00e9 des terrains\",\"datePublished\":\"2026-05-17T14:51:28+00:00\",\"mainEntityOfPage\":{\"@id\":\"https:\/\/sport-index.fr\/blog\/a-la-une\/brad-weber-du-stade-francais-une-operation-de-la-cheville-qui-le-tiendra-eloigne-des-terrains\/\"},\"wordCount\":1718,\"commentCount\":27,\"publisher\":{\"@id\":\"https:\/\/sport-index.fr\/blog\/#organization\"},\"image\":{\"@id\":\"https:\/\/sport-index.fr\/blog\/a-la-une\/brad-weber-du-stade-francais-une-operation-de-la-cheville-qui-le-tiendra-eloigne-des-terrains\/#primaryimage\"},\"thumbnailUrl\":\"https:\/\/sport-index.fr\/blog\/wp-content\/uploads\/2025\/02\/stability-brad-weber-du-stade-francais-une-operation-de-la-cheville-qui-le-tiendra-eloigne-des-terrains.png\",\"keywords\":[\"Blessures\",\"\u00c9quipe\",\"Performance sportive\",\"R\u00e9silience\",\"Top 14\"],\"articleSection\":[\"\u00c0 la une\"],\"inLanguage\":\"fr-FR\",\"potentialAction\":[{\"@type\":\"CommentAction\",\"name\":\"Comment\",\"target\":[\"https:\/\/sport-index.fr\/blog\/a-la-une\/brad-weber-du-stade-francais-une-operation-de-la-cheville-qui-le-tiendra-eloigne-des-terrains\/#respond\"]}]},{\"@type\":\"WebPage\",\"@id\":\"https:\/\/sport-index.fr\/blog\/a-la-une\/brad-weber-du-stade-francais-une-operation-de-la-cheville-qui-le-tiendra-eloigne-des-terrains\/\",\"url\":\"https:\/\/sport-index.fr\/blog\/a-la-une\/brad-weber-du-stade-francais-une-operation-de-la-cheville-qui-le-tiendra-eloigne-des-terrains\/\",\"name\":\"Brad Weber du Stade fran\u00e7ais : une op\u00e9ration de la cheville\",\"isPartOf\":{\"@id\":\"https:\/\/sport-index.fr\/blog\/#website\"},\"primaryImageOfPage\":{\"@id\":\"https:\/\/sport-index.fr\/blog\/a-la-une\/brad-weber-du-stade-francais-une-operation-de-la-cheville-qui-le-tiendra-eloigne-des-terrains\/#primaryimage\"},\"image\":{\"@id\":\"https:\/\/sport-index.fr\/blog\/a-la-une\/brad-weber-du-stade-francais-une-operation-de-la-cheville-qui-le-tiendra-eloigne-des-terrains\/#primaryimage\"},\"thumbnailUrl\":\"https:\/\/sport-index.fr\/blog\/wp-content\/uploads\/2025\/02\/stability-brad-weber-du-stade-francais-une-operation-de-la-cheville-qui-le-tiendra-eloigne-des-terrains.png\",\"datePublished\":\"2026-05-17T14:51:28+00:00\",\"description\":\"Une blessure inqui\u00e9tante pour un joueur cl\u00e9 Sorti sur civi\u00e8re \u00e0 la 51\u00e8me minute du match contre Pau, le demi de m\u00eal\u00e9e n\u00e9o-z\u00e9landais du Stade fran\u00e7ais a\u2026\",\"inLanguage\":\"fr-FR\",\"potentialAction\":[{\"@type\":\"ReadAction\",\"target\":[\"https:\/\/sport-index.fr\/blog\/a-la-une\/brad-weber-du-stade-francais-une-operation-de-la-cheville-qui-le-tiendra-eloigne-des-terrains\/\"]}]},{\"@type\":\"ImageObject\",\"inLanguage\":\"fr-FR\",\"@id\":\"https:\/\/sport-index.fr\/blog\/a-la-une\/brad-weber-du-stade-francais-une-operation-de-la-cheville-qui-le-tiendra-eloigne-des-terrains\/#primaryimage\",\"url\":\"https:\/\/sport-index.fr\/blog\/wp-content\/uploads\/2025\/02\/stability-brad-weber-du-stade-francais-une-operation-de-la-cheville-qui-le-tiendra-eloigne-des-terrains.png\",\"contentUrl\":\"https:\/\/sport-index.fr\/blog\/wp-content\/uploads\/2025\/02\/stability-brad-weber-du-stade-francais-une-operation-de-la-cheville-qui-le-tiendra-eloigne-des-terrains.png\",\"width\":1024,\"height\":576},{\"@type\":\"WebSite\",\"@id\":\"https:\/\/sport-index.fr\/blog\/#website\",\"url\":\"https:\/\/sport-index.fr\/blog\/\",\"name\":\"sport-index.fr\",\"description\":\"Le score de l\u2019analyse sportive.\",\"publisher\":{\"@id\":\"https:\/\/sport-index.fr\/blog\/#organization\"},\"alternateName\":\"Le score de l\u2019analyse sportive.\",\"potentialAction\":[{\"@type\":\"SearchAction\",\"target\":{\"@type\":\"EntryPoint\",\"urlTemplate\":\"https:\/\/sport-index.fr\/blog\/?s={search_term_string}\"},\"query-input\":{\"@type\":\"PropertyValueSpecification\",\"valueRequired\":true,\"valueName\":\"search_term_string\"}}],\"inLanguage\":\"fr-FR\"},{\"@type\":\"Organization\",\"@id\":\"https:\/\/sport-index.fr\/blog\/#organization\",\"name\":\"Foretsensations.fr\",\"url\":\"https:\/\/sport-index.fr\/blog\/\",\"logo\":{\"@type\":\"ImageObject\",\"inLanguage\":\"fr-FR\",\"@id\":\"https:\/\/sport-index.fr\/blog\/#\/schema\/logo\/image\/\",\"url\":\"https:\/\/sport-index.fr\/blog\/wp-content\/uploads\/2026\/07\/logo-auto.png\",\"contentUrl\":\"https:\/\/sport-index.fr\/blog\/wp-content\/uploads\/2026\/07\/logo-auto.png\",\"width\":1024,\"height\":1024,\"caption\":\"Foretsensations.fr\"},\"image\":{\"@id\":\"https:\/\/sport-index.fr\/blog\/#\/schema\/logo\/image\/\"}},{\"@type\":\"Person\",\"@id\":\"https:\/\/sport-index.fr\/blog\/#\/schema\/person\/3c864cdc320801e3db34b663e7e3f816\",\"name\":\"Axel Lauzier\",\"image\":{\"@type\":\"ImageObject\",\"inLanguage\":\"fr-FR\",\"@id\":\"https:\/\/sport-index.fr\/blog\/#\/schema\/person\/image\/\",\"url\":\"https:\/\/sport-index.fr\/blog\/wp-content\/uploads\/2026\/06\/persona_axel-l-96x96.jpg\",\"contentUrl\":\"https:\/\/sport-index.fr\/blog\/wp-content\/uploads\/2026\/06\/persona_axel-l-96x96.jpg\",\"caption\":\"Axel Lauzier\"},\"description\":\"Le sport rythme mon quotidien depuis l'enfance, et j'en ai fait mon m\u00e9tier d'analyste r\u00e9dactionnel il y a une dizaine d'ann\u00e9es. Je couvre principalement le football, son actualit\u00e9, ses transferts et l'analyse tactique des grandes affiches, mais aussi les disciplines plus confidentielles que j'aime remettre en lumi\u00e8re. Une partie de mon travail porte sur les pronostics et la lecture statistique d'un match : forme des \u00e9quipes, historique des confrontations, compositions, sans jamais vendre de fausse certitude. Je rappelle syst\u00e9matiquement que parier comporte un risque et doit rester un loisir ma\u00eetris\u00e9. Avant de signer une analyse, je v\u00e9rifie mes chiffres, je recoupe les compositions probables et je distingue toujours la donn\u00e9e brute de l'intuition. Mon objectif : offrir une lecture honn\u00eate et argument\u00e9e, pas un ticket gagnant garanti.\",\"sameAs\":[\"https:\/\/axellauzier.fr\/\"],\"url\":\"https:\/\/sport-index.fr\/blog\/auteur\/noname\/\"}]}<\/script>\n<!-- \/ Yoast SEO Premium plugin. -->","yoast_head_json":{"title":"Brad Weber du Stade fran\u00e7ais : une op\u00e9ration de la cheville","description":"Une blessure inqui\u00e9tante pour un joueur cl\u00e9 Sorti sur civi\u00e8re \u00e0 la 51\u00e8me minute du match contre Pau, le demi de m\u00eal\u00e9e n\u00e9o-z\u00e9landais du Stade fran\u00e7ais a\u2026","robots":{"index":"index","follow":"follow","max-snippet":"max-snippet:-1","max-image-preview":"max-image-preview:large","max-video-preview":"max-video-preview:-1"},"canonical":"https:\/\/sport-index.fr\/blog\/a-la-une\/brad-weber-du-stade-francais-une-operation-de-la-cheville-qui-le-tiendra-eloigne-des-terrains\/","og_locale":"fr_FR","og_type":"article","og_title":"Brad Weber du Stade fran\u00e7ais : une op\u00e9ration de la cheville","og_description":"Une blessure inqui\u00e9tante pour un joueur cl\u00e9 Sorti sur civi\u00e8re \u00e0 la 51\u00e8me minute du match contre Pau, le demi de m\u00eal\u00e9e n\u00e9o-z\u00e9landais du Stade fran\u00e7ais a\u2026","og_url":"https:\/\/sport-index.fr\/blog\/a-la-une\/brad-weber-du-stade-francais-une-operation-de-la-cheville-qui-le-tiendra-eloigne-des-terrains\/","og_site_name":"sport-index","og_image":[{"width":1024,"height":576,"url":"https:\/\/sport-index.fr\/blog\/wp-content\/uploads\/2025\/02\/stability-brad-weber-du-stade-francais-une-operation-de-la-cheville-qui-le-tiendra-eloigne-des-terrains.png","type":"image\/png"}],"author":"Axel Lauzier","twitter_card":"summary_large_image","schema":{"@context":"https:\/\/schema.org","@graph":[{"@type":"NewsArticle","@id":"https:\/\/sport-index.fr\/blog\/a-la-une\/brad-weber-du-stade-francais-une-operation-de-la-cheville-qui-le-tiendra-eloigne-des-terrains\/#article","isPartOf":{"@id":"https:\/\/sport-index.fr\/blog\/a-la-une\/brad-weber-du-stade-francais-une-operation-de-la-cheville-qui-le-tiendra-eloigne-des-terrains\/"},"author":{"name":"Axel Lauzier","@id":"https:\/\/sport-index.fr\/blog\/#\/schema\/person\/3c864cdc320801e3db34b663e7e3f816"},"headline":"Brad Weber du Stade fran\u00e7ais : une op\u00e9ration de la cheville qui le tiendra \u00e9loign\u00e9 des terrains","datePublished":"2026-05-17T14:51:28+00:00","mainEntityOfPage":{"@id":"https:\/\/sport-index.fr\/blog\/a-la-une\/brad-weber-du-stade-francais-une-operation-de-la-cheville-qui-le-tiendra-eloigne-des-terrains\/"},"wordCount":1718,"commentCount":27,"publisher":{"@id":"https:\/\/sport-index.fr\/blog\/#organization"},"image":{"@id":"https:\/\/sport-index.fr\/blog\/a-la-une\/brad-weber-du-stade-francais-une-operation-de-la-cheville-qui-le-tiendra-eloigne-des-terrains\/#primaryimage"},"thumbnailUrl":"https:\/\/sport-index.fr\/blog\/wp-content\/uploads\/2025\/02\/stability-brad-weber-du-stade-francais-une-operation-de-la-cheville-qui-le-tiendra-eloigne-des-terrains.png","keywords":["Blessures","\u00c9quipe","Performance sportive","R\u00e9silience","Top 14"],"articleSection":["\u00c0 la une"],"inLanguage":"fr-FR","potentialAction":[{"@type":"CommentAction","name":"Comment","target":["https:\/\/sport-index.fr\/blog\/a-la-une\/brad-weber-du-stade-francais-une-operation-de-la-cheville-qui-le-tiendra-eloigne-des-terrains\/#respond"]}]},{"@type":"WebPage","@id":"https:\/\/sport-index.fr\/blog\/a-la-une\/brad-weber-du-stade-francais-une-operation-de-la-cheville-qui-le-tiendra-eloigne-des-terrains\/","url":"https:\/\/sport-index.fr\/blog\/a-la-une\/brad-weber-du-stade-francais-une-operation-de-la-cheville-qui-le-tiendra-eloigne-des-terrains\/","name":"Brad Weber du Stade fran\u00e7ais : une op\u00e9ration de la cheville","isPartOf":{"@id":"https:\/\/sport-index.fr\/blog\/#website"},"primaryImageOfPage":{"@id":"https:\/\/sport-index.fr\/blog\/a-la-une\/brad-weber-du-stade-francais-une-operation-de-la-cheville-qui-le-tiendra-eloigne-des-terrains\/#primaryimage"},"image":{"@id":"https:\/\/sport-index.fr\/blog\/a-la-une\/brad-weber-du-stade-francais-une-operation-de-la-cheville-qui-le-tiendra-eloigne-des-terrains\/#primaryimage"},"thumbnailUrl":"https:\/\/sport-index.fr\/blog\/wp-content\/uploads\/2025\/02\/stability-brad-weber-du-stade-francais-une-operation-de-la-cheville-qui-le-tiendra-eloigne-des-terrains.png","datePublished":"2026-05-17T14:51:28+00:00","description":"Une blessure inqui\u00e9tante pour un joueur cl\u00e9 Sorti sur civi\u00e8re \u00e0 la 51\u00e8me minute du match contre Pau, le demi de m\u00eal\u00e9e n\u00e9o-z\u00e9landais du Stade fran\u00e7ais a\u2026","inLanguage":"fr-FR","potentialAction":[{"@type":"ReadAction","target":["https:\/\/sport-index.fr\/blog\/a-la-une\/brad-weber-du-stade-francais-une-operation-de-la-cheville-qui-le-tiendra-eloigne-des-terrains\/"]}]},{"@type":"ImageObject","inLanguage":"fr-FR","@id":"https:\/\/sport-index.fr\/blog\/a-la-une\/brad-weber-du-stade-francais-une-operation-de-la-cheville-qui-le-tiendra-eloigne-des-terrains\/#primaryimage","url":"https:\/\/sport-index.fr\/blog\/wp-content\/uploads\/2025\/02\/stability-brad-weber-du-stade-francais-une-operation-de-la-cheville-qui-le-tiendra-eloigne-des-terrains.png","contentUrl":"https:\/\/sport-index.fr\/blog\/wp-content\/uploads\/2025\/02\/stability-brad-weber-du-stade-francais-une-operation-de-la-cheville-qui-le-tiendra-eloigne-des-terrains.png","width":1024,"height":576},{"@type":"WebSite","@id":"https:\/\/sport-index.fr\/blog\/#website","url":"https:\/\/sport-index.fr\/blog\/","name":"sport-index.fr","description":"Le score de l\u2019analyse sportive.","publisher":{"@id":"https:\/\/sport-index.fr\/blog\/#organization"},"alternateName":"Le score de l\u2019analyse sportive.","potentialAction":[{"@type":"SearchAction","target":{"@type":"EntryPoint","urlTemplate":"https:\/\/sport-index.fr\/blog\/?s={search_term_string}"},"query-input":{"@type":"PropertyValueSpecification","valueRequired":true,"valueName":"search_term_string"}}],"inLanguage":"fr-FR"},{"@type":"Organization","@id":"https:\/\/sport-index.fr\/blog\/#organization","name":"Foretsensations.fr","url":"https:\/\/sport-index.fr\/blog\/","logo":{"@type":"ImageObject","inLanguage":"fr-FR","@id":"https:\/\/sport-index.fr\/blog\/#\/schema\/logo\/image\/","url":"https:\/\/sport-index.fr\/blog\/wp-content\/uploads\/2026\/07\/logo-auto.png","contentUrl":"https:\/\/sport-index.fr\/blog\/wp-content\/uploads\/2026\/07\/logo-auto.png","width":1024,"height":1024,"caption":"Foretsensations.fr"},"image":{"@id":"https:\/\/sport-index.fr\/blog\/#\/schema\/logo\/image\/"}},{"@type":"Person","@id":"https:\/\/sport-index.fr\/blog\/#\/schema\/person\/3c864cdc320801e3db34b663e7e3f816","name":"Axel Lauzier","image":{"@type":"ImageObject","inLanguage":"fr-FR","@id":"https:\/\/sport-index.fr\/blog\/#\/schema\/person\/image\/","url":"https:\/\/sport-index.fr\/blog\/wp-content\/uploads\/2026\/06\/persona_axel-l-96x96.jpg","contentUrl":"https:\/\/sport-index.fr\/blog\/wp-content\/uploads\/2026\/06\/persona_axel-l-96x96.jpg","caption":"Axel Lauzier"},"description":"Le sport rythme mon quotidien depuis l'enfance, et j'en ai fait mon m\u00e9tier d'analyste r\u00e9dactionnel il y a une dizaine d'ann\u00e9es. Je couvre principalement le football, son actualit\u00e9, ses transferts et l'analyse tactique des grandes affiches, mais aussi les disciplines plus confidentielles que j'aime remettre en lumi\u00e8re. Une partie de mon travail porte sur les pronostics et la lecture statistique d'un match : forme des \u00e9quipes, historique des confrontations, compositions, sans jamais vendre de fausse certitude. Je rappelle syst\u00e9matiquement que parier comporte un risque et doit rester un loisir ma\u00eetris\u00e9. Avant de signer une analyse, je v\u00e9rifie mes chiffres, je recoupe les compositions probables et je distingue toujours la donn\u00e9e brute de l'intuition. Mon objectif : offrir une lecture honn\u00eate et argument\u00e9e, pas un ticket gagnant garanti.","sameAs":["https:\/\/axellauzier.fr\/"],"url":"https:\/\/sport-index.fr\/blog\/auteur\/noname\/"}]}},"_links":{"self":[{"href":"https:\/\/sport-index.fr\/blog\/wp-json\/wp\/v2\/posts\/9394","targetHints":{"allow":["GET"]}}],"collection":[{"href":"https:\/\/sport-index.fr\/blog\/wp-json\/wp\/v2\/posts"}],"about":[{"href":"https:\/\/sport-index.fr\/blog\/wp-json\/wp\/v2\/types\/post"}],"author":[{"embeddable":true,"href":"https:\/\/sport-index.fr\/blog\/wp-json\/wp\/v2\/users\/34"}],"replies":[{"embeddable":true,"href":"https:\/\/sport-index.fr\/blog\/wp-json\/wp\/v2\/comments?post=9394"}],"version-history":[{"count":2,"href":"https:\/\/sport-index.fr\/blog\/wp-json\/wp\/v2\/posts\/9394\/revisions"}],"predecessor-version":[{"id":17944,"href":"https:\/\/sport-index.fr\/blog\/wp-json\/wp\/v2\/posts\/9394\/revisions\/17944"}],"wp:featuredmedia":[{"embeddable":true,"href":"https:\/\/sport-index.fr\/blog\/wp-json\/wp\/v2\/media\/9395"}],"wp:attachment":[{"href":"https:\/\/sport-index.fr\/blog\/wp-json\/wp\/v2\/media?parent=9394"}],"wp:term":[{"taxonomy":"category","embeddable":true,"href":"https:\/\/sport-index.fr\/blog\/wp-json\/wp\/v2\/categories?post=9394"},{"taxonomy":"post_tag","embeddable":true,"href":"https:\/\/sport-index.fr\/blog\/wp-json\/wp\/v2\/tags?post=9394"}],"curies":[{"name":"wp","href":"https:\/\/api.w.org\/{rel}","templated":true}]}}