{"id":9398,"date":"2025-02-19T16:43:00","date_gmt":"2025-02-19T15:43:00","guid":{"rendered":"https:\/\/sport-index.fr\/blog\/?p=9398"},"modified":"2025-02-17T17:29:17","modified_gmt":"2025-02-17T16:29:17","slug":"carnet-noir-carmaux-en-deuil-pour-raymond-carrere-un-champion-inoubliable","status":"publish","type":"post","link":"https:\/\/sport-index.fr\/blog\/a-la-une\/carnet-noir-carmaux-en-deuil-pour-raymond-carrere-un-champion-inoubliable\/","title":{"rendered":"Carnet noir : Carmaux en deuil pour Raymond Carr\u00e8re, un champion inoubliable"},"content":{"rendered":"<h2>Un hommage \u00e0 une l\u00e9gende du rugby<\/h2>\n<p>Raymond Carr\u00e8re, dernier survivant des champions de France de 1951, nous a quitt\u00e9s \u00e0 l&rsquo;\u00e2ge de 99 ans. N\u00e9 dans l&rsquo;Aude, il avait trouv\u00e9 sa place \u00e0 Carmaux, une ville qui lui a offert un foyer et une reconnaissance. Sa disparition le 17 f\u00e9vrier 2023, \u00e0 quelques mois de son centenaire, plonge la cit\u00e9 mini\u00e8re dans une profonde tristesse.<\/p>\n<p>Ce jour-l\u00e0, les souvenirs affluent, rappelant la finale m\u00e9morable de 1951 au stadium de Toulouse. Alors que Carmaux affrontait le Stadoceste tarbais, 39 450 spectateurs \u00e9taient pr\u00e9sents pour vivre ce moment historique. \u00c0 seulement 26 ans, Carr\u00e8re \u00e9tait un pilier essentiel de cette \u00e9quipe qui a marqu\u00e9 les esprits.<\/p>\n<h2>Un parcours exemplaire et une carri\u00e8re marquante<\/h2>\n<p>Raymond Carr\u00e8re a d\u00e9but\u00e9 sa carri\u00e8re dans le rugby \u00e0 XIII avant de rejoindre l&rsquo;US Carmaux et de conna\u00eetre de grands succ\u00e8s. Sous la direction de l&rsquo;entra\u00eeneur Marcel Dax, il a contribu\u00e9 \u00e0 mener son \u00e9quipe \u00e0 la victoire lors de cette finale \u00e9pique. Le match s&rsquo;est termin\u00e9 avec un score de 14-12 apr\u00e8s prolongation, une performance qui reste grav\u00e9e dans la m\u00e9moire des supporters.<\/p>\n<p>Carr\u00e8re n&rsquo;\u00e9tait pas seulement un joueur talentueux, il \u00e9tait \u00e9galement un homme engag\u00e9. Apr\u00e8s sa carri\u00e8re sportive, il a fond\u00e9 une famille \u00e0 Carmaux et a exerc\u00e9 dans le secteur du pneumatique. Son engagement politique, avec six mandats au conseil municipal, montre \u00e0 quel point il \u00e9tait impliqu\u00e9 dans la vie de sa communaut\u00e9.<\/p>\n<h2>La m\u00e9moire d&rsquo;un homme et d&rsquo;un joueur<\/h2>\n<p>La vie de Raymond Carr\u00e8re illustre le parcours d&rsquo;un homme qui a su allier passion pour le rugby et engagement civique. Son souvenir perdurera non seulement \u00e0 travers ses exploits sportifs, mais aussi gr\u00e2ce \u00e0 son h\u00e9ritage au sein de la ville de Carmaux. Il reste un exemple pour les jeunes g\u00e9n\u00e9rations, \u00e0 la fois sur le terrain et en dehors.<\/p>\n<p>Les obs\u00e8ques de Raymond Carr\u00e8re auront lieu \u00e0 l&rsquo;\u00e9glise Saint-Privat de Carmaux, un dernier adieu \u00e0 un homme qui a tant donn\u00e9 \u00e0 sa ville. Sa famille et ses amis re\u00e7oivent les sinc\u00e8res condol\u00e9ances de toute une communaut\u00e9 qui lui rend hommage.<\/p>\n<ul>\n<li>Champion de France en 1951<\/li>\n<li>Engagement politique au conseil municipal<\/li>\n<li>Artisan du rugby \u00e0 XIII et \u00e0 XV<\/li>\n<li>P\u00e8re de famille et commer\u00e7ant respect\u00e9<\/li>\n<li>Un pionnier et une l\u00e9gende du sport carmausin<\/li>\n<\/ul>\n<blockquote><p>\n\u00ab Raymond a \u00e9t\u00e9 un homme de c\u0153ur et un sportif d&rsquo;exception, son nom restera \u00e0 jamais associ\u00e9 \u00e0 l&rsquo;histoire de notre ville. \u00bb\n<\/p><\/blockquote>\n<p>La vie de Raymond Carr\u00e8re est une source d&rsquo;inspiration pour tous ceux qui ont eu le privil\u00e8ge de le conna\u00eetre. Son h\u00e9ritage continuera de vivre \u00e0 travers les r\u00e9cits et les souvenirs des g\u00e9n\u00e9rations futures, faisant de lui un v\u00e9ritable symbole de fiert\u00e9 pour Carmaux et pour le rugby fran\u00e7ais.<br \/>\n<img decoding=\"async\" width=\"1024\" height=\"576\" src=\"https:\/\/sport-index.fr\/blog\/wp-content\/uploads\/2025\/02\/stability-carnet-noir-carmaux-en-deuil-pour-raymond-carrere-un-champion-inoubliable-1.png\" class=\"aligncenter\" alt=\"Illustration d\u00e9taill\u00e9e sur Carnet noir : Carmaux en deuil pour Raymond Carr\u00e8re, un champion inoubliable\" title=\"Carnet noir : Carmaux en deuil pour Raymond Carr\u00e8re, un champion inoubliable\" loading=\"lazy\" \/><\/p>\n","protected":false},"excerpt":{"rendered":"","protected":false},"author":34,"featured_media":9399,"comment_status":"open","ping_status":"open","sticky":false,"template":"","format":"standard","meta":{"_acf_changed":false,"manual_indexmenow":false,"indexmenow_id_project":0,"footnotes":""},"categories":[1],"tags":[4840,4615,4544,4632,4536],"class_list":["post-9398","post","type-post","status-publish","format-standard","has-post-thumbnail","hentry","category-a-la-une","tag-changement-social","tag-communaute-engagee","tag-equipe","tag-performance-sportive","tag-rugby","generate-columns","tablet-grid-50","mobile-grid-100","grid-parent","grid-25"],"acf":[],"yoast_head":"<!-- This site is optimized with the Yoast SEO Premium plugin v21.3 (Yoast SEO v26.5) - https:\/\/yoast.com\/wordpress\/plugins\/seo\/ -->\n<title>Carnet noir : Carmaux en deuil pour Raymond Carr\u00e8re<\/title>\n<meta name=\"description\" content=\"Un hommage \u00e0 une l\u00e9gende du rugby Raymond Carr\u00e8re, dernier survivant des champions de France de 1951, nous a quitt\u00e9s \u00e0 l&#039;\u00e2ge de 99 ans. N\u00e9 dans l&#039;Aude\u2026\" \/>\n<meta name=\"robots\" content=\"index, follow, max-snippet:-1, max-image-preview:large, max-video-preview:-1\" \/>\n<link rel=\"canonical\" href=\"https:\/\/sport-index.fr\/blog\/a-la-une\/carnet-noir-carmaux-en-deuil-pour-raymond-carrere-un-champion-inoubliable\/\" \/>\n<meta property=\"og:locale\" content=\"fr_FR\" \/>\n<meta property=\"og:type\" content=\"article\" \/>\n<meta property=\"og:title\" content=\"Carnet noir : Carmaux en deuil pour Raymond Carr\u00e8re\" \/>\n<meta property=\"og:description\" content=\"Un hommage \u00e0 une l\u00e9gende du rugby Raymond Carr\u00e8re, dernier survivant des champions de France de 1951, nous a quitt\u00e9s \u00e0 l&#039;\u00e2ge de 99 ans. N\u00e9 dans l&#039;Aude\u2026\" \/>\n<meta property=\"og:url\" content=\"https:\/\/sport-index.fr\/blog\/a-la-une\/carnet-noir-carmaux-en-deuil-pour-raymond-carrere-un-champion-inoubliable\/\" \/>\n<meta property=\"og:site_name\" content=\"sport-index\" \/>\n<meta property=\"og:image\" content=\"https:\/\/sport-index.fr\/blog\/wp-content\/uploads\/2025\/02\/stability-carnet-noir-carmaux-en-deuil-pour-raymond-carrere-un-champion-inoubliable.png\" \/>\n\t<meta property=\"og:image:width\" content=\"1024\" \/>\n\t<meta property=\"og:image:height\" content=\"576\" \/>\n\t<meta property=\"og:image:type\" content=\"image\/png\" \/>\n<meta name=\"author\" content=\"Axel Lauzier\" \/>\n<meta name=\"twitter:card\" content=\"summary_large_image\" \/>\n<script type=\"application\/ld+json\" class=\"yoast-schema-graph\">{\"@context\":\"https:\/\/schema.org\",\"@graph\":[{\"@type\":\"NewsArticle\",\"@id\":\"https:\/\/sport-index.fr\/blog\/a-la-une\/carnet-noir-carmaux-en-deuil-pour-raymond-carrere-un-champion-inoubliable\/#article\",\"isPartOf\":{\"@id\":\"https:\/\/sport-index.fr\/blog\/a-la-une\/carnet-noir-carmaux-en-deuil-pour-raymond-carrere-un-champion-inoubliable\/\"},\"author\":{\"name\":\"Axel Lauzier\",\"@id\":\"https:\/\/sport-index.fr\/blog\/#\/schema\/person\/3c864cdc320801e3db34b663e7e3f816\"},\"headline\":\"Carnet noir : Carmaux en deuil pour Raymond Carr\u00e8re, un champion inoubliable\",\"datePublished\":\"2025-02-19T15:43:00+00:00\",\"mainEntityOfPage\":{\"@id\":\"https:\/\/sport-index.fr\/blog\/a-la-une\/carnet-noir-carmaux-en-deuil-pour-raymond-carrere-un-champion-inoubliable\/\"},\"wordCount\":495,\"commentCount\":19,\"publisher\":{\"@id\":\"https:\/\/sport-index.fr\/blog\/#organization\"},\"image\":{\"@id\":\"https:\/\/sport-index.fr\/blog\/a-la-une\/carnet-noir-carmaux-en-deuil-pour-raymond-carrere-un-champion-inoubliable\/#primaryimage\"},\"thumbnailUrl\":\"https:\/\/sport-index.fr\/blog\/wp-content\/uploads\/2025\/02\/stability-carnet-noir-carmaux-en-deuil-pour-raymond-carrere-un-champion-inoubliable.png\",\"keywords\":[\"Changement Social\",\"Communaut\u00e9 engag\u00e9e\",\"\u00c9quipe\",\"Performance sportive\",\"Rugby\"],\"articleSection\":[\"\u00c0 la une\"],\"inLanguage\":\"fr-FR\",\"potentialAction\":[{\"@type\":\"CommentAction\",\"name\":\"Comment\",\"target\":[\"https:\/\/sport-index.fr\/blog\/a-la-une\/carnet-noir-carmaux-en-deuil-pour-raymond-carrere-un-champion-inoubliable\/#respond\"]}]},{\"@type\":\"WebPage\",\"@id\":\"https:\/\/sport-index.fr\/blog\/a-la-une\/carnet-noir-carmaux-en-deuil-pour-raymond-carrere-un-champion-inoubliable\/\",\"url\":\"https:\/\/sport-index.fr\/blog\/a-la-une\/carnet-noir-carmaux-en-deuil-pour-raymond-carrere-un-champion-inoubliable\/\",\"name\":\"Carnet noir : Carmaux en deuil pour Raymond Carr\u00e8re\",\"isPartOf\":{\"@id\":\"https:\/\/sport-index.fr\/blog\/#website\"},\"primaryImageOfPage\":{\"@id\":\"https:\/\/sport-index.fr\/blog\/a-la-une\/carnet-noir-carmaux-en-deuil-pour-raymond-carrere-un-champion-inoubliable\/#primaryimage\"},\"image\":{\"@id\":\"https:\/\/sport-index.fr\/blog\/a-la-une\/carnet-noir-carmaux-en-deuil-pour-raymond-carrere-un-champion-inoubliable\/#primaryimage\"},\"thumbnailUrl\":\"https:\/\/sport-index.fr\/blog\/wp-content\/uploads\/2025\/02\/stability-carnet-noir-carmaux-en-deuil-pour-raymond-carrere-un-champion-inoubliable.png\",\"datePublished\":\"2025-02-19T15:43:00+00:00\",\"description\":\"Un hommage \u00e0 une l\u00e9gende du rugby Raymond Carr\u00e8re, dernier survivant des champions de France de 1951, nous a quitt\u00e9s \u00e0 l'\u00e2ge de 99 ans. N\u00e9 dans l'Aude\u2026\",\"inLanguage\":\"fr-FR\",\"potentialAction\":[{\"@type\":\"ReadAction\",\"target\":[\"https:\/\/sport-index.fr\/blog\/a-la-une\/carnet-noir-carmaux-en-deuil-pour-raymond-carrere-un-champion-inoubliable\/\"]}]},{\"@type\":\"ImageObject\",\"inLanguage\":\"fr-FR\",\"@id\":\"https:\/\/sport-index.fr\/blog\/a-la-une\/carnet-noir-carmaux-en-deuil-pour-raymond-carrere-un-champion-inoubliable\/#primaryimage\",\"url\":\"https:\/\/sport-index.fr\/blog\/wp-content\/uploads\/2025\/02\/stability-carnet-noir-carmaux-en-deuil-pour-raymond-carrere-un-champion-inoubliable.png\",\"contentUrl\":\"https:\/\/sport-index.fr\/blog\/wp-content\/uploads\/2025\/02\/stability-carnet-noir-carmaux-en-deuil-pour-raymond-carrere-un-champion-inoubliable.png\",\"width\":1024,\"height\":576},{\"@type\":\"WebSite\",\"@id\":\"https:\/\/sport-index.fr\/blog\/#website\",\"url\":\"https:\/\/sport-index.fr\/blog\/\",\"name\":\"sport-index.fr\",\"description\":\"Le score de l\u2019analyse sportive.\",\"publisher\":{\"@id\":\"https:\/\/sport-index.fr\/blog\/#organization\"},\"alternateName\":\"Le score de l\u2019analyse sportive.\",\"potentialAction\":[{\"@type\":\"SearchAction\",\"target\":{\"@type\":\"EntryPoint\",\"urlTemplate\":\"https:\/\/sport-index.fr\/blog\/?s={search_term_string}\"},\"query-input\":{\"@type\":\"PropertyValueSpecification\",\"valueRequired\":true,\"valueName\":\"search_term_string\"}}],\"inLanguage\":\"fr-FR\"},{\"@type\":\"Organization\",\"@id\":\"https:\/\/sport-index.fr\/blog\/#organization\",\"name\":\"Foretsensations.fr\",\"url\":\"https:\/\/sport-index.fr\/blog\/\",\"logo\":{\"@type\":\"ImageObject\",\"inLanguage\":\"fr-FR\",\"@id\":\"https:\/\/sport-index.fr\/blog\/#\/schema\/logo\/image\/\",\"url\":\"https:\/\/sport-index.fr\/blog\/wp-content\/uploads\/2026\/07\/logo-auto.png\",\"contentUrl\":\"https:\/\/sport-index.fr\/blog\/wp-content\/uploads\/2026\/07\/logo-auto.png\",\"width\":1024,\"height\":1024,\"caption\":\"Foretsensations.fr\"},\"image\":{\"@id\":\"https:\/\/sport-index.fr\/blog\/#\/schema\/logo\/image\/\"}},{\"@type\":\"Person\",\"@id\":\"https:\/\/sport-index.fr\/blog\/#\/schema\/person\/3c864cdc320801e3db34b663e7e3f816\",\"name\":\"Axel Lauzier\",\"image\":{\"@type\":\"ImageObject\",\"inLanguage\":\"fr-FR\",\"@id\":\"https:\/\/sport-index.fr\/blog\/#\/schema\/person\/image\/\",\"url\":\"https:\/\/sport-index.fr\/blog\/wp-content\/uploads\/2026\/06\/persona_axel-l-96x96.jpg\",\"contentUrl\":\"https:\/\/sport-index.fr\/blog\/wp-content\/uploads\/2026\/06\/persona_axel-l-96x96.jpg\",\"caption\":\"Axel Lauzier\"},\"description\":\"Le sport rythme mon quotidien depuis l'enfance, et j'en ai fait mon m\u00e9tier d'analyste r\u00e9dactionnel il y a une dizaine d'ann\u00e9es. Je couvre principalement le football, son actualit\u00e9, ses transferts et l'analyse tactique des grandes affiches, mais aussi les disciplines plus confidentielles que j'aime remettre en lumi\u00e8re. Une partie de mon travail porte sur les pronostics et la lecture statistique d'un match : forme des \u00e9quipes, historique des confrontations, compositions, sans jamais vendre de fausse certitude. Je rappelle syst\u00e9matiquement que parier comporte un risque et doit rester un loisir ma\u00eetris\u00e9. Avant de signer une analyse, je v\u00e9rifie mes chiffres, je recoupe les compositions probables et je distingue toujours la donn\u00e9e brute de l'intuition. Mon objectif : offrir une lecture honn\u00eate et argument\u00e9e, pas un ticket gagnant garanti.\",\"sameAs\":[\"https:\/\/axellauzier.fr\/\"],\"url\":\"https:\/\/sport-index.fr\/blog\/auteur\/noname\/\"}]}<\/script>\n<!-- \/ Yoast SEO Premium plugin. -->","yoast_head_json":{"title":"Carnet noir : Carmaux en deuil pour Raymond Carr\u00e8re","description":"Un hommage \u00e0 une l\u00e9gende du rugby Raymond Carr\u00e8re, dernier survivant des champions de France de 1951, nous a quitt\u00e9s \u00e0 l'\u00e2ge de 99 ans. N\u00e9 dans l'Aude\u2026","robots":{"index":"index","follow":"follow","max-snippet":"max-snippet:-1","max-image-preview":"max-image-preview:large","max-video-preview":"max-video-preview:-1"},"canonical":"https:\/\/sport-index.fr\/blog\/a-la-une\/carnet-noir-carmaux-en-deuil-pour-raymond-carrere-un-champion-inoubliable\/","og_locale":"fr_FR","og_type":"article","og_title":"Carnet noir : Carmaux en deuil pour Raymond Carr\u00e8re","og_description":"Un hommage \u00e0 une l\u00e9gende du rugby Raymond Carr\u00e8re, dernier survivant des champions de France de 1951, nous a quitt\u00e9s \u00e0 l'\u00e2ge de 99 ans. N\u00e9 dans l'Aude\u2026","og_url":"https:\/\/sport-index.fr\/blog\/a-la-une\/carnet-noir-carmaux-en-deuil-pour-raymond-carrere-un-champion-inoubliable\/","og_site_name":"sport-index","og_image":[{"width":1024,"height":576,"url":"https:\/\/sport-index.fr\/blog\/wp-content\/uploads\/2025\/02\/stability-carnet-noir-carmaux-en-deuil-pour-raymond-carrere-un-champion-inoubliable.png","type":"image\/png"}],"author":"Axel Lauzier","twitter_card":"summary_large_image","schema":{"@context":"https:\/\/schema.org","@graph":[{"@type":"NewsArticle","@id":"https:\/\/sport-index.fr\/blog\/a-la-une\/carnet-noir-carmaux-en-deuil-pour-raymond-carrere-un-champion-inoubliable\/#article","isPartOf":{"@id":"https:\/\/sport-index.fr\/blog\/a-la-une\/carnet-noir-carmaux-en-deuil-pour-raymond-carrere-un-champion-inoubliable\/"},"author":{"name":"Axel Lauzier","@id":"https:\/\/sport-index.fr\/blog\/#\/schema\/person\/3c864cdc320801e3db34b663e7e3f816"},"headline":"Carnet noir : Carmaux en deuil pour Raymond Carr\u00e8re, un champion inoubliable","datePublished":"2025-02-19T15:43:00+00:00","mainEntityOfPage":{"@id":"https:\/\/sport-index.fr\/blog\/a-la-une\/carnet-noir-carmaux-en-deuil-pour-raymond-carrere-un-champion-inoubliable\/"},"wordCount":495,"commentCount":19,"publisher":{"@id":"https:\/\/sport-index.fr\/blog\/#organization"},"image":{"@id":"https:\/\/sport-index.fr\/blog\/a-la-une\/carnet-noir-carmaux-en-deuil-pour-raymond-carrere-un-champion-inoubliable\/#primaryimage"},"thumbnailUrl":"https:\/\/sport-index.fr\/blog\/wp-content\/uploads\/2025\/02\/stability-carnet-noir-carmaux-en-deuil-pour-raymond-carrere-un-champion-inoubliable.png","keywords":["Changement Social","Communaut\u00e9 engag\u00e9e","\u00c9quipe","Performance sportive","Rugby"],"articleSection":["\u00c0 la une"],"inLanguage":"fr-FR","potentialAction":[{"@type":"CommentAction","name":"Comment","target":["https:\/\/sport-index.fr\/blog\/a-la-une\/carnet-noir-carmaux-en-deuil-pour-raymond-carrere-un-champion-inoubliable\/#respond"]}]},{"@type":"WebPage","@id":"https:\/\/sport-index.fr\/blog\/a-la-une\/carnet-noir-carmaux-en-deuil-pour-raymond-carrere-un-champion-inoubliable\/","url":"https:\/\/sport-index.fr\/blog\/a-la-une\/carnet-noir-carmaux-en-deuil-pour-raymond-carrere-un-champion-inoubliable\/","name":"Carnet noir : Carmaux en deuil pour Raymond Carr\u00e8re","isPartOf":{"@id":"https:\/\/sport-index.fr\/blog\/#website"},"primaryImageOfPage":{"@id":"https:\/\/sport-index.fr\/blog\/a-la-une\/carnet-noir-carmaux-en-deuil-pour-raymond-carrere-un-champion-inoubliable\/#primaryimage"},"image":{"@id":"https:\/\/sport-index.fr\/blog\/a-la-une\/carnet-noir-carmaux-en-deuil-pour-raymond-carrere-un-champion-inoubliable\/#primaryimage"},"thumbnailUrl":"https:\/\/sport-index.fr\/blog\/wp-content\/uploads\/2025\/02\/stability-carnet-noir-carmaux-en-deuil-pour-raymond-carrere-un-champion-inoubliable.png","datePublished":"2025-02-19T15:43:00+00:00","description":"Un hommage \u00e0 une l\u00e9gende du rugby Raymond Carr\u00e8re, dernier survivant des champions de France de 1951, nous a quitt\u00e9s \u00e0 l'\u00e2ge de 99 ans. N\u00e9 dans l'Aude\u2026","inLanguage":"fr-FR","potentialAction":[{"@type":"ReadAction","target":["https:\/\/sport-index.fr\/blog\/a-la-une\/carnet-noir-carmaux-en-deuil-pour-raymond-carrere-un-champion-inoubliable\/"]}]},{"@type":"ImageObject","inLanguage":"fr-FR","@id":"https:\/\/sport-index.fr\/blog\/a-la-une\/carnet-noir-carmaux-en-deuil-pour-raymond-carrere-un-champion-inoubliable\/#primaryimage","url":"https:\/\/sport-index.fr\/blog\/wp-content\/uploads\/2025\/02\/stability-carnet-noir-carmaux-en-deuil-pour-raymond-carrere-un-champion-inoubliable.png","contentUrl":"https:\/\/sport-index.fr\/blog\/wp-content\/uploads\/2025\/02\/stability-carnet-noir-carmaux-en-deuil-pour-raymond-carrere-un-champion-inoubliable.png","width":1024,"height":576},{"@type":"WebSite","@id":"https:\/\/sport-index.fr\/blog\/#website","url":"https:\/\/sport-index.fr\/blog\/","name":"sport-index.fr","description":"Le score de l\u2019analyse sportive.","publisher":{"@id":"https:\/\/sport-index.fr\/blog\/#organization"},"alternateName":"Le score de l\u2019analyse sportive.","potentialAction":[{"@type":"SearchAction","target":{"@type":"EntryPoint","urlTemplate":"https:\/\/sport-index.fr\/blog\/?s={search_term_string}"},"query-input":{"@type":"PropertyValueSpecification","valueRequired":true,"valueName":"search_term_string"}}],"inLanguage":"fr-FR"},{"@type":"Organization","@id":"https:\/\/sport-index.fr\/blog\/#organization","name":"Foretsensations.fr","url":"https:\/\/sport-index.fr\/blog\/","logo":{"@type":"ImageObject","inLanguage":"fr-FR","@id":"https:\/\/sport-index.fr\/blog\/#\/schema\/logo\/image\/","url":"https:\/\/sport-index.fr\/blog\/wp-content\/uploads\/2026\/07\/logo-auto.png","contentUrl":"https:\/\/sport-index.fr\/blog\/wp-content\/uploads\/2026\/07\/logo-auto.png","width":1024,"height":1024,"caption":"Foretsensations.fr"},"image":{"@id":"https:\/\/sport-index.fr\/blog\/#\/schema\/logo\/image\/"}},{"@type":"Person","@id":"https:\/\/sport-index.fr\/blog\/#\/schema\/person\/3c864cdc320801e3db34b663e7e3f816","name":"Axel Lauzier","image":{"@type":"ImageObject","inLanguage":"fr-FR","@id":"https:\/\/sport-index.fr\/blog\/#\/schema\/person\/image\/","url":"https:\/\/sport-index.fr\/blog\/wp-content\/uploads\/2026\/06\/persona_axel-l-96x96.jpg","contentUrl":"https:\/\/sport-index.fr\/blog\/wp-content\/uploads\/2026\/06\/persona_axel-l-96x96.jpg","caption":"Axel Lauzier"},"description":"Le sport rythme mon quotidien depuis l'enfance, et j'en ai fait mon m\u00e9tier d'analyste r\u00e9dactionnel il y a une dizaine d'ann\u00e9es. Je couvre principalement le football, son actualit\u00e9, ses transferts et l'analyse tactique des grandes affiches, mais aussi les disciplines plus confidentielles que j'aime remettre en lumi\u00e8re. Une partie de mon travail porte sur les pronostics et la lecture statistique d'un match : forme des \u00e9quipes, historique des confrontations, compositions, sans jamais vendre de fausse certitude. Je rappelle syst\u00e9matiquement que parier comporte un risque et doit rester un loisir ma\u00eetris\u00e9. Avant de signer une analyse, je v\u00e9rifie mes chiffres, je recoupe les compositions probables et je distingue toujours la donn\u00e9e brute de l'intuition. Mon objectif : offrir une lecture honn\u00eate et argument\u00e9e, pas un ticket gagnant garanti.","sameAs":["https:\/\/axellauzier.fr\/"],"url":"https:\/\/sport-index.fr\/blog\/auteur\/noname\/"}]}},"_links":{"self":[{"href":"https:\/\/sport-index.fr\/blog\/wp-json\/wp\/v2\/posts\/9398","targetHints":{"allow":["GET"]}}],"collection":[{"href":"https:\/\/sport-index.fr\/blog\/wp-json\/wp\/v2\/posts"}],"about":[{"href":"https:\/\/sport-index.fr\/blog\/wp-json\/wp\/v2\/types\/post"}],"author":[{"embeddable":true,"href":"https:\/\/sport-index.fr\/blog\/wp-json\/wp\/v2\/users\/34"}],"replies":[{"embeddable":true,"href":"https:\/\/sport-index.fr\/blog\/wp-json\/wp\/v2\/comments?post=9398"}],"version-history":[{"count":1,"href":"https:\/\/sport-index.fr\/blog\/wp-json\/wp\/v2\/posts\/9398\/revisions"}],"predecessor-version":[{"id":9401,"href":"https:\/\/sport-index.fr\/blog\/wp-json\/wp\/v2\/posts\/9398\/revisions\/9401"}],"wp:featuredmedia":[{"embeddable":true,"href":"https:\/\/sport-index.fr\/blog\/wp-json\/wp\/v2\/media\/9399"}],"wp:attachment":[{"href":"https:\/\/sport-index.fr\/blog\/wp-json\/wp\/v2\/media?parent=9398"}],"wp:term":[{"taxonomy":"category","embeddable":true,"href":"https:\/\/sport-index.fr\/blog\/wp-json\/wp\/v2\/categories?post=9398"},{"taxonomy":"post_tag","embeddable":true,"href":"https:\/\/sport-index.fr\/blog\/wp-json\/wp\/v2\/tags?post=9398"}],"curies":[{"name":"wp","href":"https:\/\/api.w.org\/{rel}","templated":true}]}}