{"id":9438,"date":"2026-09-02T09:13:57","date_gmt":"2026-09-02T07:13:57","guid":{"rendered":"https:\/\/sport-index.fr\/blog\/?p=9438"},"modified":"2026-09-02T09:13:57","modified_gmt":"2026-09-02T07:13:57","slug":"la-reputation-des-equipes-francaises-de-cyclisme-un-combat-a-mener","status":"publish","type":"post","link":"https:\/\/sport-index.fr\/blog\/a-la-une\/la-reputation-des-equipes-francaises-de-cyclisme-un-combat-a-mener\/","title":{"rendered":"La r\u00e9putation des \u00e9quipes fran\u00e7aises de cyclisme : un combat \u00e0 mener"},"content":{"rendered":"<p>Marc Madiot, manager g\u00e9n\u00e9ral de l&rsquo;\u00e9quipe Groupama-FDJ, fait entendre sa voix pour d\u00e9fendre ces structures. Dans un contexte o\u00f9 la performance et l&rsquo;image sont primordiales, il souligne que \u00ab\u00a0en France, on est largement au niveau\u00a0\u00bb. Cette phrase r\u00e9sonne comme un appel \u00e0 la fiert\u00e9 nationale et \u00e0 une reconnaissance m\u00e9rit\u00e9e.<\/p>\n<h2>Une perception biais\u00e9e des \u00e9quipes tricolores<\/h2>\n<p>Les \u00e9quipes fran\u00e7aises, malgr\u00e9 leur histoire riche et leurs nombreux talents, souffrent d&rsquo;une image n\u00e9gative persistante. Marc Madiot \u00e9voque un \u00ab\u00a0vieux french bashing\u00a0\u00bb qui semble avoir la vie dure, aliment\u00e9 par des st\u00e9r\u00e9otypes et des pr\u00e9jug\u00e9s. Il est essentiel de d\u00e9passer ces clich\u00e9s pour appr\u00e9cier les v\u00e9ritables capacit\u00e9s de ces formations.<\/p>\n<p>La \u00ab\u00a0petite musique\u00a0\u00bb qui circule dans le peloton, insinuant que les \u00e9quipes fran\u00e7aises sont \u00ab\u00a0ringardes\u00a0\u00bb, n&rsquo;est pas fond\u00e9e sur des faits selon Madiot. Les performances r\u00e9centes des coureurs, ainsi que les investissements dans la formation, t\u00e9moignent d&rsquo;une dynamique positive. Ces \u00e9l\u00e9ments m\u00e9ritent d&rsquo;\u00eatre mis en lumi\u00e8re pour redorer le blason du cyclisme fran\u00e7ais.<\/p>\n<h2>Les atouts des \u00e9quipes fran\u00e7aises<\/h2>\n<p>Les \u00e9quipes de cyclisme fran\u00e7aises, telles que Groupama-FDJ, disposent d&rsquo;atouts ind\u00e9niables. Leur approche de la formation et du d\u00e9veloppement des talents locaux contribue \u00e0 la richesse de leur palmar\u00e8s. Les coureurs fran\u00e7ais, nourris par cette culture sportive, montrent une d\u00e9termination \u00e0 rivaliser avec les meilleurs du monde.<img decoding=\"async\" width=\"1024\" height=\"576\" src=\"https:\/\/sport-index.fr\/blog\/wp-content\/uploads\/2025\/02\/stability-la-reputation-des-equipes-francaises-de-cyclisme-un-combat-a-mener-1.png\" class=\"aligncenter\" alt=\"Illustration d\u00e9taill\u00e9e sur la r\u00e9putation des \u00e9quipes fran\u00e7aises de cyclisme : un combat \u00e0 mener\" title=\"la r\u00e9putation des \u00e9quipes fran\u00e7aises de cyclisme : un combat \u00e0 mener\" loading=\"lazy\" \/><\/p>\n<p>Ces propos de Marc Madiot intervenaient dans un contexte pr\u00e9cis : l&rsquo;\u00e9quipe Groupama-FDJ venait d&rsquo;accueillir R\u00e9mi Cavagna, alors \u00e2g\u00e9 de 29 ans, qui la rejoignait apr\u00e8s une saison 2024 difficile chez Movistar. L&rsquo;ancien champion de France du contre-la-montre avait r\u00e9sili\u00e9 son contrat \u00e0 l&rsquo;amiable avec la formation espagnole pour retrouver les couleurs fran\u00e7aises et relancer sa carri\u00e8re. C&rsquo;est dans ce contexte que Madiot d\u00e9fendait la r\u00e9putation de sa structure et, plus largement, celle des \u00e9quipes tricolores.<\/p>\n<p><em>Note : la vid\u00e9o int\u00e9gr\u00e9e ci-dessous n&rsquo;est pas la vid\u00e9o Eurosport qui a servi de source \u00e0 cet article ; elle est aujourd&rsquo;hui indisponible sur YouTube et son titre (\u00ab\u00a0A bout de course &#8211; Embrunman, l&rsquo;ironman le plus difficile au monde\u00a0\u00bb) ne correspond pas au sujet de cet article. Elle n&rsquo;a pas \u00e9t\u00e9 modifi\u00e9e pour pr\u00e9server l&rsquo;int\u00e9grit\u00e9 du contenu d&rsquo;origine.<\/em><\/p>\n<p><iframe loading=\"lazy\" title=\"A bout de course - Embrunman, l\u2019ironman le plus difficile au monde - Documentaire (2013)\" width=\"1200\" height=\"675\" src=\"https:\/\/www.youtube.com\/embed\/nULzsJccWnY?feature=oembed\" frameborder=\"0\" allow=\"accelerometer; autoplay; clipboard-write; encrypted-media; gyroscope; picture-in-picture; web-share\" referrerpolicy=\"strict-origin-when-cross-origin\" allowfullscreen><\/iframe><\/p>\n<h2>Le r\u00f4le des m\u00e9dias dans la perception du cyclisme<\/h2>\n<p>Les m\u00e9dias jouent un r\u00f4le crucial dans la formation de l&rsquo;opinion publique sur les \u00e9quipes de cyclisme. Une couverture biais\u00e9e ou n\u00e9gative peut rapidement influencer la perception des performances des coureurs. Madiot appelle donc \u00e0 une approche plus \u00e9quilibr\u00e9e des m\u00e9dias pour mettre en avant les succ\u00e8s des \u00e9quipes fran\u00e7aises.<\/p>\n<p>Il est vital que les journalistes et les commentateurs reconnaissent les efforts fournis par les \u00e9quipes et leurs coureurs. En mettant l&rsquo;accent sur les r\u00e9ussites, ils peuvent contribuer \u00e0 changer la narration autour du cyclisme fran\u00e7ais. Cela pourrait \u00e9galement inciter davantage de sponsors \u00e0 investir dans ces \u00e9quipes prometteuses.<\/p>\n<ul>\n<li>Une histoire riche dans le cyclisme international<\/li>\n<li>Des coureurs talentueux et d\u00e9termin\u00e9s<\/li>\n<li>Un soutien croissant du public et des sponsors<\/li>\n<li>Une culture de la formation et du d\u00e9veloppement<\/li>\n<li>Une n\u00e9cessit\u00e9 de changement dans la perception m\u00e9diatique<\/li>\n<\/ul>\n<blockquote><p>\n\u00ab\u00a0En France, on est largement au niveau\u00a0\u00bb, Marc Madiot.\n<\/p><\/blockquote>\n<p>Le discours de Marc Madiot est un appel \u00e0 la fiert\u00e9 pour le cyclisme fran\u00e7ais. En d\u00e9fendant la r\u00e9putation de ses \u00e9quipes, il invite les passionn\u00e9s et les observateurs \u00e0 reconsid\u00e9rer leur jugement. La route est encore longue, mais avec des voix comme la sienne, le cyclisme fran\u00e7ais peut esp\u00e9rer un avenir plus radieux.<\/p>\n<p><em>Propos recueillis par Eurosport le 18 f\u00e9vrier 2025 dans l&rsquo;\u00e9mission \u00ab\u00a0Bistrot V\u00e9lo\u00a0\u00bb. \u00c0 l&rsquo;\u00e9poque, l&rsquo;\u00e9quipe portait le nom de Groupama-FDJ ; elle est aujourd&rsquo;hui connue sous le nom de Groupama-FDJ United, un nouveau partenaire ayant rejoint la structure depuis. (Article rev\u00e9rifi\u00e9 et compl\u00e9t\u00e9 le 2 septembre 2026.)<\/em><\/p>\n","protected":false},"excerpt":{"rendered":"","protected":false},"author":34,"featured_media":9439,"comment_status":"open","ping_status":"open","sticky":false,"template":"","format":"standard","meta":{"_acf_changed":false,"manual_indexmenow":false,"indexmenow_id_project":0,"footnotes":""},"categories":[1],"tags":[4840,4615,4559,4561,4543],"class_list":["post-9438","post","type-post","status-publish","format-standard","has-post-thumbnail","hentry","category-a-la-une","tag-changement-social","tag-communaute-engagee","tag-cyclisme","tag-gestion-des-talents","tag-performance","generate-columns","tablet-grid-50","mobile-grid-100","grid-parent","grid-25"],"acf":[],"yoast_head":"<!-- This site is optimized with the Yoast SEO Premium plugin v21.3 (Yoast SEO v26.5) - https:\/\/yoast.com\/wordpress\/plugins\/seo\/ -->\n<title>La r\u00e9putation des \u00e9quipes fran\u00e7aises de cyclisme : un combat \u00e0 mener<\/title>\n<meta name=\"description\" content=\"Marc Madiot, manager g\u00e9n\u00e9ral de l&#039;\u00e9quipe Groupama-FDJ, fait entendre sa voix pour d\u00e9fendre ces structures. Dans un contexte o\u00f9 la performance et l&#039;image\u2026\" \/>\n<meta name=\"robots\" content=\"index, follow, max-snippet:-1, max-image-preview:large, max-video-preview:-1\" \/>\n<link rel=\"canonical\" href=\"https:\/\/sport-index.fr\/blog\/a-la-une\/la-reputation-des-equipes-francaises-de-cyclisme-un-combat-a-mener\/\" \/>\n<meta property=\"og:locale\" content=\"fr_FR\" \/>\n<meta property=\"og:type\" content=\"article\" \/>\n<meta property=\"og:title\" content=\"La r\u00e9putation des \u00e9quipes fran\u00e7aises de cyclisme : un combat \u00e0 mener\" \/>\n<meta property=\"og:description\" content=\"Marc Madiot, manager g\u00e9n\u00e9ral de l&#039;\u00e9quipe Groupama-FDJ, fait entendre sa voix pour d\u00e9fendre ces structures. Dans un contexte o\u00f9 la performance et l&#039;image\u2026\" \/>\n<meta property=\"og:url\" content=\"https:\/\/sport-index.fr\/blog\/a-la-une\/la-reputation-des-equipes-francaises-de-cyclisme-un-combat-a-mener\/\" \/>\n<meta property=\"og:site_name\" content=\"sport-index\" \/>\n<meta property=\"og:image\" content=\"https:\/\/sport-index.fr\/blog\/wp-content\/uploads\/2025\/02\/stability-la-reputation-des-equipes-francaises-de-cyclisme-un-combat-a-mener.png\" \/>\n\t<meta property=\"og:image:width\" content=\"1024\" \/>\n\t<meta property=\"og:image:height\" content=\"576\" \/>\n\t<meta property=\"og:image:type\" content=\"image\/png\" \/>\n<meta name=\"author\" content=\"Axel Lauzier\" \/>\n<meta name=\"twitter:card\" content=\"summary_large_image\" \/>\n<script type=\"application\/ld+json\" class=\"yoast-schema-graph\">{\"@context\":\"https:\/\/schema.org\",\"@graph\":[{\"@type\":\"NewsArticle\",\"@id\":\"https:\/\/sport-index.fr\/blog\/a-la-une\/la-reputation-des-equipes-francaises-de-cyclisme-un-combat-a-mener\/#article\",\"isPartOf\":{\"@id\":\"https:\/\/sport-index.fr\/blog\/a-la-une\/la-reputation-des-equipes-francaises-de-cyclisme-un-combat-a-mener\/\"},\"author\":{\"name\":\"Axel Lauzier\",\"@id\":\"https:\/\/sport-index.fr\/blog\/#\/schema\/person\/3c864cdc320801e3db34b663e7e3f816\"},\"headline\":\"La r\u00e9putation des \u00e9quipes fran\u00e7aises de cyclisme : un combat \u00e0 mener\",\"datePublished\":\"2026-09-02T07:13:57+00:00\",\"mainEntityOfPage\":{\"@id\":\"https:\/\/sport-index.fr\/blog\/a-la-une\/la-reputation-des-equipes-francaises-de-cyclisme-un-combat-a-mener\/\"},\"wordCount\":696,\"commentCount\":24,\"publisher\":{\"@id\":\"https:\/\/sport-index.fr\/blog\/#organization\"},\"image\":{\"@id\":\"https:\/\/sport-index.fr\/blog\/a-la-une\/la-reputation-des-equipes-francaises-de-cyclisme-un-combat-a-mener\/#primaryimage\"},\"thumbnailUrl\":\"https:\/\/sport-index.fr\/blog\/wp-content\/uploads\/2025\/02\/stability-la-reputation-des-equipes-francaises-de-cyclisme-un-combat-a-mener.png\",\"keywords\":[\"Changement Social\",\"Communaut\u00e9 engag\u00e9e\",\"Cyclisme\",\"Gestion des Talents\",\"Performance\"],\"articleSection\":[\"\u00c0 la une\"],\"inLanguage\":\"fr-FR\",\"potentialAction\":[{\"@type\":\"CommentAction\",\"name\":\"Comment\",\"target\":[\"https:\/\/sport-index.fr\/blog\/a-la-une\/la-reputation-des-equipes-francaises-de-cyclisme-un-combat-a-mener\/#respond\"]}]},{\"@type\":\"WebPage\",\"@id\":\"https:\/\/sport-index.fr\/blog\/a-la-une\/la-reputation-des-equipes-francaises-de-cyclisme-un-combat-a-mener\/\",\"url\":\"https:\/\/sport-index.fr\/blog\/a-la-une\/la-reputation-des-equipes-francaises-de-cyclisme-un-combat-a-mener\/\",\"name\":\"La r\u00e9putation des \u00e9quipes fran\u00e7aises de cyclisme : un combat \u00e0 mener\",\"isPartOf\":{\"@id\":\"https:\/\/sport-index.fr\/blog\/#website\"},\"primaryImageOfPage\":{\"@id\":\"https:\/\/sport-index.fr\/blog\/a-la-une\/la-reputation-des-equipes-francaises-de-cyclisme-un-combat-a-mener\/#primaryimage\"},\"image\":{\"@id\":\"https:\/\/sport-index.fr\/blog\/a-la-une\/la-reputation-des-equipes-francaises-de-cyclisme-un-combat-a-mener\/#primaryimage\"},\"thumbnailUrl\":\"https:\/\/sport-index.fr\/blog\/wp-content\/uploads\/2025\/02\/stability-la-reputation-des-equipes-francaises-de-cyclisme-un-combat-a-mener.png\",\"datePublished\":\"2026-09-02T07:13:57+00:00\",\"description\":\"Marc Madiot, manager g\u00e9n\u00e9ral de l'\u00e9quipe Groupama-FDJ, fait entendre sa voix pour d\u00e9fendre ces structures. Dans un contexte o\u00f9 la performance et l'image\u2026\",\"inLanguage\":\"fr-FR\",\"potentialAction\":[{\"@type\":\"ReadAction\",\"target\":[\"https:\/\/sport-index.fr\/blog\/a-la-une\/la-reputation-des-equipes-francaises-de-cyclisme-un-combat-a-mener\/\"]}]},{\"@type\":\"ImageObject\",\"inLanguage\":\"fr-FR\",\"@id\":\"https:\/\/sport-index.fr\/blog\/a-la-une\/la-reputation-des-equipes-francaises-de-cyclisme-un-combat-a-mener\/#primaryimage\",\"url\":\"https:\/\/sport-index.fr\/blog\/wp-content\/uploads\/2025\/02\/stability-la-reputation-des-equipes-francaises-de-cyclisme-un-combat-a-mener.png\",\"contentUrl\":\"https:\/\/sport-index.fr\/blog\/wp-content\/uploads\/2025\/02\/stability-la-reputation-des-equipes-francaises-de-cyclisme-un-combat-a-mener.png\",\"width\":1024,\"height\":576},{\"@type\":\"WebSite\",\"@id\":\"https:\/\/sport-index.fr\/blog\/#website\",\"url\":\"https:\/\/sport-index.fr\/blog\/\",\"name\":\"sport-index.fr\",\"description\":\"Le score de l\u2019analyse sportive.\",\"publisher\":{\"@id\":\"https:\/\/sport-index.fr\/blog\/#organization\"},\"alternateName\":\"Le score de l\u2019analyse sportive.\",\"potentialAction\":[{\"@type\":\"SearchAction\",\"target\":{\"@type\":\"EntryPoint\",\"urlTemplate\":\"https:\/\/sport-index.fr\/blog\/?s={search_term_string}\"},\"query-input\":{\"@type\":\"PropertyValueSpecification\",\"valueRequired\":true,\"valueName\":\"search_term_string\"}}],\"inLanguage\":\"fr-FR\"},{\"@type\":\"Organization\",\"@id\":\"https:\/\/sport-index.fr\/blog\/#organization\",\"name\":\"Foretsensations.fr\",\"url\":\"https:\/\/sport-index.fr\/blog\/\",\"logo\":{\"@type\":\"ImageObject\",\"inLanguage\":\"fr-FR\",\"@id\":\"https:\/\/sport-index.fr\/blog\/#\/schema\/logo\/image\/\",\"url\":\"https:\/\/sport-index.fr\/blog\/wp-content\/uploads\/2026\/07\/logo-auto.png\",\"contentUrl\":\"https:\/\/sport-index.fr\/blog\/wp-content\/uploads\/2026\/07\/logo-auto.png\",\"width\":1024,\"height\":1024,\"caption\":\"Foretsensations.fr\"},\"image\":{\"@id\":\"https:\/\/sport-index.fr\/blog\/#\/schema\/logo\/image\/\"}},{\"@type\":\"Person\",\"@id\":\"https:\/\/sport-index.fr\/blog\/#\/schema\/person\/3c864cdc320801e3db34b663e7e3f816\",\"name\":\"Axel Lauzier\",\"image\":{\"@type\":\"ImageObject\",\"inLanguage\":\"fr-FR\",\"@id\":\"https:\/\/sport-index.fr\/blog\/#\/schema\/person\/image\/\",\"url\":\"https:\/\/sport-index.fr\/blog\/wp-content\/uploads\/2026\/06\/persona_axel-l-96x96.jpg\",\"contentUrl\":\"https:\/\/sport-index.fr\/blog\/wp-content\/uploads\/2026\/06\/persona_axel-l-96x96.jpg\",\"caption\":\"Axel Lauzier\"},\"description\":\"Le sport rythme mon quotidien depuis l'enfance, et j'en ai fait mon m\u00e9tier d'analyste r\u00e9dactionnel il y a une dizaine d'ann\u00e9es. Je couvre principalement le football, son actualit\u00e9, ses transferts et l'analyse tactique des grandes affiches, mais aussi les disciplines plus confidentielles que j'aime remettre en lumi\u00e8re. Une partie de mon travail porte sur les pronostics et la lecture statistique d'un match : forme des \u00e9quipes, historique des confrontations, compositions, sans jamais vendre de fausse certitude. Je rappelle syst\u00e9matiquement que parier comporte un risque et doit rester un loisir ma\u00eetris\u00e9. Avant de signer une analyse, je v\u00e9rifie mes chiffres, je recoupe les compositions probables et je distingue toujours la donn\u00e9e brute de l'intuition. Mon objectif : offrir une lecture honn\u00eate et argument\u00e9e, pas un ticket gagnant garanti.\",\"sameAs\":[\"https:\/\/axellauzier.fr\/\"],\"url\":\"https:\/\/sport-index.fr\/blog\/auteur\/noname\/\"}]}<\/script>\n<!-- \/ Yoast SEO Premium plugin. -->","yoast_head_json":{"title":"La r\u00e9putation des \u00e9quipes fran\u00e7aises de cyclisme : un combat \u00e0 mener","description":"Marc Madiot, manager g\u00e9n\u00e9ral de l'\u00e9quipe Groupama-FDJ, fait entendre sa voix pour d\u00e9fendre ces structures. Dans un contexte o\u00f9 la performance et l'image\u2026","robots":{"index":"index","follow":"follow","max-snippet":"max-snippet:-1","max-image-preview":"max-image-preview:large","max-video-preview":"max-video-preview:-1"},"canonical":"https:\/\/sport-index.fr\/blog\/a-la-une\/la-reputation-des-equipes-francaises-de-cyclisme-un-combat-a-mener\/","og_locale":"fr_FR","og_type":"article","og_title":"La r\u00e9putation des \u00e9quipes fran\u00e7aises de cyclisme : un combat \u00e0 mener","og_description":"Marc Madiot, manager g\u00e9n\u00e9ral de l'\u00e9quipe Groupama-FDJ, fait entendre sa voix pour d\u00e9fendre ces structures. Dans un contexte o\u00f9 la performance et l'image\u2026","og_url":"https:\/\/sport-index.fr\/blog\/a-la-une\/la-reputation-des-equipes-francaises-de-cyclisme-un-combat-a-mener\/","og_site_name":"sport-index","og_image":[{"width":1024,"height":576,"url":"https:\/\/sport-index.fr\/blog\/wp-content\/uploads\/2025\/02\/stability-la-reputation-des-equipes-francaises-de-cyclisme-un-combat-a-mener.png","type":"image\/png"}],"author":"Axel Lauzier","twitter_card":"summary_large_image","schema":{"@context":"https:\/\/schema.org","@graph":[{"@type":"NewsArticle","@id":"https:\/\/sport-index.fr\/blog\/a-la-une\/la-reputation-des-equipes-francaises-de-cyclisme-un-combat-a-mener\/#article","isPartOf":{"@id":"https:\/\/sport-index.fr\/blog\/a-la-une\/la-reputation-des-equipes-francaises-de-cyclisme-un-combat-a-mener\/"},"author":{"name":"Axel Lauzier","@id":"https:\/\/sport-index.fr\/blog\/#\/schema\/person\/3c864cdc320801e3db34b663e7e3f816"},"headline":"La r\u00e9putation des \u00e9quipes fran\u00e7aises de cyclisme : un combat \u00e0 mener","datePublished":"2026-09-02T07:13:57+00:00","mainEntityOfPage":{"@id":"https:\/\/sport-index.fr\/blog\/a-la-une\/la-reputation-des-equipes-francaises-de-cyclisme-un-combat-a-mener\/"},"wordCount":696,"commentCount":24,"publisher":{"@id":"https:\/\/sport-index.fr\/blog\/#organization"},"image":{"@id":"https:\/\/sport-index.fr\/blog\/a-la-une\/la-reputation-des-equipes-francaises-de-cyclisme-un-combat-a-mener\/#primaryimage"},"thumbnailUrl":"https:\/\/sport-index.fr\/blog\/wp-content\/uploads\/2025\/02\/stability-la-reputation-des-equipes-francaises-de-cyclisme-un-combat-a-mener.png","keywords":["Changement Social","Communaut\u00e9 engag\u00e9e","Cyclisme","Gestion des Talents","Performance"],"articleSection":["\u00c0 la une"],"inLanguage":"fr-FR","potentialAction":[{"@type":"CommentAction","name":"Comment","target":["https:\/\/sport-index.fr\/blog\/a-la-une\/la-reputation-des-equipes-francaises-de-cyclisme-un-combat-a-mener\/#respond"]}]},{"@type":"WebPage","@id":"https:\/\/sport-index.fr\/blog\/a-la-une\/la-reputation-des-equipes-francaises-de-cyclisme-un-combat-a-mener\/","url":"https:\/\/sport-index.fr\/blog\/a-la-une\/la-reputation-des-equipes-francaises-de-cyclisme-un-combat-a-mener\/","name":"La r\u00e9putation des \u00e9quipes fran\u00e7aises de cyclisme : un combat \u00e0 mener","isPartOf":{"@id":"https:\/\/sport-index.fr\/blog\/#website"},"primaryImageOfPage":{"@id":"https:\/\/sport-index.fr\/blog\/a-la-une\/la-reputation-des-equipes-francaises-de-cyclisme-un-combat-a-mener\/#primaryimage"},"image":{"@id":"https:\/\/sport-index.fr\/blog\/a-la-une\/la-reputation-des-equipes-francaises-de-cyclisme-un-combat-a-mener\/#primaryimage"},"thumbnailUrl":"https:\/\/sport-index.fr\/blog\/wp-content\/uploads\/2025\/02\/stability-la-reputation-des-equipes-francaises-de-cyclisme-un-combat-a-mener.png","datePublished":"2026-09-02T07:13:57+00:00","description":"Marc Madiot, manager g\u00e9n\u00e9ral de l'\u00e9quipe Groupama-FDJ, fait entendre sa voix pour d\u00e9fendre ces structures. Dans un contexte o\u00f9 la performance et l'image\u2026","inLanguage":"fr-FR","potentialAction":[{"@type":"ReadAction","target":["https:\/\/sport-index.fr\/blog\/a-la-une\/la-reputation-des-equipes-francaises-de-cyclisme-un-combat-a-mener\/"]}]},{"@type":"ImageObject","inLanguage":"fr-FR","@id":"https:\/\/sport-index.fr\/blog\/a-la-une\/la-reputation-des-equipes-francaises-de-cyclisme-un-combat-a-mener\/#primaryimage","url":"https:\/\/sport-index.fr\/blog\/wp-content\/uploads\/2025\/02\/stability-la-reputation-des-equipes-francaises-de-cyclisme-un-combat-a-mener.png","contentUrl":"https:\/\/sport-index.fr\/blog\/wp-content\/uploads\/2025\/02\/stability-la-reputation-des-equipes-francaises-de-cyclisme-un-combat-a-mener.png","width":1024,"height":576},{"@type":"WebSite","@id":"https:\/\/sport-index.fr\/blog\/#website","url":"https:\/\/sport-index.fr\/blog\/","name":"sport-index.fr","description":"Le score de l\u2019analyse sportive.","publisher":{"@id":"https:\/\/sport-index.fr\/blog\/#organization"},"alternateName":"Le score de l\u2019analyse sportive.","potentialAction":[{"@type":"SearchAction","target":{"@type":"EntryPoint","urlTemplate":"https:\/\/sport-index.fr\/blog\/?s={search_term_string}"},"query-input":{"@type":"PropertyValueSpecification","valueRequired":true,"valueName":"search_term_string"}}],"inLanguage":"fr-FR"},{"@type":"Organization","@id":"https:\/\/sport-index.fr\/blog\/#organization","name":"Foretsensations.fr","url":"https:\/\/sport-index.fr\/blog\/","logo":{"@type":"ImageObject","inLanguage":"fr-FR","@id":"https:\/\/sport-index.fr\/blog\/#\/schema\/logo\/image\/","url":"https:\/\/sport-index.fr\/blog\/wp-content\/uploads\/2026\/07\/logo-auto.png","contentUrl":"https:\/\/sport-index.fr\/blog\/wp-content\/uploads\/2026\/07\/logo-auto.png","width":1024,"height":1024,"caption":"Foretsensations.fr"},"image":{"@id":"https:\/\/sport-index.fr\/blog\/#\/schema\/logo\/image\/"}},{"@type":"Person","@id":"https:\/\/sport-index.fr\/blog\/#\/schema\/person\/3c864cdc320801e3db34b663e7e3f816","name":"Axel Lauzier","image":{"@type":"ImageObject","inLanguage":"fr-FR","@id":"https:\/\/sport-index.fr\/blog\/#\/schema\/person\/image\/","url":"https:\/\/sport-index.fr\/blog\/wp-content\/uploads\/2026\/06\/persona_axel-l-96x96.jpg","contentUrl":"https:\/\/sport-index.fr\/blog\/wp-content\/uploads\/2026\/06\/persona_axel-l-96x96.jpg","caption":"Axel Lauzier"},"description":"Le sport rythme mon quotidien depuis l'enfance, et j'en ai fait mon m\u00e9tier d'analyste r\u00e9dactionnel il y a une dizaine d'ann\u00e9es. Je couvre principalement le football, son actualit\u00e9, ses transferts et l'analyse tactique des grandes affiches, mais aussi les disciplines plus confidentielles que j'aime remettre en lumi\u00e8re. Une partie de mon travail porte sur les pronostics et la lecture statistique d'un match : forme des \u00e9quipes, historique des confrontations, compositions, sans jamais vendre de fausse certitude. Je rappelle syst\u00e9matiquement que parier comporte un risque et doit rester un loisir ma\u00eetris\u00e9. Avant de signer une analyse, je v\u00e9rifie mes chiffres, je recoupe les compositions probables et je distingue toujours la donn\u00e9e brute de l'intuition. Mon objectif : offrir une lecture honn\u00eate et argument\u00e9e, pas un ticket gagnant garanti.","sameAs":["https:\/\/axellauzier.fr\/"],"url":"https:\/\/sport-index.fr\/blog\/auteur\/noname\/"}]}},"_links":{"self":[{"href":"https:\/\/sport-index.fr\/blog\/wp-json\/wp\/v2\/posts\/9438","targetHints":{"allow":["GET"]}}],"collection":[{"href":"https:\/\/sport-index.fr\/blog\/wp-json\/wp\/v2\/posts"}],"about":[{"href":"https:\/\/sport-index.fr\/blog\/wp-json\/wp\/v2\/types\/post"}],"author":[{"embeddable":true,"href":"https:\/\/sport-index.fr\/blog\/wp-json\/wp\/v2\/users\/34"}],"replies":[{"embeddable":true,"href":"https:\/\/sport-index.fr\/blog\/wp-json\/wp\/v2\/comments?post=9438"}],"version-history":[{"count":3,"href":"https:\/\/sport-index.fr\/blog\/wp-json\/wp\/v2\/posts\/9438\/revisions"}],"predecessor-version":[{"id":18471,"href":"https:\/\/sport-index.fr\/blog\/wp-json\/wp\/v2\/posts\/9438\/revisions\/18471"}],"wp:featuredmedia":[{"embeddable":true,"href":"https:\/\/sport-index.fr\/blog\/wp-json\/wp\/v2\/media\/9439"}],"wp:attachment":[{"href":"https:\/\/sport-index.fr\/blog\/wp-json\/wp\/v2\/media?parent=9438"}],"wp:term":[{"taxonomy":"category","embeddable":true,"href":"https:\/\/sport-index.fr\/blog\/wp-json\/wp\/v2\/categories?post=9438"},{"taxonomy":"post_tag","embeddable":true,"href":"https:\/\/sport-index.fr\/blog\/wp-json\/wp\/v2\/tags?post=9438"}],"curies":[{"name":"wp","href":"https:\/\/api.w.org\/{rel}","templated":true}]}}