{"id":9463,"date":"2025-02-20T03:31:03","date_gmt":"2025-02-20T02:31:03","guid":{"rendered":"https:\/\/sport-index.fr\/blog\/?p=9463"},"modified":"2025-02-18T09:04:37","modified_gmt":"2025-02-18T08:04:37","slug":"coupe-du-monde-2027-le-capitaine-alvaro-garcia-partage-son-reve-pour-lespagne","status":"publish","type":"post","link":"https:\/\/sport-index.fr\/blog\/a-la-une\/coupe-du-monde-2027-le-capitaine-alvaro-garcia-partage-son-reve-pour-lespagne\/","title":{"rendered":"Coupe du monde 2027 : le capitaine \u00c1lvaro Garcia partage son r\u00eave pour l&rsquo;Espagne"},"content":{"rendered":"<h2>La qualification, un moment historique pour le rugby espagnol<\/h2>\n<p>Apr\u00e8s deux disqualifications lors des pr\u00e9c\u00e9dents Mondiaux, le capitaine \u00c1lvaro Garcia a conduit son \u00e9quipe vers la victoire contre la Suisse. Ce moment de triomphe a non seulement apport\u00e9 une immense joie aux joueurs, mais a \u00e9galement raviv\u00e9 la passion pour ce sport dans le pays.<\/p>\n<p>Garcia souligne l&rsquo;importance de ce succ\u00e8s en d\u00e9clarant : \u00ab\u00a0Nous ne jouons pas seulement pour nous-m\u00eames, mais aussi pour toute l&rsquo;Espagne.\u00a0\u00bb La d\u00e9termination de l&rsquo;\u00e9quipe a brill\u00e9 tout au long du match, et le fait de jouer pour une nation enti\u00e8re a ajout\u00e9 une pression, mais aussi une motivation suppl\u00e9mentaire. Cette qualification est le fruit d&rsquo;un travail acharn\u00e9 et d&rsquo;une coh\u00e9sion remarquable au sein de l&rsquo;\u00e9quipe.<\/p>\n<h2>Les d\u00e9fis pass\u00e9s et la r\u00e9silience de l&rsquo;\u00e9quipe<\/h2>\n<p>Les deux derni\u00e8res d\u00e9cennies ont \u00e9t\u00e9 marqu\u00e9es par des d\u00e9fis difficiles pour le rugby en Espagne, mais l&rsquo;\u00e9quipe a choisi de ne pas se laisser abattre. Au lieu de se concentrer sur les \u00e9checs pass\u00e9s, les joueurs ont d\u00e9cid\u00e9 de se concentrer sur leur avenir et leurs capacit\u00e9s. Garcia a soulign\u00e9 qu&rsquo;il \u00e9tait crucial de tourner la page et d&rsquo;aborder chaque match avec un esprit positif.<img decoding=\"async\" width=\"1024\" height=\"576\" src=\"https:\/\/sport-index.fr\/blog\/wp-content\/uploads\/2025\/02\/stability-coupe-du-monde-2027-le-capitaine-alvaro-garcia-partage-son-reve-pour-lespagne-1.png\" class=\"aligncenter\" alt=\"Illustration d\u00e9taill\u00e9e sur Coupe du monde 2027 : le capitaine \u00c1lvaro Garcia partage son r\u00eave pour l&#039;Espagne\" title=\"Coupe du monde 2027 : le capitaine \u00c1lvaro Garcia partage son r\u00eave pour l&#039;Espagne\" loading=\"lazy\" \/><\/p>\n<p>Cette approche a permis \u00e0 l\u2019\u00e9quipe de se forger une identit\u00e9 forte, encourag\u00e9e par le soutien croissant des m\u00e9dias et des fans. Le rugby en Espagne n&rsquo;est plus un sport r\u00e9serv\u00e9 \u00e0 une poign\u00e9e de passionn\u00e9s, mais attire d\u00e9sormais un public plus large. Cette dynamique est prometteuse pour le d\u00e9veloppement futur du rugby dans le pays.<\/p>\n<h2>Des r\u00eaves \u00e0 port\u00e9e de main<\/h2>\n<p>Avec la qualification en poche, les joueurs espagnols peuvent d\u00e9sormais r\u00eaver grand. \u00c1lvaro Garcia \u00e9voque l&rsquo;exemple du Portugal, qui a r\u00e9ussi \u00e0 surprendre le monde en 2023, et aspire \u00e0 suivre cette voie. \u00ab\u00a0Tout est possible\u00a0\u00bb, d\u00e9clare-t-il, soulignant la volont\u00e9 de l&rsquo;\u00e9quipe de donner le meilleur d&rsquo;elle-m\u00eame sur la sc\u00e8ne internationale.<\/p>\n<p>Le capitaine exprime \u00e9galement son d\u00e9sir de jouer contre des \u00e9quipes prestigieuses comme la France et l\u2019Irlande. Pour lui, affronter la France, notamment en raison de son lien avec le Stade fran\u00e7ais, serait une exp\u00e9rience sp\u00e9ciale. L&rsquo;Irlande, avec son style de jeu dynamique et combatif, repr\u00e9sente \u00e9galement un d\u00e9fi que Garcia attend avec impatience.<\/p>\n<ul>\n<li>Qualification historique pour la Coupe du monde 2027<\/li>\n<li>Un moment de fiert\u00e9 pour le rugby espagnol<\/li>\n<li>D\u00e9termination \u00e0 surmonter les d\u00e9fis pass\u00e9s<\/li>\n<li>Support croissant des m\u00e9dias et des fans<\/li>\n<li>R\u00eaves d&rsquo;affronter des \u00e9quipes de renomm\u00e9e mondiale<\/li>\n<\/ul>\n<blockquote><p>\u00ab\u00a0C\u2019\u00e9tait incroyable. L\u2019\u00e9quipe savait que nous avions besoin de nous qualifier apr\u00e8s les deux disqualifications pour les deux derniers Mondiaux. Au coup de sifflet final, c\u2019\u00e9tait une incroyable joie.\u00a0\u00bb<\/p><\/blockquote>\n<p>Cet article explore le parcours de l&rsquo;\u00e9quipe espagnole de rugby vers la Coupe du monde 2027, mettant en lumi\u00e8re les d\u00e9fis, la r\u00e9silience et les r\u00eaves de l&rsquo;\u00e9quipe. Avec un ton engageant et professionnel, il souligne l&rsquo;importance de la qualification et l&rsquo;impact positif sur le rugby en Espagne.<\/p>\n","protected":false},"excerpt":{"rendered":"","protected":false},"author":34,"featured_media":9464,"comment_status":"open","ping_status":"open","sticky":false,"template":"","format":"standard","meta":{"_acf_changed":false,"manual_indexmenow":false,"indexmenow_id_project":0,"footnotes":""},"categories":[1],"tags":[4615,4544,4543,4408,4536],"class_list":["post-9463","post","type-post","status-publish","format-standard","has-post-thumbnail","hentry","category-a-la-une","tag-communaute-engagee","tag-equipe","tag-performance","tag-resilience","tag-rugby","generate-columns","tablet-grid-50","mobile-grid-100","grid-parent","grid-25"],"acf":[],"yoast_head":"<!-- This site is optimized with the Yoast SEO Premium plugin v21.3 (Yoast SEO v26.5) - https:\/\/yoast.com\/wordpress\/plugins\/seo\/ -->\n<title>Coupe du monde 2027 : le capitaine \u00c1lvaro Garcia partage<\/title>\n<meta name=\"description\" content=\"La qualification, un moment historique pour le rugby espagnol Apr\u00e8s deux disqualifications lors des pr\u00e9c\u00e9dents Mondiaux, le capitaine \u00c1lvaro Garcia a\u2026\" \/>\n<meta name=\"robots\" content=\"index, follow, max-snippet:-1, max-image-preview:large, max-video-preview:-1\" \/>\n<link rel=\"canonical\" href=\"https:\/\/sport-index.fr\/blog\/a-la-une\/coupe-du-monde-2027-le-capitaine-alvaro-garcia-partage-son-reve-pour-lespagne\/\" \/>\n<meta property=\"og:locale\" content=\"fr_FR\" \/>\n<meta property=\"og:type\" content=\"article\" \/>\n<meta property=\"og:title\" content=\"Coupe du monde 2027 : le capitaine \u00c1lvaro Garcia partage\" \/>\n<meta property=\"og:description\" content=\"La qualification, un moment historique pour le rugby espagnol Apr\u00e8s deux disqualifications lors des pr\u00e9c\u00e9dents Mondiaux, le capitaine \u00c1lvaro Garcia a\u2026\" \/>\n<meta property=\"og:url\" content=\"https:\/\/sport-index.fr\/blog\/a-la-une\/coupe-du-monde-2027-le-capitaine-alvaro-garcia-partage-son-reve-pour-lespagne\/\" \/>\n<meta property=\"og:site_name\" content=\"sport-index\" \/>\n<meta property=\"og:image\" content=\"https:\/\/sport-index.fr\/blog\/wp-content\/uploads\/2025\/02\/stability-coupe-du-monde-2027-le-capitaine-alvaro-garcia-partage-son-reve-pour-lespagne.png\" \/>\n\t<meta property=\"og:image:width\" content=\"1024\" \/>\n\t<meta property=\"og:image:height\" content=\"576\" \/>\n\t<meta property=\"og:image:type\" content=\"image\/png\" \/>\n<meta name=\"author\" content=\"Axel Lauzier\" \/>\n<meta name=\"twitter:card\" content=\"summary_large_image\" \/>\n<script type=\"application\/ld+json\" class=\"yoast-schema-graph\">{\"@context\":\"https:\/\/schema.org\",\"@graph\":[{\"@type\":\"NewsArticle\",\"@id\":\"https:\/\/sport-index.fr\/blog\/a-la-une\/coupe-du-monde-2027-le-capitaine-alvaro-garcia-partage-son-reve-pour-lespagne\/#article\",\"isPartOf\":{\"@id\":\"https:\/\/sport-index.fr\/blog\/a-la-une\/coupe-du-monde-2027-le-capitaine-alvaro-garcia-partage-son-reve-pour-lespagne\/\"},\"author\":{\"name\":\"Axel Lauzier\",\"@id\":\"https:\/\/sport-index.fr\/blog\/#\/schema\/person\/3c864cdc320801e3db34b663e7e3f816\"},\"headline\":\"Coupe du monde 2027 : le capitaine \u00c1lvaro Garcia partage son r\u00eave pour l&rsquo;Espagne\",\"datePublished\":\"2025-02-20T02:31:03+00:00\",\"mainEntityOfPage\":{\"@id\":\"https:\/\/sport-index.fr\/blog\/a-la-une\/coupe-du-monde-2027-le-capitaine-alvaro-garcia-partage-son-reve-pour-lespagne\/\"},\"wordCount\":556,\"commentCount\":27,\"publisher\":{\"@id\":\"https:\/\/sport-index.fr\/blog\/#organization\"},\"image\":{\"@id\":\"https:\/\/sport-index.fr\/blog\/a-la-une\/coupe-du-monde-2027-le-capitaine-alvaro-garcia-partage-son-reve-pour-lespagne\/#primaryimage\"},\"thumbnailUrl\":\"https:\/\/sport-index.fr\/blog\/wp-content\/uploads\/2025\/02\/stability-coupe-du-monde-2027-le-capitaine-alvaro-garcia-partage-son-reve-pour-lespagne.png\",\"keywords\":[\"Communaut\u00e9 engag\u00e9e\",\"\u00c9quipe\",\"Performance\",\"R\u00e9silience\",\"Rugby\"],\"articleSection\":[\"\u00c0 la une\"],\"inLanguage\":\"fr-FR\",\"potentialAction\":[{\"@type\":\"CommentAction\",\"name\":\"Comment\",\"target\":[\"https:\/\/sport-index.fr\/blog\/a-la-une\/coupe-du-monde-2027-le-capitaine-alvaro-garcia-partage-son-reve-pour-lespagne\/#respond\"]}]},{\"@type\":\"WebPage\",\"@id\":\"https:\/\/sport-index.fr\/blog\/a-la-une\/coupe-du-monde-2027-le-capitaine-alvaro-garcia-partage-son-reve-pour-lespagne\/\",\"url\":\"https:\/\/sport-index.fr\/blog\/a-la-une\/coupe-du-monde-2027-le-capitaine-alvaro-garcia-partage-son-reve-pour-lespagne\/\",\"name\":\"Coupe du monde 2027 : le capitaine \u00c1lvaro Garcia partage\",\"isPartOf\":{\"@id\":\"https:\/\/sport-index.fr\/blog\/#website\"},\"primaryImageOfPage\":{\"@id\":\"https:\/\/sport-index.fr\/blog\/a-la-une\/coupe-du-monde-2027-le-capitaine-alvaro-garcia-partage-son-reve-pour-lespagne\/#primaryimage\"},\"image\":{\"@id\":\"https:\/\/sport-index.fr\/blog\/a-la-une\/coupe-du-monde-2027-le-capitaine-alvaro-garcia-partage-son-reve-pour-lespagne\/#primaryimage\"},\"thumbnailUrl\":\"https:\/\/sport-index.fr\/blog\/wp-content\/uploads\/2025\/02\/stability-coupe-du-monde-2027-le-capitaine-alvaro-garcia-partage-son-reve-pour-lespagne.png\",\"datePublished\":\"2025-02-20T02:31:03+00:00\",\"description\":\"La qualification, un moment historique pour le rugby espagnol Apr\u00e8s deux disqualifications lors des pr\u00e9c\u00e9dents Mondiaux, le capitaine \u00c1lvaro Garcia a\u2026\",\"inLanguage\":\"fr-FR\",\"potentialAction\":[{\"@type\":\"ReadAction\",\"target\":[\"https:\/\/sport-index.fr\/blog\/a-la-une\/coupe-du-monde-2027-le-capitaine-alvaro-garcia-partage-son-reve-pour-lespagne\/\"]}]},{\"@type\":\"ImageObject\",\"inLanguage\":\"fr-FR\",\"@id\":\"https:\/\/sport-index.fr\/blog\/a-la-une\/coupe-du-monde-2027-le-capitaine-alvaro-garcia-partage-son-reve-pour-lespagne\/#primaryimage\",\"url\":\"https:\/\/sport-index.fr\/blog\/wp-content\/uploads\/2025\/02\/stability-coupe-du-monde-2027-le-capitaine-alvaro-garcia-partage-son-reve-pour-lespagne.png\",\"contentUrl\":\"https:\/\/sport-index.fr\/blog\/wp-content\/uploads\/2025\/02\/stability-coupe-du-monde-2027-le-capitaine-alvaro-garcia-partage-son-reve-pour-lespagne.png\",\"width\":1024,\"height\":576},{\"@type\":\"WebSite\",\"@id\":\"https:\/\/sport-index.fr\/blog\/#website\",\"url\":\"https:\/\/sport-index.fr\/blog\/\",\"name\":\"sport-index.fr\",\"description\":\"Le score de l\u2019analyse sportive.\",\"publisher\":{\"@id\":\"https:\/\/sport-index.fr\/blog\/#organization\"},\"alternateName\":\"Le score de l\u2019analyse sportive.\",\"potentialAction\":[{\"@type\":\"SearchAction\",\"target\":{\"@type\":\"EntryPoint\",\"urlTemplate\":\"https:\/\/sport-index.fr\/blog\/?s={search_term_string}\"},\"query-input\":{\"@type\":\"PropertyValueSpecification\",\"valueRequired\":true,\"valueName\":\"search_term_string\"}}],\"inLanguage\":\"fr-FR\"},{\"@type\":\"Organization\",\"@id\":\"https:\/\/sport-index.fr\/blog\/#organization\",\"name\":\"Foretsensations.fr\",\"url\":\"https:\/\/sport-index.fr\/blog\/\",\"logo\":{\"@type\":\"ImageObject\",\"inLanguage\":\"fr-FR\",\"@id\":\"https:\/\/sport-index.fr\/blog\/#\/schema\/logo\/image\/\",\"url\":\"https:\/\/sport-index.fr\/blog\/wp-content\/uploads\/2026\/07\/logo-auto.png\",\"contentUrl\":\"https:\/\/sport-index.fr\/blog\/wp-content\/uploads\/2026\/07\/logo-auto.png\",\"width\":1024,\"height\":1024,\"caption\":\"Foretsensations.fr\"},\"image\":{\"@id\":\"https:\/\/sport-index.fr\/blog\/#\/schema\/logo\/image\/\"}},{\"@type\":\"Person\",\"@id\":\"https:\/\/sport-index.fr\/blog\/#\/schema\/person\/3c864cdc320801e3db34b663e7e3f816\",\"name\":\"Axel Lauzier\",\"image\":{\"@type\":\"ImageObject\",\"inLanguage\":\"fr-FR\",\"@id\":\"https:\/\/sport-index.fr\/blog\/#\/schema\/person\/image\/\",\"url\":\"https:\/\/sport-index.fr\/blog\/wp-content\/uploads\/2026\/06\/persona_axel-l-96x96.jpg\",\"contentUrl\":\"https:\/\/sport-index.fr\/blog\/wp-content\/uploads\/2026\/06\/persona_axel-l-96x96.jpg\",\"caption\":\"Axel Lauzier\"},\"description\":\"Le sport rythme mon quotidien depuis l'enfance, et j'en ai fait mon m\u00e9tier d'analyste r\u00e9dactionnel il y a une dizaine d'ann\u00e9es. Je couvre principalement le football, son actualit\u00e9, ses transferts et l'analyse tactique des grandes affiches, mais aussi les disciplines plus confidentielles que j'aime remettre en lumi\u00e8re. Une partie de mon travail porte sur les pronostics et la lecture statistique d'un match : forme des \u00e9quipes, historique des confrontations, compositions, sans jamais vendre de fausse certitude. Je rappelle syst\u00e9matiquement que parier comporte un risque et doit rester un loisir ma\u00eetris\u00e9. Avant de signer une analyse, je v\u00e9rifie mes chiffres, je recoupe les compositions probables et je distingue toujours la donn\u00e9e brute de l'intuition. Mon objectif : offrir une lecture honn\u00eate et argument\u00e9e, pas un ticket gagnant garanti.\",\"sameAs\":[\"https:\/\/axellauzier.fr\/\"],\"url\":\"https:\/\/sport-index.fr\/blog\/auteur\/noname\/\"}]}<\/script>\n<!-- \/ Yoast SEO Premium plugin. -->","yoast_head_json":{"title":"Coupe du monde 2027 : le capitaine \u00c1lvaro Garcia partage","description":"La qualification, un moment historique pour le rugby espagnol Apr\u00e8s deux disqualifications lors des pr\u00e9c\u00e9dents Mondiaux, le capitaine \u00c1lvaro Garcia a\u2026","robots":{"index":"index","follow":"follow","max-snippet":"max-snippet:-1","max-image-preview":"max-image-preview:large","max-video-preview":"max-video-preview:-1"},"canonical":"https:\/\/sport-index.fr\/blog\/a-la-une\/coupe-du-monde-2027-le-capitaine-alvaro-garcia-partage-son-reve-pour-lespagne\/","og_locale":"fr_FR","og_type":"article","og_title":"Coupe du monde 2027 : le capitaine \u00c1lvaro Garcia partage","og_description":"La qualification, un moment historique pour le rugby espagnol Apr\u00e8s deux disqualifications lors des pr\u00e9c\u00e9dents Mondiaux, le capitaine \u00c1lvaro Garcia a\u2026","og_url":"https:\/\/sport-index.fr\/blog\/a-la-une\/coupe-du-monde-2027-le-capitaine-alvaro-garcia-partage-son-reve-pour-lespagne\/","og_site_name":"sport-index","og_image":[{"width":1024,"height":576,"url":"https:\/\/sport-index.fr\/blog\/wp-content\/uploads\/2025\/02\/stability-coupe-du-monde-2027-le-capitaine-alvaro-garcia-partage-son-reve-pour-lespagne.png","type":"image\/png"}],"author":"Axel Lauzier","twitter_card":"summary_large_image","schema":{"@context":"https:\/\/schema.org","@graph":[{"@type":"NewsArticle","@id":"https:\/\/sport-index.fr\/blog\/a-la-une\/coupe-du-monde-2027-le-capitaine-alvaro-garcia-partage-son-reve-pour-lespagne\/#article","isPartOf":{"@id":"https:\/\/sport-index.fr\/blog\/a-la-une\/coupe-du-monde-2027-le-capitaine-alvaro-garcia-partage-son-reve-pour-lespagne\/"},"author":{"name":"Axel Lauzier","@id":"https:\/\/sport-index.fr\/blog\/#\/schema\/person\/3c864cdc320801e3db34b663e7e3f816"},"headline":"Coupe du monde 2027 : le capitaine \u00c1lvaro Garcia partage son r\u00eave pour l&rsquo;Espagne","datePublished":"2025-02-20T02:31:03+00:00","mainEntityOfPage":{"@id":"https:\/\/sport-index.fr\/blog\/a-la-une\/coupe-du-monde-2027-le-capitaine-alvaro-garcia-partage-son-reve-pour-lespagne\/"},"wordCount":556,"commentCount":27,"publisher":{"@id":"https:\/\/sport-index.fr\/blog\/#organization"},"image":{"@id":"https:\/\/sport-index.fr\/blog\/a-la-une\/coupe-du-monde-2027-le-capitaine-alvaro-garcia-partage-son-reve-pour-lespagne\/#primaryimage"},"thumbnailUrl":"https:\/\/sport-index.fr\/blog\/wp-content\/uploads\/2025\/02\/stability-coupe-du-monde-2027-le-capitaine-alvaro-garcia-partage-son-reve-pour-lespagne.png","keywords":["Communaut\u00e9 engag\u00e9e","\u00c9quipe","Performance","R\u00e9silience","Rugby"],"articleSection":["\u00c0 la une"],"inLanguage":"fr-FR","potentialAction":[{"@type":"CommentAction","name":"Comment","target":["https:\/\/sport-index.fr\/blog\/a-la-une\/coupe-du-monde-2027-le-capitaine-alvaro-garcia-partage-son-reve-pour-lespagne\/#respond"]}]},{"@type":"WebPage","@id":"https:\/\/sport-index.fr\/blog\/a-la-une\/coupe-du-monde-2027-le-capitaine-alvaro-garcia-partage-son-reve-pour-lespagne\/","url":"https:\/\/sport-index.fr\/blog\/a-la-une\/coupe-du-monde-2027-le-capitaine-alvaro-garcia-partage-son-reve-pour-lespagne\/","name":"Coupe du monde 2027 : le capitaine \u00c1lvaro Garcia partage","isPartOf":{"@id":"https:\/\/sport-index.fr\/blog\/#website"},"primaryImageOfPage":{"@id":"https:\/\/sport-index.fr\/blog\/a-la-une\/coupe-du-monde-2027-le-capitaine-alvaro-garcia-partage-son-reve-pour-lespagne\/#primaryimage"},"image":{"@id":"https:\/\/sport-index.fr\/blog\/a-la-une\/coupe-du-monde-2027-le-capitaine-alvaro-garcia-partage-son-reve-pour-lespagne\/#primaryimage"},"thumbnailUrl":"https:\/\/sport-index.fr\/blog\/wp-content\/uploads\/2025\/02\/stability-coupe-du-monde-2027-le-capitaine-alvaro-garcia-partage-son-reve-pour-lespagne.png","datePublished":"2025-02-20T02:31:03+00:00","description":"La qualification, un moment historique pour le rugby espagnol Apr\u00e8s deux disqualifications lors des pr\u00e9c\u00e9dents Mondiaux, le capitaine \u00c1lvaro Garcia a\u2026","inLanguage":"fr-FR","potentialAction":[{"@type":"ReadAction","target":["https:\/\/sport-index.fr\/blog\/a-la-une\/coupe-du-monde-2027-le-capitaine-alvaro-garcia-partage-son-reve-pour-lespagne\/"]}]},{"@type":"ImageObject","inLanguage":"fr-FR","@id":"https:\/\/sport-index.fr\/blog\/a-la-une\/coupe-du-monde-2027-le-capitaine-alvaro-garcia-partage-son-reve-pour-lespagne\/#primaryimage","url":"https:\/\/sport-index.fr\/blog\/wp-content\/uploads\/2025\/02\/stability-coupe-du-monde-2027-le-capitaine-alvaro-garcia-partage-son-reve-pour-lespagne.png","contentUrl":"https:\/\/sport-index.fr\/blog\/wp-content\/uploads\/2025\/02\/stability-coupe-du-monde-2027-le-capitaine-alvaro-garcia-partage-son-reve-pour-lespagne.png","width":1024,"height":576},{"@type":"WebSite","@id":"https:\/\/sport-index.fr\/blog\/#website","url":"https:\/\/sport-index.fr\/blog\/","name":"sport-index.fr","description":"Le score de l\u2019analyse sportive.","publisher":{"@id":"https:\/\/sport-index.fr\/blog\/#organization"},"alternateName":"Le score de l\u2019analyse sportive.","potentialAction":[{"@type":"SearchAction","target":{"@type":"EntryPoint","urlTemplate":"https:\/\/sport-index.fr\/blog\/?s={search_term_string}"},"query-input":{"@type":"PropertyValueSpecification","valueRequired":true,"valueName":"search_term_string"}}],"inLanguage":"fr-FR"},{"@type":"Organization","@id":"https:\/\/sport-index.fr\/blog\/#organization","name":"Foretsensations.fr","url":"https:\/\/sport-index.fr\/blog\/","logo":{"@type":"ImageObject","inLanguage":"fr-FR","@id":"https:\/\/sport-index.fr\/blog\/#\/schema\/logo\/image\/","url":"https:\/\/sport-index.fr\/blog\/wp-content\/uploads\/2026\/07\/logo-auto.png","contentUrl":"https:\/\/sport-index.fr\/blog\/wp-content\/uploads\/2026\/07\/logo-auto.png","width":1024,"height":1024,"caption":"Foretsensations.fr"},"image":{"@id":"https:\/\/sport-index.fr\/blog\/#\/schema\/logo\/image\/"}},{"@type":"Person","@id":"https:\/\/sport-index.fr\/blog\/#\/schema\/person\/3c864cdc320801e3db34b663e7e3f816","name":"Axel Lauzier","image":{"@type":"ImageObject","inLanguage":"fr-FR","@id":"https:\/\/sport-index.fr\/blog\/#\/schema\/person\/image\/","url":"https:\/\/sport-index.fr\/blog\/wp-content\/uploads\/2026\/06\/persona_axel-l-96x96.jpg","contentUrl":"https:\/\/sport-index.fr\/blog\/wp-content\/uploads\/2026\/06\/persona_axel-l-96x96.jpg","caption":"Axel Lauzier"},"description":"Le sport rythme mon quotidien depuis l'enfance, et j'en ai fait mon m\u00e9tier d'analyste r\u00e9dactionnel il y a une dizaine d'ann\u00e9es. Je couvre principalement le football, son actualit\u00e9, ses transferts et l'analyse tactique des grandes affiches, mais aussi les disciplines plus confidentielles que j'aime remettre en lumi\u00e8re. Une partie de mon travail porte sur les pronostics et la lecture statistique d'un match : forme des \u00e9quipes, historique des confrontations, compositions, sans jamais vendre de fausse certitude. Je rappelle syst\u00e9matiquement que parier comporte un risque et doit rester un loisir ma\u00eetris\u00e9. Avant de signer une analyse, je v\u00e9rifie mes chiffres, je recoupe les compositions probables et je distingue toujours la donn\u00e9e brute de l'intuition. Mon objectif : offrir une lecture honn\u00eate et argument\u00e9e, pas un ticket gagnant garanti.","sameAs":["https:\/\/axellauzier.fr\/"],"url":"https:\/\/sport-index.fr\/blog\/auteur\/noname\/"}]}},"_links":{"self":[{"href":"https:\/\/sport-index.fr\/blog\/wp-json\/wp\/v2\/posts\/9463","targetHints":{"allow":["GET"]}}],"collection":[{"href":"https:\/\/sport-index.fr\/blog\/wp-json\/wp\/v2\/posts"}],"about":[{"href":"https:\/\/sport-index.fr\/blog\/wp-json\/wp\/v2\/types\/post"}],"author":[{"embeddable":true,"href":"https:\/\/sport-index.fr\/blog\/wp-json\/wp\/v2\/users\/34"}],"replies":[{"embeddable":true,"href":"https:\/\/sport-index.fr\/blog\/wp-json\/wp\/v2\/comments?post=9463"}],"version-history":[{"count":2,"href":"https:\/\/sport-index.fr\/blog\/wp-json\/wp\/v2\/posts\/9463\/revisions"}],"predecessor-version":[{"id":9761,"href":"https:\/\/sport-index.fr\/blog\/wp-json\/wp\/v2\/posts\/9463\/revisions\/9761"}],"wp:featuredmedia":[{"embeddable":true,"href":"https:\/\/sport-index.fr\/blog\/wp-json\/wp\/v2\/media\/9464"}],"wp:attachment":[{"href":"https:\/\/sport-index.fr\/blog\/wp-json\/wp\/v2\/media?parent=9463"}],"wp:term":[{"taxonomy":"category","embeddable":true,"href":"https:\/\/sport-index.fr\/blog\/wp-json\/wp\/v2\/categories?post=9463"},{"taxonomy":"post_tag","embeddable":true,"href":"https:\/\/sport-index.fr\/blog\/wp-json\/wp\/v2\/tags?post=9463"}],"curies":[{"name":"wp","href":"https:\/\/api.w.org\/{rel}","templated":true}]}}