{"id":9522,"date":"2025-02-20T07:23:10","date_gmt":"2025-02-20T06:23:10","guid":{"rendered":"https:\/\/sport-index.fr\/blog\/?p=9522"},"modified":"2025-02-18T15:21:37","modified_gmt":"2025-02-18T14:21:37","slug":"retour-sur-le-terrain-pour-esteban-capilla-des-ambitions-claires-et-une-soif-de-prouver","status":"publish","type":"post","link":"https:\/\/sport-index.fr\/blog\/a-la-une\/retour-sur-le-terrain-pour-esteban-capilla-des-ambitions-claires-et-une-soif-de-prouver\/","title":{"rendered":"Retour sur le terrain pour Esteban Capilla : des ambitions claires et une soif de prouver"},"content":{"rendered":"<h2>Un d\u00e9but de saison marquant entre frustration et espoir<\/h2>\n<p>Esteban Capilla, jeune troisi\u00e8me ligne de l&rsquo;Aviron Bayonnais, a v\u00e9cu un d\u00e9but de saison riche en \u00e9motions. Apr\u00e8s un carton rouge re\u00e7u lors d&rsquo;une rencontre contre Montpellier, il a vu son temps de jeu affect\u00e9, mais il reste d\u00e9termin\u00e9 \u00e0 revenir plus fort. \u00c0 seulement 22 ans, il a conscience que chaque match compte et aspire \u00e0 donner le meilleur de lui-m\u00eame pour son \u00e9quipe.<\/p>\n<p>La saison a \u00e9t\u00e9 marqu\u00e9e par des hauts et des bas pour Capilla. Il a connu des moments de brillance, mais aussi des blessures qui l&rsquo;ont emp\u00each\u00e9 de s&rsquo;exprimer pleinement. Le jeune joueur a admis sa frustration face \u00e0 ces obstacles, mais il est \u00e9galement motiv\u00e9 par la perspective de pouvoir contribuer davantage \u00e0 l&rsquo;\u00e9quipe \u00e0 l&rsquo;avenir.<\/p>\n<h2>Le d\u00e9fi de la discipline sur le terrain<\/h2>\n<p>Capilla a \u00e9galement r\u00e9fl\u00e9chi \u00e0 ses erreurs de discipline sur le terrain. Avec trois cartons en dix matchs, il sait qu&rsquo;il doit am\u00e9liorer cet aspect de son jeu. Bien qu&rsquo;il ne se consid\u00e8re pas comme un joueur fautif, il reconna\u00eet l&rsquo;importance de contr\u00f4ler son \u00e9nergie pour \u00e9viter des gestes inutiles qui pourraient nuire \u00e0 l&rsquo;\u00e9quipe.<\/p>\n<p>Il a exprim\u00e9 sa volont\u00e9 de corriger ses erreurs et de rester concentr\u00e9 sur son jeu. Esteban sait qu&rsquo;il doit garder son \u00e9nergie positive sans d\u00e9passer les limites. Cela fait partie de son apprentissage et de son \u00e9volution en tant que joueur de haut niveau.<\/p>\n<h2>Une vision claire pour l&rsquo;avenir<\/h2>\n<p>Capilla a des ambitions \u00e9lev\u00e9es, tant pour lui-m\u00eame que pour l&rsquo;Aviron Bayonnais. Il croit en son \u00e9quipe et en sa capacit\u00e9 \u00e0 atteindre les phases finales du Top 14. Son investissement et son \u00e9nergie sont des atouts qu&rsquo;il souhaite mettre au service de ses co\u00e9quipiers pour franchir les \u00e9tapes importantes de la saison.<\/p>\n<p>Loin de se laisser abattre par ses \u00e9checs, Capilla garde une attitude positive et se concentre sur son d\u00e9veloppement. Il aspire \u00e0 devenir un joueur incontournable pour son \u00e9quipe, tout en gardant un \u0153il sur ses ambitions nationales. L&rsquo;internationalit\u00e9 est un objectif, mais pour l&rsquo;heure, son engagement envers le club reste sa priorit\u00e9.<\/p>\n<ul>\n<li>Revenir sur le terrain avec d\u00e9termination apr\u00e8s une suspension.<\/li>\n<li>Am\u00e9liorer sa discipline pour \u00e9viter les cartons.<\/li>\n<li>Contribuer \u00e0 l&rsquo;\u00e9quipe avec son \u00e9nergie et son enthousiasme.<\/li>\n<li>Viser les phases finales du Top 14 avec Bayonne.<\/li>\n<li>Aspirer \u00e0 jouer avec l&rsquo;\u00e9quipe nationale dans le futur.<\/li>\n<\/ul>\n<blockquote>\n<p>Un regard rassurant peut changer la dynamique sur le terrain.\u201d<img decoding=\"async\" width=\"1024\" height=\"576\" src=\"https:\/\/sport-index.fr\/blog\/wp-content\/uploads\/2025\/02\/stability-retour-sur-le-terrain-pour-esteban-capilla-des-ambitions-claires-et-une-soif-de-prouver-1.png\" class=\"aligncenter\" alt=\"Illustration d\u00e9taill\u00e9e sur Retour sur le terrain pour Esteban Capilla : des ambitions claires et une soif de prouver\" title=\"Retour sur le terrain pour Esteban Capilla : des ambitions claires et une soif de prouver\" loading=\"lazy\" \/><\/p>\n<\/blockquote>\n<p>Esteban Capilla se montre conscient des d\u00e9fis qui l&rsquo;attendent, notamment la concurrence au sein de l&rsquo;\u00e9quipe. Avec des joueurs exp\u00e9riment\u00e9s comme Habel Kuffner et Cassiem, il sait qu&rsquo;il doit prouver sa valeur pour gagner leur confiance. Sa fra\u00eecheur et son envie de jouer sont des atouts qu&rsquo;il esp\u00e8re mettre en avant pour s&rsquo;imposer comme un pilier dans l&rsquo;effectif.<\/p>\n<p>L&rsquo;envie de Capilla de se faire une place dans l&rsquo;\u00e9quipe est palpable. Il respecte ses co\u00e9quipiers et est pr\u00eat \u00e0 apprendre d&rsquo;eux pour progresser. Sa d\u00e9termination \u00e0 faire ses preuves et \u00e0 \u00eatre un joueur fiable est un signe de son engagement envers le rugby et son \u00e9quipe.<\/p>\n<p>La suite de la saison s&rsquo;annonce donc prometteuse pour Esteban Capilla. Avec une pr\u00e9paration s\u00e9rieuse et une volont\u00e9 de faire amende honorable, il est pr\u00eat \u00e0 retrouver le chemin des terrains et \u00e0 montrer de quoi il est capable. Ses ambitions et son travail acharn\u00e9 pourraient bien le mener vers de grandes r\u00e9alisations, tant au niveau collectif qu&rsquo;individuel.<\/p>\n","protected":false},"excerpt":{"rendered":"","protected":false},"author":34,"featured_media":9523,"comment_status":"open","ping_status":"open","sticky":false,"template":"","format":"standard","meta":{"_acf_changed":false,"manual_indexmenow":false,"indexmenow_id_project":0,"footnotes":""},"categories":[1],"tags":[4585,4544,4561,4543,4539],"class_list":["post-9522","post","type-post","status-publish","format-standard","has-post-thumbnail","hentry","category-a-la-une","tag-cohesion-dequipe","tag-equipe","tag-gestion-des-talents","tag-performance","tag-top-14","generate-columns","tablet-grid-50","mobile-grid-100","grid-parent","grid-25"],"acf":[],"yoast_head":"<!-- This site is optimized with the Yoast SEO Premium plugin v21.3 (Yoast SEO v26.5) - https:\/\/yoast.com\/wordpress\/plugins\/seo\/ -->\n<title>Retour sur le terrain pour Esteban Capilla : des ambitions<\/title>\n<meta name=\"description\" content=\"Un d\u00e9but de saison marquant entre frustration et espoir Esteban Capilla, jeune troisi\u00e8me ligne de l&#039;Aviron Bayonnais, a v\u00e9cu un d\u00e9but de saison riche en\u2026\" \/>\n<meta name=\"robots\" content=\"index, follow, max-snippet:-1, max-image-preview:large, max-video-preview:-1\" \/>\n<link rel=\"canonical\" href=\"https:\/\/sport-index.fr\/blog\/a-la-une\/retour-sur-le-terrain-pour-esteban-capilla-des-ambitions-claires-et-une-soif-de-prouver\/\" \/>\n<meta property=\"og:locale\" content=\"fr_FR\" \/>\n<meta property=\"og:type\" content=\"article\" \/>\n<meta property=\"og:title\" content=\"Retour sur le terrain pour Esteban Capilla : des ambitions\" \/>\n<meta property=\"og:description\" content=\"Un d\u00e9but de saison marquant entre frustration et espoir Esteban Capilla, jeune troisi\u00e8me ligne de l&#039;Aviron Bayonnais, a v\u00e9cu un d\u00e9but de saison riche en\u2026\" \/>\n<meta property=\"og:url\" content=\"https:\/\/sport-index.fr\/blog\/a-la-une\/retour-sur-le-terrain-pour-esteban-capilla-des-ambitions-claires-et-une-soif-de-prouver\/\" \/>\n<meta property=\"og:site_name\" content=\"sport-index\" \/>\n<meta property=\"og:image\" content=\"https:\/\/sport-index.fr\/blog\/wp-content\/uploads\/2025\/02\/stability-retour-sur-le-terrain-pour-esteban-capilla-des-ambitions-claires-et-une-soif-de-prouver.png\" \/>\n\t<meta property=\"og:image:width\" content=\"1024\" \/>\n\t<meta property=\"og:image:height\" content=\"576\" \/>\n\t<meta property=\"og:image:type\" content=\"image\/png\" \/>\n<meta name=\"author\" content=\"Axel Lauzier\" \/>\n<meta name=\"twitter:card\" content=\"summary_large_image\" \/>\n<script type=\"application\/ld+json\" class=\"yoast-schema-graph\">{\"@context\":\"https:\/\/schema.org\",\"@graph\":[{\"@type\":\"NewsArticle\",\"@id\":\"https:\/\/sport-index.fr\/blog\/a-la-une\/retour-sur-le-terrain-pour-esteban-capilla-des-ambitions-claires-et-une-soif-de-prouver\/#article\",\"isPartOf\":{\"@id\":\"https:\/\/sport-index.fr\/blog\/a-la-une\/retour-sur-le-terrain-pour-esteban-capilla-des-ambitions-claires-et-une-soif-de-prouver\/\"},\"author\":{\"name\":\"Axel Lauzier\",\"@id\":\"https:\/\/sport-index.fr\/blog\/#\/schema\/person\/3c864cdc320801e3db34b663e7e3f816\"},\"headline\":\"Retour sur le terrain pour Esteban Capilla : des ambitions claires et une soif de prouver\",\"datePublished\":\"2025-02-20T06:23:10+00:00\",\"mainEntityOfPage\":{\"@id\":\"https:\/\/sport-index.fr\/blog\/a-la-une\/retour-sur-le-terrain-pour-esteban-capilla-des-ambitions-claires-et-une-soif-de-prouver\/\"},\"wordCount\":628,\"commentCount\":18,\"publisher\":{\"@id\":\"https:\/\/sport-index.fr\/blog\/#organization\"},\"image\":{\"@id\":\"https:\/\/sport-index.fr\/blog\/a-la-une\/retour-sur-le-terrain-pour-esteban-capilla-des-ambitions-claires-et-une-soif-de-prouver\/#primaryimage\"},\"thumbnailUrl\":\"https:\/\/sport-index.fr\/blog\/wp-content\/uploads\/2025\/02\/stability-retour-sur-le-terrain-pour-esteban-capilla-des-ambitions-claires-et-une-soif-de-prouver.png\",\"keywords\":[\"Coh\u00e9sion d'\u00c9quipe\",\"\u00c9quipe\",\"Gestion des Talents\",\"Performance\",\"Top 14\"],\"articleSection\":[\"\u00c0 la une\"],\"inLanguage\":\"fr-FR\",\"potentialAction\":[{\"@type\":\"CommentAction\",\"name\":\"Comment\",\"target\":[\"https:\/\/sport-index.fr\/blog\/a-la-une\/retour-sur-le-terrain-pour-esteban-capilla-des-ambitions-claires-et-une-soif-de-prouver\/#respond\"]}]},{\"@type\":\"WebPage\",\"@id\":\"https:\/\/sport-index.fr\/blog\/a-la-une\/retour-sur-le-terrain-pour-esteban-capilla-des-ambitions-claires-et-une-soif-de-prouver\/\",\"url\":\"https:\/\/sport-index.fr\/blog\/a-la-une\/retour-sur-le-terrain-pour-esteban-capilla-des-ambitions-claires-et-une-soif-de-prouver\/\",\"name\":\"Retour sur le terrain pour Esteban Capilla : des ambitions\",\"isPartOf\":{\"@id\":\"https:\/\/sport-index.fr\/blog\/#website\"},\"primaryImageOfPage\":{\"@id\":\"https:\/\/sport-index.fr\/blog\/a-la-une\/retour-sur-le-terrain-pour-esteban-capilla-des-ambitions-claires-et-une-soif-de-prouver\/#primaryimage\"},\"image\":{\"@id\":\"https:\/\/sport-index.fr\/blog\/a-la-une\/retour-sur-le-terrain-pour-esteban-capilla-des-ambitions-claires-et-une-soif-de-prouver\/#primaryimage\"},\"thumbnailUrl\":\"https:\/\/sport-index.fr\/blog\/wp-content\/uploads\/2025\/02\/stability-retour-sur-le-terrain-pour-esteban-capilla-des-ambitions-claires-et-une-soif-de-prouver.png\",\"datePublished\":\"2025-02-20T06:23:10+00:00\",\"description\":\"Un d\u00e9but de saison marquant entre frustration et espoir Esteban Capilla, jeune troisi\u00e8me ligne de l'Aviron Bayonnais, a v\u00e9cu un d\u00e9but de saison riche en\u2026\",\"inLanguage\":\"fr-FR\",\"potentialAction\":[{\"@type\":\"ReadAction\",\"target\":[\"https:\/\/sport-index.fr\/blog\/a-la-une\/retour-sur-le-terrain-pour-esteban-capilla-des-ambitions-claires-et-une-soif-de-prouver\/\"]}]},{\"@type\":\"ImageObject\",\"inLanguage\":\"fr-FR\",\"@id\":\"https:\/\/sport-index.fr\/blog\/a-la-une\/retour-sur-le-terrain-pour-esteban-capilla-des-ambitions-claires-et-une-soif-de-prouver\/#primaryimage\",\"url\":\"https:\/\/sport-index.fr\/blog\/wp-content\/uploads\/2025\/02\/stability-retour-sur-le-terrain-pour-esteban-capilla-des-ambitions-claires-et-une-soif-de-prouver.png\",\"contentUrl\":\"https:\/\/sport-index.fr\/blog\/wp-content\/uploads\/2025\/02\/stability-retour-sur-le-terrain-pour-esteban-capilla-des-ambitions-claires-et-une-soif-de-prouver.png\",\"width\":1024,\"height\":576},{\"@type\":\"WebSite\",\"@id\":\"https:\/\/sport-index.fr\/blog\/#website\",\"url\":\"https:\/\/sport-index.fr\/blog\/\",\"name\":\"sport-index.fr\",\"description\":\"Le score de l\u2019analyse sportive.\",\"publisher\":{\"@id\":\"https:\/\/sport-index.fr\/blog\/#organization\"},\"alternateName\":\"Le score de l\u2019analyse sportive.\",\"potentialAction\":[{\"@type\":\"SearchAction\",\"target\":{\"@type\":\"EntryPoint\",\"urlTemplate\":\"https:\/\/sport-index.fr\/blog\/?s={search_term_string}\"},\"query-input\":{\"@type\":\"PropertyValueSpecification\",\"valueRequired\":true,\"valueName\":\"search_term_string\"}}],\"inLanguage\":\"fr-FR\"},{\"@type\":\"Organization\",\"@id\":\"https:\/\/sport-index.fr\/blog\/#organization\",\"name\":\"Foretsensations.fr\",\"url\":\"https:\/\/sport-index.fr\/blog\/\",\"logo\":{\"@type\":\"ImageObject\",\"inLanguage\":\"fr-FR\",\"@id\":\"https:\/\/sport-index.fr\/blog\/#\/schema\/logo\/image\/\",\"url\":\"https:\/\/sport-index.fr\/blog\/wp-content\/uploads\/2026\/07\/logo-auto.png\",\"contentUrl\":\"https:\/\/sport-index.fr\/blog\/wp-content\/uploads\/2026\/07\/logo-auto.png\",\"width\":1024,\"height\":1024,\"caption\":\"Foretsensations.fr\"},\"image\":{\"@id\":\"https:\/\/sport-index.fr\/blog\/#\/schema\/logo\/image\/\"}},{\"@type\":\"Person\",\"@id\":\"https:\/\/sport-index.fr\/blog\/#\/schema\/person\/3c864cdc320801e3db34b663e7e3f816\",\"name\":\"Axel Lauzier\",\"image\":{\"@type\":\"ImageObject\",\"inLanguage\":\"fr-FR\",\"@id\":\"https:\/\/sport-index.fr\/blog\/#\/schema\/person\/image\/\",\"url\":\"https:\/\/sport-index.fr\/blog\/wp-content\/uploads\/2026\/06\/persona_axel-l-96x96.jpg\",\"contentUrl\":\"https:\/\/sport-index.fr\/blog\/wp-content\/uploads\/2026\/06\/persona_axel-l-96x96.jpg\",\"caption\":\"Axel Lauzier\"},\"description\":\"Le sport rythme mon quotidien depuis l'enfance, et j'en ai fait mon m\u00e9tier d'analyste r\u00e9dactionnel il y a une dizaine d'ann\u00e9es. Je couvre principalement le football, son actualit\u00e9, ses transferts et l'analyse tactique des grandes affiches, mais aussi les disciplines plus confidentielles que j'aime remettre en lumi\u00e8re. Une partie de mon travail porte sur les pronostics et la lecture statistique d'un match : forme des \u00e9quipes, historique des confrontations, compositions, sans jamais vendre de fausse certitude. Je rappelle syst\u00e9matiquement que parier comporte un risque et doit rester un loisir ma\u00eetris\u00e9. Avant de signer une analyse, je v\u00e9rifie mes chiffres, je recoupe les compositions probables et je distingue toujours la donn\u00e9e brute de l'intuition. Mon objectif : offrir une lecture honn\u00eate et argument\u00e9e, pas un ticket gagnant garanti.\",\"sameAs\":[\"https:\/\/axellauzier.fr\/\"],\"url\":\"https:\/\/sport-index.fr\/blog\/auteur\/noname\/\"}]}<\/script>\n<!-- \/ Yoast SEO Premium plugin. -->","yoast_head_json":{"title":"Retour sur le terrain pour Esteban Capilla : des ambitions","description":"Un d\u00e9but de saison marquant entre frustration et espoir Esteban Capilla, jeune troisi\u00e8me ligne de l'Aviron Bayonnais, a v\u00e9cu un d\u00e9but de saison riche en\u2026","robots":{"index":"index","follow":"follow","max-snippet":"max-snippet:-1","max-image-preview":"max-image-preview:large","max-video-preview":"max-video-preview:-1"},"canonical":"https:\/\/sport-index.fr\/blog\/a-la-une\/retour-sur-le-terrain-pour-esteban-capilla-des-ambitions-claires-et-une-soif-de-prouver\/","og_locale":"fr_FR","og_type":"article","og_title":"Retour sur le terrain pour Esteban Capilla : des ambitions","og_description":"Un d\u00e9but de saison marquant entre frustration et espoir Esteban Capilla, jeune troisi\u00e8me ligne de l'Aviron Bayonnais, a v\u00e9cu un d\u00e9but de saison riche en\u2026","og_url":"https:\/\/sport-index.fr\/blog\/a-la-une\/retour-sur-le-terrain-pour-esteban-capilla-des-ambitions-claires-et-une-soif-de-prouver\/","og_site_name":"sport-index","og_image":[{"width":1024,"height":576,"url":"https:\/\/sport-index.fr\/blog\/wp-content\/uploads\/2025\/02\/stability-retour-sur-le-terrain-pour-esteban-capilla-des-ambitions-claires-et-une-soif-de-prouver.png","type":"image\/png"}],"author":"Axel Lauzier","twitter_card":"summary_large_image","schema":{"@context":"https:\/\/schema.org","@graph":[{"@type":"NewsArticle","@id":"https:\/\/sport-index.fr\/blog\/a-la-une\/retour-sur-le-terrain-pour-esteban-capilla-des-ambitions-claires-et-une-soif-de-prouver\/#article","isPartOf":{"@id":"https:\/\/sport-index.fr\/blog\/a-la-une\/retour-sur-le-terrain-pour-esteban-capilla-des-ambitions-claires-et-une-soif-de-prouver\/"},"author":{"name":"Axel Lauzier","@id":"https:\/\/sport-index.fr\/blog\/#\/schema\/person\/3c864cdc320801e3db34b663e7e3f816"},"headline":"Retour sur le terrain pour Esteban Capilla : des ambitions claires et une soif de prouver","datePublished":"2025-02-20T06:23:10+00:00","mainEntityOfPage":{"@id":"https:\/\/sport-index.fr\/blog\/a-la-une\/retour-sur-le-terrain-pour-esteban-capilla-des-ambitions-claires-et-une-soif-de-prouver\/"},"wordCount":628,"commentCount":18,"publisher":{"@id":"https:\/\/sport-index.fr\/blog\/#organization"},"image":{"@id":"https:\/\/sport-index.fr\/blog\/a-la-une\/retour-sur-le-terrain-pour-esteban-capilla-des-ambitions-claires-et-une-soif-de-prouver\/#primaryimage"},"thumbnailUrl":"https:\/\/sport-index.fr\/blog\/wp-content\/uploads\/2025\/02\/stability-retour-sur-le-terrain-pour-esteban-capilla-des-ambitions-claires-et-une-soif-de-prouver.png","keywords":["Coh\u00e9sion d'\u00c9quipe","\u00c9quipe","Gestion des Talents","Performance","Top 14"],"articleSection":["\u00c0 la une"],"inLanguage":"fr-FR","potentialAction":[{"@type":"CommentAction","name":"Comment","target":["https:\/\/sport-index.fr\/blog\/a-la-une\/retour-sur-le-terrain-pour-esteban-capilla-des-ambitions-claires-et-une-soif-de-prouver\/#respond"]}]},{"@type":"WebPage","@id":"https:\/\/sport-index.fr\/blog\/a-la-une\/retour-sur-le-terrain-pour-esteban-capilla-des-ambitions-claires-et-une-soif-de-prouver\/","url":"https:\/\/sport-index.fr\/blog\/a-la-une\/retour-sur-le-terrain-pour-esteban-capilla-des-ambitions-claires-et-une-soif-de-prouver\/","name":"Retour sur le terrain pour Esteban Capilla : des ambitions","isPartOf":{"@id":"https:\/\/sport-index.fr\/blog\/#website"},"primaryImageOfPage":{"@id":"https:\/\/sport-index.fr\/blog\/a-la-une\/retour-sur-le-terrain-pour-esteban-capilla-des-ambitions-claires-et-une-soif-de-prouver\/#primaryimage"},"image":{"@id":"https:\/\/sport-index.fr\/blog\/a-la-une\/retour-sur-le-terrain-pour-esteban-capilla-des-ambitions-claires-et-une-soif-de-prouver\/#primaryimage"},"thumbnailUrl":"https:\/\/sport-index.fr\/blog\/wp-content\/uploads\/2025\/02\/stability-retour-sur-le-terrain-pour-esteban-capilla-des-ambitions-claires-et-une-soif-de-prouver.png","datePublished":"2025-02-20T06:23:10+00:00","description":"Un d\u00e9but de saison marquant entre frustration et espoir Esteban Capilla, jeune troisi\u00e8me ligne de l'Aviron Bayonnais, a v\u00e9cu un d\u00e9but de saison riche en\u2026","inLanguage":"fr-FR","potentialAction":[{"@type":"ReadAction","target":["https:\/\/sport-index.fr\/blog\/a-la-une\/retour-sur-le-terrain-pour-esteban-capilla-des-ambitions-claires-et-une-soif-de-prouver\/"]}]},{"@type":"ImageObject","inLanguage":"fr-FR","@id":"https:\/\/sport-index.fr\/blog\/a-la-une\/retour-sur-le-terrain-pour-esteban-capilla-des-ambitions-claires-et-une-soif-de-prouver\/#primaryimage","url":"https:\/\/sport-index.fr\/blog\/wp-content\/uploads\/2025\/02\/stability-retour-sur-le-terrain-pour-esteban-capilla-des-ambitions-claires-et-une-soif-de-prouver.png","contentUrl":"https:\/\/sport-index.fr\/blog\/wp-content\/uploads\/2025\/02\/stability-retour-sur-le-terrain-pour-esteban-capilla-des-ambitions-claires-et-une-soif-de-prouver.png","width":1024,"height":576},{"@type":"WebSite","@id":"https:\/\/sport-index.fr\/blog\/#website","url":"https:\/\/sport-index.fr\/blog\/","name":"sport-index.fr","description":"Le score de l\u2019analyse sportive.","publisher":{"@id":"https:\/\/sport-index.fr\/blog\/#organization"},"alternateName":"Le score de l\u2019analyse sportive.","potentialAction":[{"@type":"SearchAction","target":{"@type":"EntryPoint","urlTemplate":"https:\/\/sport-index.fr\/blog\/?s={search_term_string}"},"query-input":{"@type":"PropertyValueSpecification","valueRequired":true,"valueName":"search_term_string"}}],"inLanguage":"fr-FR"},{"@type":"Organization","@id":"https:\/\/sport-index.fr\/blog\/#organization","name":"Foretsensations.fr","url":"https:\/\/sport-index.fr\/blog\/","logo":{"@type":"ImageObject","inLanguage":"fr-FR","@id":"https:\/\/sport-index.fr\/blog\/#\/schema\/logo\/image\/","url":"https:\/\/sport-index.fr\/blog\/wp-content\/uploads\/2026\/07\/logo-auto.png","contentUrl":"https:\/\/sport-index.fr\/blog\/wp-content\/uploads\/2026\/07\/logo-auto.png","width":1024,"height":1024,"caption":"Foretsensations.fr"},"image":{"@id":"https:\/\/sport-index.fr\/blog\/#\/schema\/logo\/image\/"}},{"@type":"Person","@id":"https:\/\/sport-index.fr\/blog\/#\/schema\/person\/3c864cdc320801e3db34b663e7e3f816","name":"Axel Lauzier","image":{"@type":"ImageObject","inLanguage":"fr-FR","@id":"https:\/\/sport-index.fr\/blog\/#\/schema\/person\/image\/","url":"https:\/\/sport-index.fr\/blog\/wp-content\/uploads\/2026\/06\/persona_axel-l-96x96.jpg","contentUrl":"https:\/\/sport-index.fr\/blog\/wp-content\/uploads\/2026\/06\/persona_axel-l-96x96.jpg","caption":"Axel Lauzier"},"description":"Le sport rythme mon quotidien depuis l'enfance, et j'en ai fait mon m\u00e9tier d'analyste r\u00e9dactionnel il y a une dizaine d'ann\u00e9es. Je couvre principalement le football, son actualit\u00e9, ses transferts et l'analyse tactique des grandes affiches, mais aussi les disciplines plus confidentielles que j'aime remettre en lumi\u00e8re. Une partie de mon travail porte sur les pronostics et la lecture statistique d'un match : forme des \u00e9quipes, historique des confrontations, compositions, sans jamais vendre de fausse certitude. Je rappelle syst\u00e9matiquement que parier comporte un risque et doit rester un loisir ma\u00eetris\u00e9. Avant de signer une analyse, je v\u00e9rifie mes chiffres, je recoupe les compositions probables et je distingue toujours la donn\u00e9e brute de l'intuition. Mon objectif : offrir une lecture honn\u00eate et argument\u00e9e, pas un ticket gagnant garanti.","sameAs":["https:\/\/axellauzier.fr\/"],"url":"https:\/\/sport-index.fr\/blog\/auteur\/noname\/"}]}},"_links":{"self":[{"href":"https:\/\/sport-index.fr\/blog\/wp-json\/wp\/v2\/posts\/9522","targetHints":{"allow":["GET"]}}],"collection":[{"href":"https:\/\/sport-index.fr\/blog\/wp-json\/wp\/v2\/posts"}],"about":[{"href":"https:\/\/sport-index.fr\/blog\/wp-json\/wp\/v2\/types\/post"}],"author":[{"embeddable":true,"href":"https:\/\/sport-index.fr\/blog\/wp-json\/wp\/v2\/users\/34"}],"replies":[{"embeddable":true,"href":"https:\/\/sport-index.fr\/blog\/wp-json\/wp\/v2\/comments?post=9522"}],"version-history":[{"count":2,"href":"https:\/\/sport-index.fr\/blog\/wp-json\/wp\/v2\/posts\/9522\/revisions"}],"predecessor-version":[{"id":9775,"href":"https:\/\/sport-index.fr\/blog\/wp-json\/wp\/v2\/posts\/9522\/revisions\/9775"}],"wp:featuredmedia":[{"embeddable":true,"href":"https:\/\/sport-index.fr\/blog\/wp-json\/wp\/v2\/media\/9523"}],"wp:attachment":[{"href":"https:\/\/sport-index.fr\/blog\/wp-json\/wp\/v2\/media?parent=9522"}],"wp:term":[{"taxonomy":"category","embeddable":true,"href":"https:\/\/sport-index.fr\/blog\/wp-json\/wp\/v2\/categories?post=9522"},{"taxonomy":"post_tag","embeddable":true,"href":"https:\/\/sport-index.fr\/blog\/wp-json\/wp\/v2\/tags?post=9522"}],"curies":[{"name":"wp","href":"https:\/\/api.w.org\/{rel}","templated":true}]}}