{"id":9559,"date":"2025-02-20T11:47:39","date_gmt":"2025-02-20T10:47:39","guid":{"rendered":"https:\/\/sport-index.fr\/blog\/?p=9559"},"modified":"2025-02-18T18:57:16","modified_gmt":"2025-02-18T17:57:16","slug":"preparations-anxieuses-du-xv-de-france-laurent-sempere-evoque-le-defi-italien","status":"publish","type":"post","link":"https:\/\/sport-index.fr\/blog\/a-la-une\/preparations-anxieuses-du-xv-de-france-laurent-sempere-evoque-le-defi-italien\/","title":{"rendered":"Pr\u00e9parations anxieuses du XV de France : Laurent Sempere \u00e9voque le d\u00e9fi italien"},"content":{"rendered":"<h2>Une attente pesante avant le match<\/h2>\n<p>Le XV de France se pr\u00e9pare pour un affrontement d\u00e9cisif contre l&rsquo;Italie, et l&rsquo;entra\u00eeneur des avants, Laurent Sempere, partage ses r\u00e9flexions. Lors d&rsquo;une conf\u00e9rence de presse, il a soulign\u00e9 que le temps a sembl\u00e9 interminable apr\u00e8s la d\u00e9faite contre l&rsquo;Angleterre. Ce moment de repos a \u00e9t\u00e9 l&rsquo;occasion de r\u00e9fl\u00e9chir \u00e0 la mani\u00e8re dont l&rsquo;\u00e9quipe peut rebondir et s&rsquo;am\u00e9liorer.<\/p>\n<p>Sempere a \u00e9galement mentionn\u00e9 l&rsquo;importance de l&rsquo;aspect mental dans cette pr\u00e9paration. Apr\u00e8s une d\u00e9faite d\u00e9cevante \u00e0 Twickenham, il est essentiel que les joueurs retrouvent confiance en eux et se concentrent sur les aspects \u00e0 am\u00e9liorer. La semaine \u00e0 venir sera cruciale pour travailler sur ces \u00e9l\u00e9ments et s&rsquo;assurer que le groupe est pr\u00eat pour le d\u00e9fi qui les attend.<\/p>\n<h2>Les choix strat\u00e9giques et les incertitudes<\/h2>\n<p>La composition de l\u2019\u00e9quipe soul\u00e8ve quelques questions, notamment en ce qui concerne Damian Penaud, qui ne s&rsquo;est pas entra\u00een\u00e9 avec les titulaires. Sempere a indiqu\u00e9 que plusieurs solutions sont envisag\u00e9es. Le groupe de 42 joueurs est en train de se pr\u00e9parer, et les performances pass\u00e9es de Th\u00e9o Attissogbe et Gabin Villi\u00e8re sont \u00e9galement prises en compte pour la s\u00e9lection finale.<\/p>\n<p>\u00ab\u00a0Quoi qu\u2019il se passe, il n\u2019y a pas de rupture entre pass\u00e9 et pr\u00e9sent\u00a0\u00bb, a d\u00e9clar\u00e9 Sempere, insistant sur la continuit\u00e9 du processus de s\u00e9lection. Cette approche m\u00e9thodique est essentielle pour maintenir l&rsquo;harmonie au sein de l&rsquo;\u00e9quipe, quel que soit le choix final des joueurs.<\/p>\n<h2>Focus sur Micka\u00ebl Guillard et les options de coaching<\/h2>\n<p>Micka\u00ebl Guillard, qui devrait \u00eatre titulaire ce week-end, a \u00e9t\u00e9 mis en avant par Sempere comme un joueur cl\u00e9. Avec le forfait de Manny Meafou, Guillard apporte un profil hybride qui peut s&rsquo;adapter \u00e0 diff\u00e9rents postes en deuxi\u00e8me ligne. Son exp\u00e9rience et ses performances avec le Lou en font un atout pr\u00e9cieux pour le XV de France.<\/p>\n<p>Sempere a \u00e9galement \u00e9voqu\u00e9 la possibilit\u00e9 d&rsquo;une composition \u00e0 sept avants pour le match contre l&rsquo;Italie. Bien que cette option soit encore \u00e0 l&rsquo;\u00e9tude, elle pourrait offrir une flexibilit\u00e9 strat\u00e9gique sur le terrain. Cependant, chaque option comporte ses propres risques, et le staff doit peser soigneusement le pour et le contre avant de prendre une d\u00e9cision finale.<\/p>\n<ul>\n<li>Pr\u00e9paration mentale essentielle pour le groupe<\/li>\n<li>Damian Penaud pourrait \u00eatre remplac\u00e9 par d&rsquo;autres talents<\/li>\n<li>Micka\u00ebl Guillard en bonne forme et pr\u00eat \u00e0 briller<\/li>\n<li>Options de coaching vari\u00e9es \u00e0 explorer pour le match<\/li>\n<li>La sant\u00e9 de Matthieu Jalibert serait surveill\u00e9e de pr\u00e8s<\/li>\n<\/ul>\n<blockquote><p>\n\u00ab\u00a0Cette d\u00e9faite a mis en lumi\u00e8re certains aspects \u00e0 travailler.\u00a0\u00bb \u2013 Laurent Sempere\n<\/p><\/blockquote>\n<p>Le XV de France se trouve \u00e0 un carrefour important de sa saison, avec des d\u00e9fis qui n\u00e9cessitent une pr\u00e9paration minutieuse et une strat\u00e9gie bien pens\u00e9e. Les choix de l&rsquo;entra\u00eeneur et la capacit\u00e9 des joueurs \u00e0 surmonter les obstacles mentaux seront d\u00e9terminants pour leur succ\u00e8s contre l&rsquo;Italie. La pression est forte, mais la pr\u00e9paration et le travail d&rsquo;\u00e9quipe sont les cl\u00e9s pour renverser la tendance et retrouver le chemin de la victoire.<br \/>\n<img decoding=\"async\" width=\"1024\" height=\"576\" src=\"https:\/\/sport-index.fr\/blog\/wp-content\/uploads\/2025\/02\/stability-preparations-anxieuses-du-xv-de-france-laurent-sempere-evoque-le-defi-italien-1.png\" class=\"aligncenter\" alt=\"Illustration d\u00e9taill\u00e9e sur Pr\u00e9parations anxieuses du XV de France : Laurent Sempere \u00e9voque le d\u00e9fi italien\" title=\"Pr\u00e9parations anxieuses du XV de France : Laurent Sempere \u00e9voque le d\u00e9fi italien\" loading=\"lazy\" \/><\/p>\n","protected":false},"excerpt":{"rendered":"","protected":false},"author":34,"featured_media":9560,"comment_status":"open","ping_status":"open","sticky":false,"template":"","format":"standard","meta":{"_acf_changed":false,"manual_indexmenow":false,"indexmenow_id_project":0,"footnotes":""},"categories":[1],"tags":[4585,4545,4561,4563,4885],"class_list":["post-9559","post","type-post","status-publish","format-standard","has-post-thumbnail","hentry","category-a-la-une","tag-cohesion-dequipe","tag-confiance","tag-gestion-des-talents","tag-performance-athletique","tag-preparation-mentale","generate-columns","tablet-grid-50","mobile-grid-100","grid-parent","grid-25"],"acf":[],"yoast_head":"<!-- This site is optimized with the Yoast SEO Premium plugin v21.3 (Yoast SEO v26.5) - https:\/\/yoast.com\/wordpress\/plugins\/seo\/ -->\n<title>Pr\u00e9parations anxieuses du XV de France : Laurent Sempere<\/title>\n<meta name=\"description\" content=\"Une attente pesante avant le match Le XV de France se pr\u00e9pare pour un affrontement d\u00e9cisif contre l&#039;Italie, et l&#039;entra\u00eeneur des avants, Laurent Sempere\u2026\" \/>\n<meta name=\"robots\" content=\"index, follow, max-snippet:-1, max-image-preview:large, max-video-preview:-1\" \/>\n<link rel=\"canonical\" href=\"https:\/\/sport-index.fr\/blog\/a-la-une\/preparations-anxieuses-du-xv-de-france-laurent-sempere-evoque-le-defi-italien\/\" \/>\n<meta property=\"og:locale\" content=\"fr_FR\" \/>\n<meta property=\"og:type\" content=\"article\" \/>\n<meta property=\"og:title\" content=\"Pr\u00e9parations anxieuses du XV de France : Laurent Sempere\" \/>\n<meta property=\"og:description\" content=\"Une attente pesante avant le match Le XV de France se pr\u00e9pare pour un affrontement d\u00e9cisif contre l&#039;Italie, et l&#039;entra\u00eeneur des avants, Laurent Sempere\u2026\" \/>\n<meta property=\"og:url\" content=\"https:\/\/sport-index.fr\/blog\/a-la-une\/preparations-anxieuses-du-xv-de-france-laurent-sempere-evoque-le-defi-italien\/\" \/>\n<meta property=\"og:site_name\" content=\"sport-index\" \/>\n<meta property=\"og:image\" content=\"https:\/\/sport-index.fr\/blog\/wp-content\/uploads\/2025\/02\/stability-preparations-anxieuses-du-xv-de-france-laurent-sempere-evoque-le-defi-italien.png\" \/>\n\t<meta property=\"og:image:width\" content=\"1024\" \/>\n\t<meta property=\"og:image:height\" content=\"576\" \/>\n\t<meta property=\"og:image:type\" content=\"image\/png\" \/>\n<meta name=\"author\" content=\"Axel Lauzier\" \/>\n<meta name=\"twitter:card\" content=\"summary_large_image\" \/>\n<script type=\"application\/ld+json\" class=\"yoast-schema-graph\">{\"@context\":\"https:\/\/schema.org\",\"@graph\":[{\"@type\":\"NewsArticle\",\"@id\":\"https:\/\/sport-index.fr\/blog\/a-la-une\/preparations-anxieuses-du-xv-de-france-laurent-sempere-evoque-le-defi-italien\/#article\",\"isPartOf\":{\"@id\":\"https:\/\/sport-index.fr\/blog\/a-la-une\/preparations-anxieuses-du-xv-de-france-laurent-sempere-evoque-le-defi-italien\/\"},\"author\":{\"name\":\"Axel Lauzier\",\"@id\":\"https:\/\/sport-index.fr\/blog\/#\/schema\/person\/3c864cdc320801e3db34b663e7e3f816\"},\"headline\":\"Pr\u00e9parations anxieuses du XV de France : Laurent Sempere \u00e9voque le d\u00e9fi italien\",\"datePublished\":\"2025-02-20T10:47:39+00:00\",\"mainEntityOfPage\":{\"@id\":\"https:\/\/sport-index.fr\/blog\/a-la-une\/preparations-anxieuses-du-xv-de-france-laurent-sempere-evoque-le-defi-italien\/\"},\"wordCount\":565,\"commentCount\":27,\"publisher\":{\"@id\":\"https:\/\/sport-index.fr\/blog\/#organization\"},\"image\":{\"@id\":\"https:\/\/sport-index.fr\/blog\/a-la-une\/preparations-anxieuses-du-xv-de-france-laurent-sempere-evoque-le-defi-italien\/#primaryimage\"},\"thumbnailUrl\":\"https:\/\/sport-index.fr\/blog\/wp-content\/uploads\/2025\/02\/stability-preparations-anxieuses-du-xv-de-france-laurent-sempere-evoque-le-defi-italien.png\",\"keywords\":[\"Coh\u00e9sion d'\u00c9quipe\",\"Confiance\",\"Gestion des Talents\",\"Performance Athl\u00e9tique\",\"Pr\u00e9paration Mentale\"],\"articleSection\":[\"\u00c0 la une\"],\"inLanguage\":\"fr-FR\",\"potentialAction\":[{\"@type\":\"CommentAction\",\"name\":\"Comment\",\"target\":[\"https:\/\/sport-index.fr\/blog\/a-la-une\/preparations-anxieuses-du-xv-de-france-laurent-sempere-evoque-le-defi-italien\/#respond\"]}]},{\"@type\":\"WebPage\",\"@id\":\"https:\/\/sport-index.fr\/blog\/a-la-une\/preparations-anxieuses-du-xv-de-france-laurent-sempere-evoque-le-defi-italien\/\",\"url\":\"https:\/\/sport-index.fr\/blog\/a-la-une\/preparations-anxieuses-du-xv-de-france-laurent-sempere-evoque-le-defi-italien\/\",\"name\":\"Pr\u00e9parations anxieuses du XV de France : Laurent Sempere\",\"isPartOf\":{\"@id\":\"https:\/\/sport-index.fr\/blog\/#website\"},\"primaryImageOfPage\":{\"@id\":\"https:\/\/sport-index.fr\/blog\/a-la-une\/preparations-anxieuses-du-xv-de-france-laurent-sempere-evoque-le-defi-italien\/#primaryimage\"},\"image\":{\"@id\":\"https:\/\/sport-index.fr\/blog\/a-la-une\/preparations-anxieuses-du-xv-de-france-laurent-sempere-evoque-le-defi-italien\/#primaryimage\"},\"thumbnailUrl\":\"https:\/\/sport-index.fr\/blog\/wp-content\/uploads\/2025\/02\/stability-preparations-anxieuses-du-xv-de-france-laurent-sempere-evoque-le-defi-italien.png\",\"datePublished\":\"2025-02-20T10:47:39+00:00\",\"description\":\"Une attente pesante avant le match Le XV de France se pr\u00e9pare pour un affrontement d\u00e9cisif contre l'Italie, et l'entra\u00eeneur des avants, Laurent Sempere\u2026\",\"inLanguage\":\"fr-FR\",\"potentialAction\":[{\"@type\":\"ReadAction\",\"target\":[\"https:\/\/sport-index.fr\/blog\/a-la-une\/preparations-anxieuses-du-xv-de-france-laurent-sempere-evoque-le-defi-italien\/\"]}]},{\"@type\":\"ImageObject\",\"inLanguage\":\"fr-FR\",\"@id\":\"https:\/\/sport-index.fr\/blog\/a-la-une\/preparations-anxieuses-du-xv-de-france-laurent-sempere-evoque-le-defi-italien\/#primaryimage\",\"url\":\"https:\/\/sport-index.fr\/blog\/wp-content\/uploads\/2025\/02\/stability-preparations-anxieuses-du-xv-de-france-laurent-sempere-evoque-le-defi-italien.png\",\"contentUrl\":\"https:\/\/sport-index.fr\/blog\/wp-content\/uploads\/2025\/02\/stability-preparations-anxieuses-du-xv-de-france-laurent-sempere-evoque-le-defi-italien.png\",\"width\":1024,\"height\":576},{\"@type\":\"WebSite\",\"@id\":\"https:\/\/sport-index.fr\/blog\/#website\",\"url\":\"https:\/\/sport-index.fr\/blog\/\",\"name\":\"sport-index.fr\",\"description\":\"Le score de l\u2019analyse sportive.\",\"publisher\":{\"@id\":\"https:\/\/sport-index.fr\/blog\/#organization\"},\"alternateName\":\"Le score de l\u2019analyse sportive.\",\"potentialAction\":[{\"@type\":\"SearchAction\",\"target\":{\"@type\":\"EntryPoint\",\"urlTemplate\":\"https:\/\/sport-index.fr\/blog\/?s={search_term_string}\"},\"query-input\":{\"@type\":\"PropertyValueSpecification\",\"valueRequired\":true,\"valueName\":\"search_term_string\"}}],\"inLanguage\":\"fr-FR\"},{\"@type\":\"Organization\",\"@id\":\"https:\/\/sport-index.fr\/blog\/#organization\",\"name\":\"Foretsensations.fr\",\"url\":\"https:\/\/sport-index.fr\/blog\/\",\"logo\":{\"@type\":\"ImageObject\",\"inLanguage\":\"fr-FR\",\"@id\":\"https:\/\/sport-index.fr\/blog\/#\/schema\/logo\/image\/\",\"url\":\"https:\/\/sport-index.fr\/blog\/wp-content\/uploads\/2026\/07\/logo-auto.png\",\"contentUrl\":\"https:\/\/sport-index.fr\/blog\/wp-content\/uploads\/2026\/07\/logo-auto.png\",\"width\":1024,\"height\":1024,\"caption\":\"Foretsensations.fr\"},\"image\":{\"@id\":\"https:\/\/sport-index.fr\/blog\/#\/schema\/logo\/image\/\"}},{\"@type\":\"Person\",\"@id\":\"https:\/\/sport-index.fr\/blog\/#\/schema\/person\/3c864cdc320801e3db34b663e7e3f816\",\"name\":\"Axel Lauzier\",\"image\":{\"@type\":\"ImageObject\",\"inLanguage\":\"fr-FR\",\"@id\":\"https:\/\/sport-index.fr\/blog\/#\/schema\/person\/image\/\",\"url\":\"https:\/\/sport-index.fr\/blog\/wp-content\/uploads\/2026\/06\/persona_axel-l-96x96.jpg\",\"contentUrl\":\"https:\/\/sport-index.fr\/blog\/wp-content\/uploads\/2026\/06\/persona_axel-l-96x96.jpg\",\"caption\":\"Axel Lauzier\"},\"description\":\"Le sport rythme mon quotidien depuis l'enfance, et j'en ai fait mon m\u00e9tier d'analyste r\u00e9dactionnel il y a une dizaine d'ann\u00e9es. Je couvre principalement le football, son actualit\u00e9, ses transferts et l'analyse tactique des grandes affiches, mais aussi les disciplines plus confidentielles que j'aime remettre en lumi\u00e8re. Une partie de mon travail porte sur les pronostics et la lecture statistique d'un match : forme des \u00e9quipes, historique des confrontations, compositions, sans jamais vendre de fausse certitude. Je rappelle syst\u00e9matiquement que parier comporte un risque et doit rester un loisir ma\u00eetris\u00e9. Avant de signer une analyse, je v\u00e9rifie mes chiffres, je recoupe les compositions probables et je distingue toujours la donn\u00e9e brute de l'intuition. Mon objectif : offrir une lecture honn\u00eate et argument\u00e9e, pas un ticket gagnant garanti.\",\"sameAs\":[\"https:\/\/axellauzier.fr\/\"],\"url\":\"https:\/\/sport-index.fr\/blog\/auteur\/noname\/\"}]}<\/script>\n<!-- \/ Yoast SEO Premium plugin. -->","yoast_head_json":{"title":"Pr\u00e9parations anxieuses du XV de France : Laurent Sempere","description":"Une attente pesante avant le match Le XV de France se pr\u00e9pare pour un affrontement d\u00e9cisif contre l'Italie, et l'entra\u00eeneur des avants, Laurent Sempere\u2026","robots":{"index":"index","follow":"follow","max-snippet":"max-snippet:-1","max-image-preview":"max-image-preview:large","max-video-preview":"max-video-preview:-1"},"canonical":"https:\/\/sport-index.fr\/blog\/a-la-une\/preparations-anxieuses-du-xv-de-france-laurent-sempere-evoque-le-defi-italien\/","og_locale":"fr_FR","og_type":"article","og_title":"Pr\u00e9parations anxieuses du XV de France : Laurent Sempere","og_description":"Une attente pesante avant le match Le XV de France se pr\u00e9pare pour un affrontement d\u00e9cisif contre l'Italie, et l'entra\u00eeneur des avants, Laurent Sempere\u2026","og_url":"https:\/\/sport-index.fr\/blog\/a-la-une\/preparations-anxieuses-du-xv-de-france-laurent-sempere-evoque-le-defi-italien\/","og_site_name":"sport-index","og_image":[{"width":1024,"height":576,"url":"https:\/\/sport-index.fr\/blog\/wp-content\/uploads\/2025\/02\/stability-preparations-anxieuses-du-xv-de-france-laurent-sempere-evoque-le-defi-italien.png","type":"image\/png"}],"author":"Axel Lauzier","twitter_card":"summary_large_image","schema":{"@context":"https:\/\/schema.org","@graph":[{"@type":"NewsArticle","@id":"https:\/\/sport-index.fr\/blog\/a-la-une\/preparations-anxieuses-du-xv-de-france-laurent-sempere-evoque-le-defi-italien\/#article","isPartOf":{"@id":"https:\/\/sport-index.fr\/blog\/a-la-une\/preparations-anxieuses-du-xv-de-france-laurent-sempere-evoque-le-defi-italien\/"},"author":{"name":"Axel Lauzier","@id":"https:\/\/sport-index.fr\/blog\/#\/schema\/person\/3c864cdc320801e3db34b663e7e3f816"},"headline":"Pr\u00e9parations anxieuses du XV de France : Laurent Sempere \u00e9voque le d\u00e9fi italien","datePublished":"2025-02-20T10:47:39+00:00","mainEntityOfPage":{"@id":"https:\/\/sport-index.fr\/blog\/a-la-une\/preparations-anxieuses-du-xv-de-france-laurent-sempere-evoque-le-defi-italien\/"},"wordCount":565,"commentCount":27,"publisher":{"@id":"https:\/\/sport-index.fr\/blog\/#organization"},"image":{"@id":"https:\/\/sport-index.fr\/blog\/a-la-une\/preparations-anxieuses-du-xv-de-france-laurent-sempere-evoque-le-defi-italien\/#primaryimage"},"thumbnailUrl":"https:\/\/sport-index.fr\/blog\/wp-content\/uploads\/2025\/02\/stability-preparations-anxieuses-du-xv-de-france-laurent-sempere-evoque-le-defi-italien.png","keywords":["Coh\u00e9sion d'\u00c9quipe","Confiance","Gestion des Talents","Performance Athl\u00e9tique","Pr\u00e9paration Mentale"],"articleSection":["\u00c0 la une"],"inLanguage":"fr-FR","potentialAction":[{"@type":"CommentAction","name":"Comment","target":["https:\/\/sport-index.fr\/blog\/a-la-une\/preparations-anxieuses-du-xv-de-france-laurent-sempere-evoque-le-defi-italien\/#respond"]}]},{"@type":"WebPage","@id":"https:\/\/sport-index.fr\/blog\/a-la-une\/preparations-anxieuses-du-xv-de-france-laurent-sempere-evoque-le-defi-italien\/","url":"https:\/\/sport-index.fr\/blog\/a-la-une\/preparations-anxieuses-du-xv-de-france-laurent-sempere-evoque-le-defi-italien\/","name":"Pr\u00e9parations anxieuses du XV de France : Laurent Sempere","isPartOf":{"@id":"https:\/\/sport-index.fr\/blog\/#website"},"primaryImageOfPage":{"@id":"https:\/\/sport-index.fr\/blog\/a-la-une\/preparations-anxieuses-du-xv-de-france-laurent-sempere-evoque-le-defi-italien\/#primaryimage"},"image":{"@id":"https:\/\/sport-index.fr\/blog\/a-la-une\/preparations-anxieuses-du-xv-de-france-laurent-sempere-evoque-le-defi-italien\/#primaryimage"},"thumbnailUrl":"https:\/\/sport-index.fr\/blog\/wp-content\/uploads\/2025\/02\/stability-preparations-anxieuses-du-xv-de-france-laurent-sempere-evoque-le-defi-italien.png","datePublished":"2025-02-20T10:47:39+00:00","description":"Une attente pesante avant le match Le XV de France se pr\u00e9pare pour un affrontement d\u00e9cisif contre l'Italie, et l'entra\u00eeneur des avants, Laurent Sempere\u2026","inLanguage":"fr-FR","potentialAction":[{"@type":"ReadAction","target":["https:\/\/sport-index.fr\/blog\/a-la-une\/preparations-anxieuses-du-xv-de-france-laurent-sempere-evoque-le-defi-italien\/"]}]},{"@type":"ImageObject","inLanguage":"fr-FR","@id":"https:\/\/sport-index.fr\/blog\/a-la-une\/preparations-anxieuses-du-xv-de-france-laurent-sempere-evoque-le-defi-italien\/#primaryimage","url":"https:\/\/sport-index.fr\/blog\/wp-content\/uploads\/2025\/02\/stability-preparations-anxieuses-du-xv-de-france-laurent-sempere-evoque-le-defi-italien.png","contentUrl":"https:\/\/sport-index.fr\/blog\/wp-content\/uploads\/2025\/02\/stability-preparations-anxieuses-du-xv-de-france-laurent-sempere-evoque-le-defi-italien.png","width":1024,"height":576},{"@type":"WebSite","@id":"https:\/\/sport-index.fr\/blog\/#website","url":"https:\/\/sport-index.fr\/blog\/","name":"sport-index.fr","description":"Le score de l\u2019analyse sportive.","publisher":{"@id":"https:\/\/sport-index.fr\/blog\/#organization"},"alternateName":"Le score de l\u2019analyse sportive.","potentialAction":[{"@type":"SearchAction","target":{"@type":"EntryPoint","urlTemplate":"https:\/\/sport-index.fr\/blog\/?s={search_term_string}"},"query-input":{"@type":"PropertyValueSpecification","valueRequired":true,"valueName":"search_term_string"}}],"inLanguage":"fr-FR"},{"@type":"Organization","@id":"https:\/\/sport-index.fr\/blog\/#organization","name":"Foretsensations.fr","url":"https:\/\/sport-index.fr\/blog\/","logo":{"@type":"ImageObject","inLanguage":"fr-FR","@id":"https:\/\/sport-index.fr\/blog\/#\/schema\/logo\/image\/","url":"https:\/\/sport-index.fr\/blog\/wp-content\/uploads\/2026\/07\/logo-auto.png","contentUrl":"https:\/\/sport-index.fr\/blog\/wp-content\/uploads\/2026\/07\/logo-auto.png","width":1024,"height":1024,"caption":"Foretsensations.fr"},"image":{"@id":"https:\/\/sport-index.fr\/blog\/#\/schema\/logo\/image\/"}},{"@type":"Person","@id":"https:\/\/sport-index.fr\/blog\/#\/schema\/person\/3c864cdc320801e3db34b663e7e3f816","name":"Axel Lauzier","image":{"@type":"ImageObject","inLanguage":"fr-FR","@id":"https:\/\/sport-index.fr\/blog\/#\/schema\/person\/image\/","url":"https:\/\/sport-index.fr\/blog\/wp-content\/uploads\/2026\/06\/persona_axel-l-96x96.jpg","contentUrl":"https:\/\/sport-index.fr\/blog\/wp-content\/uploads\/2026\/06\/persona_axel-l-96x96.jpg","caption":"Axel Lauzier"},"description":"Le sport rythme mon quotidien depuis l'enfance, et j'en ai fait mon m\u00e9tier d'analyste r\u00e9dactionnel il y a une dizaine d'ann\u00e9es. Je couvre principalement le football, son actualit\u00e9, ses transferts et l'analyse tactique des grandes affiches, mais aussi les disciplines plus confidentielles que j'aime remettre en lumi\u00e8re. Une partie de mon travail porte sur les pronostics et la lecture statistique d'un match : forme des \u00e9quipes, historique des confrontations, compositions, sans jamais vendre de fausse certitude. Je rappelle syst\u00e9matiquement que parier comporte un risque et doit rester un loisir ma\u00eetris\u00e9. Avant de signer une analyse, je v\u00e9rifie mes chiffres, je recoupe les compositions probables et je distingue toujours la donn\u00e9e brute de l'intuition. Mon objectif : offrir une lecture honn\u00eate et argument\u00e9e, pas un ticket gagnant garanti.","sameAs":["https:\/\/axellauzier.fr\/"],"url":"https:\/\/sport-index.fr\/blog\/auteur\/noname\/"}]}},"_links":{"self":[{"href":"https:\/\/sport-index.fr\/blog\/wp-json\/wp\/v2\/posts\/9559","targetHints":{"allow":["GET"]}}],"collection":[{"href":"https:\/\/sport-index.fr\/blog\/wp-json\/wp\/v2\/posts"}],"about":[{"href":"https:\/\/sport-index.fr\/blog\/wp-json\/wp\/v2\/types\/post"}],"author":[{"embeddable":true,"href":"https:\/\/sport-index.fr\/blog\/wp-json\/wp\/v2\/users\/34"}],"replies":[{"embeddable":true,"href":"https:\/\/sport-index.fr\/blog\/wp-json\/wp\/v2\/comments?post=9559"}],"version-history":[{"count":1,"href":"https:\/\/sport-index.fr\/blog\/wp-json\/wp\/v2\/posts\/9559\/revisions"}],"predecessor-version":[{"id":9562,"href":"https:\/\/sport-index.fr\/blog\/wp-json\/wp\/v2\/posts\/9559\/revisions\/9562"}],"wp:featuredmedia":[{"embeddable":true,"href":"https:\/\/sport-index.fr\/blog\/wp-json\/wp\/v2\/media\/9560"}],"wp:attachment":[{"href":"https:\/\/sport-index.fr\/blog\/wp-json\/wp\/v2\/media?parent=9559"}],"wp:term":[{"taxonomy":"category","embeddable":true,"href":"https:\/\/sport-index.fr\/blog\/wp-json\/wp\/v2\/categories?post=9559"},{"taxonomy":"post_tag","embeddable":true,"href":"https:\/\/sport-index.fr\/blog\/wp-json\/wp\/v2\/tags?post=9559"}],"curies":[{"name":"wp","href":"https:\/\/api.w.org\/{rel}","templated":true}]}}