{"id":9586,"date":"2025-02-19T11:39:50","date_gmt":"2025-02-19T10:39:50","guid":{"rendered":"https:\/\/sport-index.fr\/blog\/?p=9586"},"modified":"2025-02-19T00:26:10","modified_gmt":"2025-02-18T23:26:10","slug":"elimination-de-las-monaco-en-ligue-des-champions-un-drame-merite-ou-injuste","status":"publish","type":"post","link":"https:\/\/sport-index.fr\/blog\/a-la-une\/elimination-de-las-monaco-en-ligue-des-champions-un-drame-merite-ou-injuste\/","title":{"rendered":"elimination de l&rsquo;as monaco en ligue des champions : un drame m\u00e9rit\u00e9 ou injuste ?"},"content":{"rendered":"<h2>Une \u00e9limination qui suscite des d\u00e9bats<\/h2>\n<p>Apr\u00e8s un match nul 3-3 \u00e0 Lisbonne face au Benfica, le club princier a d\u00fb dire adieu \u00e0 ses r\u00eaves de gloriole europ\u00e9enne. Le score global (1-0 \u00e0 l&rsquo;aller) soul\u00e8ve des questions sur la qualit\u00e9 du jeu et des choix tactiques de l&rsquo;\u00e9quipe.<\/p>\n<p>Les performances de Monaco dans cette double confrontation ont \u00e9t\u00e9 au c\u0153ur de nombreuses discussions. Certains estiment que le club aurait pu faire mieux, tandis que d&rsquo;autres affirment que cette \u00e9limination \u00e9tait in\u00e9vitable. Dans ce contexte, il est essentiel d&rsquo;examiner les \u00e9l\u00e9ments qui ont conduit \u00e0 cette issue fatale.<\/p>\n<p><iframe loading=\"lazy\" title=\"\ud83c\udfc6 HORS JEU LDC DU 13 F\u00c9VRIER: LE REAL MADRID PREND UNE OPTION S\u00c9RIEUSE !\" width=\"1200\" height=\"675\" src=\"https:\/\/www.youtube.com\/embed\/0GDyMZDJHiE?feature=oembed\" frameborder=\"0\" allow=\"accelerometer; autoplay; clipboard-write; encrypted-media; gyroscope; picture-in-picture; web-share\" referrerpolicy=\"strict-origin-when-cross-origin\" allowfullscreen><\/iframe><\/p>\n<h2>Une analyse des performances de l&rsquo;\u00e9quipe<\/h2>\n<p>Lors de ces barrages, l&rsquo;AS Monaco a montr\u00e9 des signes de r\u00e9silience, notamment en r\u00e9ussissant \u00e0 \u00e9galiser \u00e0 plusieurs reprises lors du match retour. Cependant, les erreurs d\u00e9fensives ont co\u00fbt\u00e9 cher, permettant au Benfica de marquer des buts cruciaux. Les choix tactiques de l&rsquo;entra\u00eeneur ont \u00e9galement \u00e9t\u00e9 remis en question, notamment en ce qui concerne les substitutions et la gestion des temps forts.<img decoding=\"async\" width=\"1024\" height=\"576\" src=\"https:\/\/sport-index.fr\/blog\/wp-content\/uploads\/2025\/02\/stability-elimination-de-las-monaco-en-ligue-des-champions-un-drame-merite-ou-injuste-1.png\" class=\"aligncenter\" alt=\"Illustration d\u00e9taill\u00e9e sur elimination de l&#039;as monaco en ligue des champions : un drame m\u00e9rit\u00e9 ou injuste ?\" title=\"elimination de l&#039;as monaco en ligue des champions : un drame m\u00e9rit\u00e9 ou injuste ?\" loading=\"lazy\" \/><\/p>\n<p>Le manque d&rsquo;efficacit\u00e9 offensive a \u00e9galement \u00e9t\u00e9 un sujet de pr\u00e9occupation. Malgr\u00e9 plusieurs occasions franches, les Mon\u00e9gasques n&rsquo;ont pas r\u00e9ussi \u00e0 convertir leurs chances en buts d\u00e9cisifs. Cette incapacit\u00e9 \u00e0 capitaliser sur les moments cl\u00e9s a \u00e9t\u00e9 un facteur d\u00e9terminant dans leur \u00e9limination, laissant les fans d\u00e9\u00e7us.<\/p>\n<h2>Les cons\u00e9quences de cette \u00e9limination<\/h2>\n<p>Cette sortie pr\u00e9matur\u00e9e de la Ligue des champions pourrait avoir des r\u00e9percussions significatives pour l&rsquo;AS Monaco. Sur le plan financier, le club pourrait perdre des revenus pr\u00e9cieux li\u00e9s aux droits de t\u00e9l\u00e9vision et aux primes de performance. Cela pourrait \u00e9galement affecter la r\u00e9putation du club sur la sc\u00e8ne europ\u00e9enne, impactant les futures recrues et l&rsquo;engagement des sponsors.<\/p>\n<p>En outre, les joueurs devront maintenant se recentrer sur le championnat et les autres comp\u00e9titions. L&rsquo;\u00e9quipe devra travailler dur pour se remettre de cette d\u00e9ception et prouver qu&rsquo;elle m\u00e9rite sa place parmi l&rsquo;\u00e9lite du football. Les supporters esp\u00e8rent que cette exp\u00e9rience servira de le\u00e7on et motivera les joueurs \u00e0 se surpasser.<\/p>\n<blockquote><p>\u201cMonaco a les qualit\u00e9s pour rivaliser au plus haut niveau, mais il faut apprendre des erreurs du pass\u00e9.\u201d<\/p><\/blockquote>\n<ul>\n<li>Analyse des performances de l&rsquo;\u00e9quipe<\/li>\n<li>Cons\u00e9quences financi\u00e8res de l&rsquo;\u00e9limination<\/li>\n<li>Importance de la r\u00e9silience pour l&rsquo;avenir<\/li>\n<li>R\u00e9actions des supporters et des analystes<\/li>\n<li>Le chemin \u00e0 suivre pour Monaco<\/li>\n<\/ul>\n<p>La d\u00e9faite de l&rsquo;AS Monaco en barrages de la Ligue des champions est un tournant pour le club. Alors que les d\u00e9bats sur les performances continuent, il est crucial pour l&rsquo;\u00e9quipe de se concentrer sur ses objectifs futurs. L&rsquo;heure est \u00e0 la reconstruction, et chaque membre de l&rsquo;\u00e9quipe doit prendre conscience des d\u00e9fis \u00e0 venir.<\/p>\n","protected":false},"excerpt":{"rendered":"","protected":false},"author":34,"featured_media":9587,"comment_status":"open","ping_status":"open","sticky":false,"template":"","format":"standard","meta":{"_acf_changed":false,"manual_indexmenow":false,"indexmenow_id_project":0,"footnotes":""},"categories":[1],"tags":[4745,4544,4561,4543,4408],"class_list":["post-9586","post","type-post","status-publish","format-standard","has-post-thumbnail","hentry","category-a-la-une","tag-competition","tag-equipe","tag-gestion-des-talents","tag-performance","tag-resilience","generate-columns","tablet-grid-50","mobile-grid-100","grid-parent","grid-25"],"acf":[],"yoast_head":"<!-- This site is optimized with the Yoast SEO Premium plugin v21.3 (Yoast SEO v26.5) - https:\/\/yoast.com\/wordpress\/plugins\/seo\/ -->\n<title>elimination de l&#039;as monaco en ligue des champions<\/title>\n<meta name=\"description\" content=\"Une \u00e9limination qui suscite des d\u00e9bats Apr\u00e8s un match nul 3-3 \u00e0 Lisbonne face au Benfica, le club princier a d\u00fb dire adieu \u00e0 ses r\u00eaves de gloriole\u2026\" \/>\n<meta name=\"robots\" content=\"index, follow, max-snippet:-1, max-image-preview:large, max-video-preview:-1\" \/>\n<link rel=\"canonical\" href=\"https:\/\/sport-index.fr\/blog\/a-la-une\/elimination-de-las-monaco-en-ligue-des-champions-un-drame-merite-ou-injuste\/\" \/>\n<meta property=\"og:locale\" content=\"fr_FR\" \/>\n<meta property=\"og:type\" content=\"article\" \/>\n<meta property=\"og:title\" content=\"elimination de l&#039;as monaco en ligue des champions\" \/>\n<meta property=\"og:description\" content=\"Une \u00e9limination qui suscite des d\u00e9bats Apr\u00e8s un match nul 3-3 \u00e0 Lisbonne face au Benfica, le club princier a d\u00fb dire adieu \u00e0 ses r\u00eaves de gloriole\u2026\" \/>\n<meta property=\"og:url\" content=\"https:\/\/sport-index.fr\/blog\/a-la-une\/elimination-de-las-monaco-en-ligue-des-champions-un-drame-merite-ou-injuste\/\" \/>\n<meta property=\"og:site_name\" content=\"sport-index\" \/>\n<meta property=\"og:image\" content=\"https:\/\/sport-index.fr\/blog\/wp-content\/uploads\/2025\/02\/stability-elimination-de-las-monaco-en-ligue-des-champions-un-drame-merite-ou-injuste.png\" \/>\n\t<meta property=\"og:image:width\" content=\"1024\" \/>\n\t<meta property=\"og:image:height\" content=\"576\" \/>\n\t<meta property=\"og:image:type\" content=\"image\/png\" \/>\n<meta name=\"author\" content=\"Axel Lauzier\" \/>\n<meta name=\"twitter:card\" content=\"summary_large_image\" \/>\n<script type=\"application\/ld+json\" class=\"yoast-schema-graph\">{\"@context\":\"https:\/\/schema.org\",\"@graph\":[{\"@type\":\"NewsArticle\",\"@id\":\"https:\/\/sport-index.fr\/blog\/a-la-une\/elimination-de-las-monaco-en-ligue-des-champions-un-drame-merite-ou-injuste\/#article\",\"isPartOf\":{\"@id\":\"https:\/\/sport-index.fr\/blog\/a-la-une\/elimination-de-las-monaco-en-ligue-des-champions-un-drame-merite-ou-injuste\/\"},\"author\":{\"name\":\"Axel Lauzier\",\"@id\":\"https:\/\/sport-index.fr\/blog\/#\/schema\/person\/3c864cdc320801e3db34b663e7e3f816\"},\"headline\":\"elimination de l&rsquo;as monaco en ligue des champions : un drame m\u00e9rit\u00e9 ou injuste ?\",\"datePublished\":\"2025-02-19T10:39:50+00:00\",\"mainEntityOfPage\":{\"@id\":\"https:\/\/sport-index.fr\/blog\/a-la-une\/elimination-de-las-monaco-en-ligue-des-champions-un-drame-merite-ou-injuste\/\"},\"wordCount\":500,\"commentCount\":21,\"publisher\":{\"@id\":\"https:\/\/sport-index.fr\/blog\/#organization\"},\"image\":{\"@id\":\"https:\/\/sport-index.fr\/blog\/a-la-une\/elimination-de-las-monaco-en-ligue-des-champions-un-drame-merite-ou-injuste\/#primaryimage\"},\"thumbnailUrl\":\"https:\/\/sport-index.fr\/blog\/wp-content\/uploads\/2025\/02\/stability-elimination-de-las-monaco-en-ligue-des-champions-un-drame-merite-ou-injuste.png\",\"keywords\":[\"Comp\u00e9tition\",\"\u00c9quipe\",\"Gestion des Talents\",\"Performance\",\"R\u00e9silience\"],\"articleSection\":[\"\u00c0 la une\"],\"inLanguage\":\"fr-FR\",\"potentialAction\":[{\"@type\":\"CommentAction\",\"name\":\"Comment\",\"target\":[\"https:\/\/sport-index.fr\/blog\/a-la-une\/elimination-de-las-monaco-en-ligue-des-champions-un-drame-merite-ou-injuste\/#respond\"]}]},{\"@type\":\"WebPage\",\"@id\":\"https:\/\/sport-index.fr\/blog\/a-la-une\/elimination-de-las-monaco-en-ligue-des-champions-un-drame-merite-ou-injuste\/\",\"url\":\"https:\/\/sport-index.fr\/blog\/a-la-une\/elimination-de-las-monaco-en-ligue-des-champions-un-drame-merite-ou-injuste\/\",\"name\":\"elimination de l'as monaco en ligue des champions\",\"isPartOf\":{\"@id\":\"https:\/\/sport-index.fr\/blog\/#website\"},\"primaryImageOfPage\":{\"@id\":\"https:\/\/sport-index.fr\/blog\/a-la-une\/elimination-de-las-monaco-en-ligue-des-champions-un-drame-merite-ou-injuste\/#primaryimage\"},\"image\":{\"@id\":\"https:\/\/sport-index.fr\/blog\/a-la-une\/elimination-de-las-monaco-en-ligue-des-champions-un-drame-merite-ou-injuste\/#primaryimage\"},\"thumbnailUrl\":\"https:\/\/sport-index.fr\/blog\/wp-content\/uploads\/2025\/02\/stability-elimination-de-las-monaco-en-ligue-des-champions-un-drame-merite-ou-injuste.png\",\"datePublished\":\"2025-02-19T10:39:50+00:00\",\"description\":\"Une \u00e9limination qui suscite des d\u00e9bats Apr\u00e8s un match nul 3-3 \u00e0 Lisbonne face au Benfica, le club princier a d\u00fb dire adieu \u00e0 ses r\u00eaves de gloriole\u2026\",\"inLanguage\":\"fr-FR\",\"potentialAction\":[{\"@type\":\"ReadAction\",\"target\":[\"https:\/\/sport-index.fr\/blog\/a-la-une\/elimination-de-las-monaco-en-ligue-des-champions-un-drame-merite-ou-injuste\/\"]}]},{\"@type\":\"ImageObject\",\"inLanguage\":\"fr-FR\",\"@id\":\"https:\/\/sport-index.fr\/blog\/a-la-une\/elimination-de-las-monaco-en-ligue-des-champions-un-drame-merite-ou-injuste\/#primaryimage\",\"url\":\"https:\/\/sport-index.fr\/blog\/wp-content\/uploads\/2025\/02\/stability-elimination-de-las-monaco-en-ligue-des-champions-un-drame-merite-ou-injuste.png\",\"contentUrl\":\"https:\/\/sport-index.fr\/blog\/wp-content\/uploads\/2025\/02\/stability-elimination-de-las-monaco-en-ligue-des-champions-un-drame-merite-ou-injuste.png\",\"width\":1024,\"height\":576},{\"@type\":\"WebSite\",\"@id\":\"https:\/\/sport-index.fr\/blog\/#website\",\"url\":\"https:\/\/sport-index.fr\/blog\/\",\"name\":\"sport-index.fr\",\"description\":\"Le score de l\u2019analyse sportive.\",\"publisher\":{\"@id\":\"https:\/\/sport-index.fr\/blog\/#organization\"},\"alternateName\":\"Le score de l\u2019analyse sportive.\",\"potentialAction\":[{\"@type\":\"SearchAction\",\"target\":{\"@type\":\"EntryPoint\",\"urlTemplate\":\"https:\/\/sport-index.fr\/blog\/?s={search_term_string}\"},\"query-input\":{\"@type\":\"PropertyValueSpecification\",\"valueRequired\":true,\"valueName\":\"search_term_string\"}}],\"inLanguage\":\"fr-FR\"},{\"@type\":\"Organization\",\"@id\":\"https:\/\/sport-index.fr\/blog\/#organization\",\"name\":\"Foretsensations.fr\",\"url\":\"https:\/\/sport-index.fr\/blog\/\",\"logo\":{\"@type\":\"ImageObject\",\"inLanguage\":\"fr-FR\",\"@id\":\"https:\/\/sport-index.fr\/blog\/#\/schema\/logo\/image\/\",\"url\":\"https:\/\/sport-index.fr\/blog\/wp-content\/uploads\/2026\/07\/logo-auto.png\",\"contentUrl\":\"https:\/\/sport-index.fr\/blog\/wp-content\/uploads\/2026\/07\/logo-auto.png\",\"width\":1024,\"height\":1024,\"caption\":\"Foretsensations.fr\"},\"image\":{\"@id\":\"https:\/\/sport-index.fr\/blog\/#\/schema\/logo\/image\/\"}},{\"@type\":\"Person\",\"@id\":\"https:\/\/sport-index.fr\/blog\/#\/schema\/person\/3c864cdc320801e3db34b663e7e3f816\",\"name\":\"Axel Lauzier\",\"image\":{\"@type\":\"ImageObject\",\"inLanguage\":\"fr-FR\",\"@id\":\"https:\/\/sport-index.fr\/blog\/#\/schema\/person\/image\/\",\"url\":\"https:\/\/sport-index.fr\/blog\/wp-content\/uploads\/2026\/06\/persona_axel-l-96x96.jpg\",\"contentUrl\":\"https:\/\/sport-index.fr\/blog\/wp-content\/uploads\/2026\/06\/persona_axel-l-96x96.jpg\",\"caption\":\"Axel Lauzier\"},\"description\":\"Le sport rythme mon quotidien depuis l'enfance, et j'en ai fait mon m\u00e9tier d'analyste r\u00e9dactionnel il y a une dizaine d'ann\u00e9es. Je couvre principalement le football, son actualit\u00e9, ses transferts et l'analyse tactique des grandes affiches, mais aussi les disciplines plus confidentielles que j'aime remettre en lumi\u00e8re. Une partie de mon travail porte sur les pronostics et la lecture statistique d'un match : forme des \u00e9quipes, historique des confrontations, compositions, sans jamais vendre de fausse certitude. Je rappelle syst\u00e9matiquement que parier comporte un risque et doit rester un loisir ma\u00eetris\u00e9. Avant de signer une analyse, je v\u00e9rifie mes chiffres, je recoupe les compositions probables et je distingue toujours la donn\u00e9e brute de l'intuition. Mon objectif : offrir une lecture honn\u00eate et argument\u00e9e, pas un ticket gagnant garanti.\",\"sameAs\":[\"https:\/\/axellauzier.fr\/\"],\"url\":\"https:\/\/sport-index.fr\/blog\/auteur\/noname\/\"}]}<\/script>\n<!-- \/ Yoast SEO Premium plugin. -->","yoast_head_json":{"title":"elimination de l'as monaco en ligue des champions","description":"Une \u00e9limination qui suscite des d\u00e9bats Apr\u00e8s un match nul 3-3 \u00e0 Lisbonne face au Benfica, le club princier a d\u00fb dire adieu \u00e0 ses r\u00eaves de gloriole\u2026","robots":{"index":"index","follow":"follow","max-snippet":"max-snippet:-1","max-image-preview":"max-image-preview:large","max-video-preview":"max-video-preview:-1"},"canonical":"https:\/\/sport-index.fr\/blog\/a-la-une\/elimination-de-las-monaco-en-ligue-des-champions-un-drame-merite-ou-injuste\/","og_locale":"fr_FR","og_type":"article","og_title":"elimination de l'as monaco en ligue des champions","og_description":"Une \u00e9limination qui suscite des d\u00e9bats Apr\u00e8s un match nul 3-3 \u00e0 Lisbonne face au Benfica, le club princier a d\u00fb dire adieu \u00e0 ses r\u00eaves de gloriole\u2026","og_url":"https:\/\/sport-index.fr\/blog\/a-la-une\/elimination-de-las-monaco-en-ligue-des-champions-un-drame-merite-ou-injuste\/","og_site_name":"sport-index","og_image":[{"width":1024,"height":576,"url":"https:\/\/sport-index.fr\/blog\/wp-content\/uploads\/2025\/02\/stability-elimination-de-las-monaco-en-ligue-des-champions-un-drame-merite-ou-injuste.png","type":"image\/png"}],"author":"Axel Lauzier","twitter_card":"summary_large_image","schema":{"@context":"https:\/\/schema.org","@graph":[{"@type":"NewsArticle","@id":"https:\/\/sport-index.fr\/blog\/a-la-une\/elimination-de-las-monaco-en-ligue-des-champions-un-drame-merite-ou-injuste\/#article","isPartOf":{"@id":"https:\/\/sport-index.fr\/blog\/a-la-une\/elimination-de-las-monaco-en-ligue-des-champions-un-drame-merite-ou-injuste\/"},"author":{"name":"Axel Lauzier","@id":"https:\/\/sport-index.fr\/blog\/#\/schema\/person\/3c864cdc320801e3db34b663e7e3f816"},"headline":"elimination de l&rsquo;as monaco en ligue des champions : un drame m\u00e9rit\u00e9 ou injuste ?","datePublished":"2025-02-19T10:39:50+00:00","mainEntityOfPage":{"@id":"https:\/\/sport-index.fr\/blog\/a-la-une\/elimination-de-las-monaco-en-ligue-des-champions-un-drame-merite-ou-injuste\/"},"wordCount":500,"commentCount":21,"publisher":{"@id":"https:\/\/sport-index.fr\/blog\/#organization"},"image":{"@id":"https:\/\/sport-index.fr\/blog\/a-la-une\/elimination-de-las-monaco-en-ligue-des-champions-un-drame-merite-ou-injuste\/#primaryimage"},"thumbnailUrl":"https:\/\/sport-index.fr\/blog\/wp-content\/uploads\/2025\/02\/stability-elimination-de-las-monaco-en-ligue-des-champions-un-drame-merite-ou-injuste.png","keywords":["Comp\u00e9tition","\u00c9quipe","Gestion des Talents","Performance","R\u00e9silience"],"articleSection":["\u00c0 la une"],"inLanguage":"fr-FR","potentialAction":[{"@type":"CommentAction","name":"Comment","target":["https:\/\/sport-index.fr\/blog\/a-la-une\/elimination-de-las-monaco-en-ligue-des-champions-un-drame-merite-ou-injuste\/#respond"]}]},{"@type":"WebPage","@id":"https:\/\/sport-index.fr\/blog\/a-la-une\/elimination-de-las-monaco-en-ligue-des-champions-un-drame-merite-ou-injuste\/","url":"https:\/\/sport-index.fr\/blog\/a-la-une\/elimination-de-las-monaco-en-ligue-des-champions-un-drame-merite-ou-injuste\/","name":"elimination de l'as monaco en ligue des champions","isPartOf":{"@id":"https:\/\/sport-index.fr\/blog\/#website"},"primaryImageOfPage":{"@id":"https:\/\/sport-index.fr\/blog\/a-la-une\/elimination-de-las-monaco-en-ligue-des-champions-un-drame-merite-ou-injuste\/#primaryimage"},"image":{"@id":"https:\/\/sport-index.fr\/blog\/a-la-une\/elimination-de-las-monaco-en-ligue-des-champions-un-drame-merite-ou-injuste\/#primaryimage"},"thumbnailUrl":"https:\/\/sport-index.fr\/blog\/wp-content\/uploads\/2025\/02\/stability-elimination-de-las-monaco-en-ligue-des-champions-un-drame-merite-ou-injuste.png","datePublished":"2025-02-19T10:39:50+00:00","description":"Une \u00e9limination qui suscite des d\u00e9bats Apr\u00e8s un match nul 3-3 \u00e0 Lisbonne face au Benfica, le club princier a d\u00fb dire adieu \u00e0 ses r\u00eaves de gloriole\u2026","inLanguage":"fr-FR","potentialAction":[{"@type":"ReadAction","target":["https:\/\/sport-index.fr\/blog\/a-la-une\/elimination-de-las-monaco-en-ligue-des-champions-un-drame-merite-ou-injuste\/"]}]},{"@type":"ImageObject","inLanguage":"fr-FR","@id":"https:\/\/sport-index.fr\/blog\/a-la-une\/elimination-de-las-monaco-en-ligue-des-champions-un-drame-merite-ou-injuste\/#primaryimage","url":"https:\/\/sport-index.fr\/blog\/wp-content\/uploads\/2025\/02\/stability-elimination-de-las-monaco-en-ligue-des-champions-un-drame-merite-ou-injuste.png","contentUrl":"https:\/\/sport-index.fr\/blog\/wp-content\/uploads\/2025\/02\/stability-elimination-de-las-monaco-en-ligue-des-champions-un-drame-merite-ou-injuste.png","width":1024,"height":576},{"@type":"WebSite","@id":"https:\/\/sport-index.fr\/blog\/#website","url":"https:\/\/sport-index.fr\/blog\/","name":"sport-index.fr","description":"Le score de l\u2019analyse sportive.","publisher":{"@id":"https:\/\/sport-index.fr\/blog\/#organization"},"alternateName":"Le score de l\u2019analyse sportive.","potentialAction":[{"@type":"SearchAction","target":{"@type":"EntryPoint","urlTemplate":"https:\/\/sport-index.fr\/blog\/?s={search_term_string}"},"query-input":{"@type":"PropertyValueSpecification","valueRequired":true,"valueName":"search_term_string"}}],"inLanguage":"fr-FR"},{"@type":"Organization","@id":"https:\/\/sport-index.fr\/blog\/#organization","name":"Foretsensations.fr","url":"https:\/\/sport-index.fr\/blog\/","logo":{"@type":"ImageObject","inLanguage":"fr-FR","@id":"https:\/\/sport-index.fr\/blog\/#\/schema\/logo\/image\/","url":"https:\/\/sport-index.fr\/blog\/wp-content\/uploads\/2026\/07\/logo-auto.png","contentUrl":"https:\/\/sport-index.fr\/blog\/wp-content\/uploads\/2026\/07\/logo-auto.png","width":1024,"height":1024,"caption":"Foretsensations.fr"},"image":{"@id":"https:\/\/sport-index.fr\/blog\/#\/schema\/logo\/image\/"}},{"@type":"Person","@id":"https:\/\/sport-index.fr\/blog\/#\/schema\/person\/3c864cdc320801e3db34b663e7e3f816","name":"Axel Lauzier","image":{"@type":"ImageObject","inLanguage":"fr-FR","@id":"https:\/\/sport-index.fr\/blog\/#\/schema\/person\/image\/","url":"https:\/\/sport-index.fr\/blog\/wp-content\/uploads\/2026\/06\/persona_axel-l-96x96.jpg","contentUrl":"https:\/\/sport-index.fr\/blog\/wp-content\/uploads\/2026\/06\/persona_axel-l-96x96.jpg","caption":"Axel Lauzier"},"description":"Le sport rythme mon quotidien depuis l'enfance, et j'en ai fait mon m\u00e9tier d'analyste r\u00e9dactionnel il y a une dizaine d'ann\u00e9es. Je couvre principalement le football, son actualit\u00e9, ses transferts et l'analyse tactique des grandes affiches, mais aussi les disciplines plus confidentielles que j'aime remettre en lumi\u00e8re. Une partie de mon travail porte sur les pronostics et la lecture statistique d'un match : forme des \u00e9quipes, historique des confrontations, compositions, sans jamais vendre de fausse certitude. Je rappelle syst\u00e9matiquement que parier comporte un risque et doit rester un loisir ma\u00eetris\u00e9. Avant de signer une analyse, je v\u00e9rifie mes chiffres, je recoupe les compositions probables et je distingue toujours la donn\u00e9e brute de l'intuition. Mon objectif : offrir une lecture honn\u00eate et argument\u00e9e, pas un ticket gagnant garanti.","sameAs":["https:\/\/axellauzier.fr\/"],"url":"https:\/\/sport-index.fr\/blog\/auteur\/noname\/"}]}},"_links":{"self":[{"href":"https:\/\/sport-index.fr\/blog\/wp-json\/wp\/v2\/posts\/9586","targetHints":{"allow":["GET"]}}],"collection":[{"href":"https:\/\/sport-index.fr\/blog\/wp-json\/wp\/v2\/posts"}],"about":[{"href":"https:\/\/sport-index.fr\/blog\/wp-json\/wp\/v2\/types\/post"}],"author":[{"embeddable":true,"href":"https:\/\/sport-index.fr\/blog\/wp-json\/wp\/v2\/users\/34"}],"replies":[{"embeddable":true,"href":"https:\/\/sport-index.fr\/blog\/wp-json\/wp\/v2\/comments?post=9586"}],"version-history":[{"count":2,"href":"https:\/\/sport-index.fr\/blog\/wp-json\/wp\/v2\/posts\/9586\/revisions"}],"predecessor-version":[{"id":9643,"href":"https:\/\/sport-index.fr\/blog\/wp-json\/wp\/v2\/posts\/9586\/revisions\/9643"}],"wp:featuredmedia":[{"embeddable":true,"href":"https:\/\/sport-index.fr\/blog\/wp-json\/wp\/v2\/media\/9587"}],"wp:attachment":[{"href":"https:\/\/sport-index.fr\/blog\/wp-json\/wp\/v2\/media?parent=9586"}],"wp:term":[{"taxonomy":"category","embeddable":true,"href":"https:\/\/sport-index.fr\/blog\/wp-json\/wp\/v2\/categories?post=9586"},{"taxonomy":"post_tag","embeddable":true,"href":"https:\/\/sport-index.fr\/blog\/wp-json\/wp\/v2\/tags?post=9586"}],"curies":[{"name":"wp","href":"https:\/\/api.w.org\/{rel}","templated":true}]}}