{"id":9644,"date":"2025-02-21T15:52:25","date_gmt":"2025-02-21T14:52:25","guid":{"rendered":"https:\/\/sport-index.fr\/blog\/?p=9644"},"modified":"2025-02-19T11:49:54","modified_gmt":"2025-02-19T10:49:54","slug":"jack-maddocks-un-coup-dur-pour-la-section-paloise-avec-deux-mois-dabsence","status":"publish","type":"post","link":"https:\/\/sport-index.fr\/blog\/a-la-une\/jack-maddocks-un-coup-dur-pour-la-section-paloise-avec-deux-mois-dabsence\/","title":{"rendered":"Jack Maddocks : un coup dur pour la Section paloise avec deux mois d&rsquo;absence"},"content":{"rendered":"<h2>Une blessure qui complique la saison<\/h2>\n<p>La Section paloise traverse une p\u00e9riode difficile. L&rsquo;absence de Jack Maddocks pour deux mois et demi apr\u00e8s une fracture du pied complique les plans du manager S\u00e9bastien Piqueronies. Ce dernier doit faire face \u00e0 une \u00e9quipe d\u00e9j\u00e0 \u00e9prouv\u00e9e par les blessures, notamment au niveau de la troisi\u00e8me ligne.<\/p>\n<p>L&rsquo;arri\u00e8re australien, \u00e2g\u00e9 de 28 ans et avec sept s\u00e9lections avec les Wallabies, a \u00e9t\u00e9 contraint de quitter le terrain lors du match contre le Stade fran\u00e7ais. Cette situation soul\u00e8ve des inqui\u00e9tudes quant \u00e0 l&rsquo;avenir de l&rsquo;\u00e9quipe, actuellement class\u00e9e onzi\u00e8me au classement du Top 14.<\/p>\n<h2>Les cons\u00e9quences sur l&rsquo;\u00e9quipe<\/h2>\n<p>Avec Maddocks absent, la Section paloise doit s&rsquo;adapter rapidement. Le manager Piqueronies devra s&rsquo;appuyer sur des joueurs exp\u00e9riment\u00e9s comme Aymeric Luc pour maintenir la comp\u00e9titivit\u00e9 de l&rsquo;\u00e9quipe. Luc, qui a d\u00e9j\u00e0 d\u00e9montr\u00e9 ses qualit\u00e9s, sera crucial pour le match contre Perpignan.<\/p>\n<p>La situation est d&rsquo;autant plus d\u00e9licate que Cl\u00e9ment Laporte, un autre joueur cl\u00e9, est \u00e9galement sur la touche suite \u00e0 une luxation \u00e0 l&rsquo;\u00e9paule. Les options se r\u00e9duisent, et le retour de Th\u00e9o Attissogbe pourrait \u00eatre d\u00e9terminant, surtout apr\u00e8s la fin du Tournoi des Six Nations.<\/p>\n<h2>Un retour attendu avec impatience<\/h2>\n<p>Les fans de la Section paloise esp\u00e8rent un retour rapide de Maddocks sur les terrains. Selon les premi\u00e8res estimations, il pourrait revenir aux alentours de d\u00e9but avril, potentiellement pour la 21\u00e8me journ\u00e9e de Top 14. Ce retour serait un soulagement pour une \u00e9quipe qui lutte pour sortir de la zone de rel\u00e9gation.<\/p>\n<p>La convalescence de Maddocks sera suivie de pr\u00e8s par les supporters. Comme le souligne Piqueronies : <\/p>\n<blockquote><p>\u00ab\u00a0Chaque joueur est important, et Jack est un \u00e9l\u00e9ment cl\u00e9 pour notre jeu.\u00a0\u00bb<\/p><\/blockquote>\n<p> Son retour pourrait redonner un \u00e9lan \u00e0 l&rsquo;\u00e9quipe \u00e0 un moment crucial de la saison.<\/p>\n<ul>\n<li>Absence de Maddocks pendant deux mois et demi<\/li>\n<li>Impact sur la s\u00e9lection des joueurs pour les prochains matchs<\/li>\n<li>Le retour envisag\u00e9 pour d\u00e9but avril<\/li>\n<li>Importance d&rsquo;Aymeric Luc comme rempla\u00e7ant<\/li>\n<li>Cl\u00e9ment Laporte et Th\u00e9o Attissogbe sur la voie du retour<\/li>\n<\/ul>\n<p>La Section paloise doit faire preuve de r\u00e9silience pour surmonter cette p\u00e9riode difficile. Les prochaines semaines seront d\u00e9terminantes pour la suite de leur saison. Les joueurs et le staff devront travailler ensemble pour compenser cette perte et esp\u00e9rer un retour rapide \u00e0 la victoire.<br \/>\n<img decoding=\"async\" width=\"1024\" height=\"576\" src=\"https:\/\/sport-index.fr\/blog\/wp-content\/uploads\/2025\/02\/stability-jack-maddocks-un-coup-dur-pour-la-section-paloise-avec-deux-mois-dabsence-1.png\" class=\"aligncenter\" alt=\"Illustration d\u00e9taill\u00e9e sur Jack Maddocks : un coup dur pour la Section paloise avec deux mois d&#039;absence\" title=\"Jack Maddocks : un coup dur pour la Section paloise avec deux mois d&#039;absence\" loading=\"lazy\" \/><\/p>\n","protected":false},"excerpt":{"rendered":"","protected":false},"author":34,"featured_media":9645,"comment_status":"open","ping_status":"open","sticky":false,"template":"","format":"standard","meta":{"_acf_changed":false,"manual_indexmenow":false,"indexmenow_id_project":0,"footnotes":""},"categories":[1],"tags":[4585,4561,4632,4408,4539],"class_list":["post-9644","post","type-post","status-publish","format-standard","has-post-thumbnail","hentry","category-a-la-une","tag-cohesion-dequipe","tag-gestion-des-talents","tag-performance-sportive","tag-resilience","tag-top-14","generate-columns","tablet-grid-50","mobile-grid-100","grid-parent","grid-25"],"acf":[],"yoast_head":"<!-- This site is optimized with the Yoast SEO Premium plugin v21.3 (Yoast SEO v26.5) - https:\/\/yoast.com\/wordpress\/plugins\/seo\/ -->\n<title>Jack Maddocks : un coup dur pour la Section paloise<\/title>\n<meta name=\"description\" content=\"Une blessure qui complique la saison La Section paloise traverse une p\u00e9riode difficile. L&#039;absence de Jack Maddocks pour deux mois et demi apr\u00e8s une\u2026\" \/>\n<meta name=\"robots\" content=\"index, follow, max-snippet:-1, max-image-preview:large, max-video-preview:-1\" \/>\n<link rel=\"canonical\" href=\"https:\/\/sport-index.fr\/blog\/a-la-une\/jack-maddocks-un-coup-dur-pour-la-section-paloise-avec-deux-mois-dabsence\/\" \/>\n<meta property=\"og:locale\" content=\"fr_FR\" \/>\n<meta property=\"og:type\" content=\"article\" \/>\n<meta property=\"og:title\" content=\"Jack Maddocks : un coup dur pour la Section paloise\" \/>\n<meta property=\"og:description\" content=\"Une blessure qui complique la saison La Section paloise traverse une p\u00e9riode difficile. L&#039;absence de Jack Maddocks pour deux mois et demi apr\u00e8s une\u2026\" \/>\n<meta property=\"og:url\" content=\"https:\/\/sport-index.fr\/blog\/a-la-une\/jack-maddocks-un-coup-dur-pour-la-section-paloise-avec-deux-mois-dabsence\/\" \/>\n<meta property=\"og:site_name\" content=\"sport-index\" \/>\n<meta property=\"og:image\" content=\"https:\/\/sport-index.fr\/blog\/wp-content\/uploads\/2025\/02\/stability-jack-maddocks-un-coup-dur-pour-la-section-paloise-avec-deux-mois-dabsence.png\" \/>\n\t<meta property=\"og:image:width\" content=\"1024\" \/>\n\t<meta property=\"og:image:height\" content=\"576\" \/>\n\t<meta property=\"og:image:type\" content=\"image\/png\" \/>\n<meta name=\"author\" content=\"Axel Lauzier\" \/>\n<meta name=\"twitter:card\" content=\"summary_large_image\" \/>\n<script type=\"application\/ld+json\" class=\"yoast-schema-graph\">{\"@context\":\"https:\/\/schema.org\",\"@graph\":[{\"@type\":\"NewsArticle\",\"@id\":\"https:\/\/sport-index.fr\/blog\/a-la-une\/jack-maddocks-un-coup-dur-pour-la-section-paloise-avec-deux-mois-dabsence\/#article\",\"isPartOf\":{\"@id\":\"https:\/\/sport-index.fr\/blog\/a-la-une\/jack-maddocks-un-coup-dur-pour-la-section-paloise-avec-deux-mois-dabsence\/\"},\"author\":{\"name\":\"Axel Lauzier\",\"@id\":\"https:\/\/sport-index.fr\/blog\/#\/schema\/person\/3c864cdc320801e3db34b663e7e3f816\"},\"headline\":\"Jack Maddocks : un coup dur pour la Section paloise avec deux mois d&rsquo;absence\",\"datePublished\":\"2025-02-21T14:52:25+00:00\",\"mainEntityOfPage\":{\"@id\":\"https:\/\/sport-index.fr\/blog\/a-la-une\/jack-maddocks-un-coup-dur-pour-la-section-paloise-avec-deux-mois-dabsence\/\"},\"wordCount\":431,\"commentCount\":22,\"publisher\":{\"@id\":\"https:\/\/sport-index.fr\/blog\/#organization\"},\"image\":{\"@id\":\"https:\/\/sport-index.fr\/blog\/a-la-une\/jack-maddocks-un-coup-dur-pour-la-section-paloise-avec-deux-mois-dabsence\/#primaryimage\"},\"thumbnailUrl\":\"https:\/\/sport-index.fr\/blog\/wp-content\/uploads\/2025\/02\/stability-jack-maddocks-un-coup-dur-pour-la-section-paloise-avec-deux-mois-dabsence.png\",\"keywords\":[\"Coh\u00e9sion d'\u00c9quipe\",\"Gestion des Talents\",\"Performance sportive\",\"R\u00e9silience\",\"Top 14\"],\"articleSection\":[\"\u00c0 la une\"],\"inLanguage\":\"fr-FR\",\"potentialAction\":[{\"@type\":\"CommentAction\",\"name\":\"Comment\",\"target\":[\"https:\/\/sport-index.fr\/blog\/a-la-une\/jack-maddocks-un-coup-dur-pour-la-section-paloise-avec-deux-mois-dabsence\/#respond\"]}]},{\"@type\":\"WebPage\",\"@id\":\"https:\/\/sport-index.fr\/blog\/a-la-une\/jack-maddocks-un-coup-dur-pour-la-section-paloise-avec-deux-mois-dabsence\/\",\"url\":\"https:\/\/sport-index.fr\/blog\/a-la-une\/jack-maddocks-un-coup-dur-pour-la-section-paloise-avec-deux-mois-dabsence\/\",\"name\":\"Jack Maddocks : un coup dur pour la Section paloise\",\"isPartOf\":{\"@id\":\"https:\/\/sport-index.fr\/blog\/#website\"},\"primaryImageOfPage\":{\"@id\":\"https:\/\/sport-index.fr\/blog\/a-la-une\/jack-maddocks-un-coup-dur-pour-la-section-paloise-avec-deux-mois-dabsence\/#primaryimage\"},\"image\":{\"@id\":\"https:\/\/sport-index.fr\/blog\/a-la-une\/jack-maddocks-un-coup-dur-pour-la-section-paloise-avec-deux-mois-dabsence\/#primaryimage\"},\"thumbnailUrl\":\"https:\/\/sport-index.fr\/blog\/wp-content\/uploads\/2025\/02\/stability-jack-maddocks-un-coup-dur-pour-la-section-paloise-avec-deux-mois-dabsence.png\",\"datePublished\":\"2025-02-21T14:52:25+00:00\",\"description\":\"Une blessure qui complique la saison La Section paloise traverse une p\u00e9riode difficile. L'absence de Jack Maddocks pour deux mois et demi apr\u00e8s une\u2026\",\"inLanguage\":\"fr-FR\",\"potentialAction\":[{\"@type\":\"ReadAction\",\"target\":[\"https:\/\/sport-index.fr\/blog\/a-la-une\/jack-maddocks-un-coup-dur-pour-la-section-paloise-avec-deux-mois-dabsence\/\"]}]},{\"@type\":\"ImageObject\",\"inLanguage\":\"fr-FR\",\"@id\":\"https:\/\/sport-index.fr\/blog\/a-la-une\/jack-maddocks-un-coup-dur-pour-la-section-paloise-avec-deux-mois-dabsence\/#primaryimage\",\"url\":\"https:\/\/sport-index.fr\/blog\/wp-content\/uploads\/2025\/02\/stability-jack-maddocks-un-coup-dur-pour-la-section-paloise-avec-deux-mois-dabsence.png\",\"contentUrl\":\"https:\/\/sport-index.fr\/blog\/wp-content\/uploads\/2025\/02\/stability-jack-maddocks-un-coup-dur-pour-la-section-paloise-avec-deux-mois-dabsence.png\",\"width\":1024,\"height\":576},{\"@type\":\"WebSite\",\"@id\":\"https:\/\/sport-index.fr\/blog\/#website\",\"url\":\"https:\/\/sport-index.fr\/blog\/\",\"name\":\"sport-index.fr\",\"description\":\"Le score de l\u2019analyse sportive.\",\"publisher\":{\"@id\":\"https:\/\/sport-index.fr\/blog\/#organization\"},\"alternateName\":\"Le score de l\u2019analyse sportive.\",\"potentialAction\":[{\"@type\":\"SearchAction\",\"target\":{\"@type\":\"EntryPoint\",\"urlTemplate\":\"https:\/\/sport-index.fr\/blog\/?s={search_term_string}\"},\"query-input\":{\"@type\":\"PropertyValueSpecification\",\"valueRequired\":true,\"valueName\":\"search_term_string\"}}],\"inLanguage\":\"fr-FR\"},{\"@type\":\"Organization\",\"@id\":\"https:\/\/sport-index.fr\/blog\/#organization\",\"name\":\"Foretsensations.fr\",\"url\":\"https:\/\/sport-index.fr\/blog\/\",\"logo\":{\"@type\":\"ImageObject\",\"inLanguage\":\"fr-FR\",\"@id\":\"https:\/\/sport-index.fr\/blog\/#\/schema\/logo\/image\/\",\"url\":\"https:\/\/sport-index.fr\/blog\/wp-content\/uploads\/2026\/07\/logo-auto.png\",\"contentUrl\":\"https:\/\/sport-index.fr\/blog\/wp-content\/uploads\/2026\/07\/logo-auto.png\",\"width\":1024,\"height\":1024,\"caption\":\"Foretsensations.fr\"},\"image\":{\"@id\":\"https:\/\/sport-index.fr\/blog\/#\/schema\/logo\/image\/\"}},{\"@type\":\"Person\",\"@id\":\"https:\/\/sport-index.fr\/blog\/#\/schema\/person\/3c864cdc320801e3db34b663e7e3f816\",\"name\":\"Axel Lauzier\",\"image\":{\"@type\":\"ImageObject\",\"inLanguage\":\"fr-FR\",\"@id\":\"https:\/\/sport-index.fr\/blog\/#\/schema\/person\/image\/\",\"url\":\"https:\/\/sport-index.fr\/blog\/wp-content\/uploads\/2026\/06\/persona_axel-l-96x96.jpg\",\"contentUrl\":\"https:\/\/sport-index.fr\/blog\/wp-content\/uploads\/2026\/06\/persona_axel-l-96x96.jpg\",\"caption\":\"Axel Lauzier\"},\"description\":\"Le sport rythme mon quotidien depuis l'enfance, et j'en ai fait mon m\u00e9tier d'analyste r\u00e9dactionnel il y a une dizaine d'ann\u00e9es. Je couvre principalement le football, son actualit\u00e9, ses transferts et l'analyse tactique des grandes affiches, mais aussi les disciplines plus confidentielles que j'aime remettre en lumi\u00e8re. Une partie de mon travail porte sur les pronostics et la lecture statistique d'un match : forme des \u00e9quipes, historique des confrontations, compositions, sans jamais vendre de fausse certitude. Je rappelle syst\u00e9matiquement que parier comporte un risque et doit rester un loisir ma\u00eetris\u00e9. Avant de signer une analyse, je v\u00e9rifie mes chiffres, je recoupe les compositions probables et je distingue toujours la donn\u00e9e brute de l'intuition. Mon objectif : offrir une lecture honn\u00eate et argument\u00e9e, pas un ticket gagnant garanti.\",\"sameAs\":[\"https:\/\/axellauzier.fr\/\"],\"url\":\"https:\/\/sport-index.fr\/blog\/auteur\/noname\/\"}]}<\/script>\n<!-- \/ Yoast SEO Premium plugin. -->","yoast_head_json":{"title":"Jack Maddocks : un coup dur pour la Section paloise","description":"Une blessure qui complique la saison La Section paloise traverse une p\u00e9riode difficile. L'absence de Jack Maddocks pour deux mois et demi apr\u00e8s une\u2026","robots":{"index":"index","follow":"follow","max-snippet":"max-snippet:-1","max-image-preview":"max-image-preview:large","max-video-preview":"max-video-preview:-1"},"canonical":"https:\/\/sport-index.fr\/blog\/a-la-une\/jack-maddocks-un-coup-dur-pour-la-section-paloise-avec-deux-mois-dabsence\/","og_locale":"fr_FR","og_type":"article","og_title":"Jack Maddocks : un coup dur pour la Section paloise","og_description":"Une blessure qui complique la saison La Section paloise traverse une p\u00e9riode difficile. L'absence de Jack Maddocks pour deux mois et demi apr\u00e8s une\u2026","og_url":"https:\/\/sport-index.fr\/blog\/a-la-une\/jack-maddocks-un-coup-dur-pour-la-section-paloise-avec-deux-mois-dabsence\/","og_site_name":"sport-index","og_image":[{"width":1024,"height":576,"url":"https:\/\/sport-index.fr\/blog\/wp-content\/uploads\/2025\/02\/stability-jack-maddocks-un-coup-dur-pour-la-section-paloise-avec-deux-mois-dabsence.png","type":"image\/png"}],"author":"Axel Lauzier","twitter_card":"summary_large_image","schema":{"@context":"https:\/\/schema.org","@graph":[{"@type":"NewsArticle","@id":"https:\/\/sport-index.fr\/blog\/a-la-une\/jack-maddocks-un-coup-dur-pour-la-section-paloise-avec-deux-mois-dabsence\/#article","isPartOf":{"@id":"https:\/\/sport-index.fr\/blog\/a-la-une\/jack-maddocks-un-coup-dur-pour-la-section-paloise-avec-deux-mois-dabsence\/"},"author":{"name":"Axel Lauzier","@id":"https:\/\/sport-index.fr\/blog\/#\/schema\/person\/3c864cdc320801e3db34b663e7e3f816"},"headline":"Jack Maddocks : un coup dur pour la Section paloise avec deux mois d&rsquo;absence","datePublished":"2025-02-21T14:52:25+00:00","mainEntityOfPage":{"@id":"https:\/\/sport-index.fr\/blog\/a-la-une\/jack-maddocks-un-coup-dur-pour-la-section-paloise-avec-deux-mois-dabsence\/"},"wordCount":431,"commentCount":22,"publisher":{"@id":"https:\/\/sport-index.fr\/blog\/#organization"},"image":{"@id":"https:\/\/sport-index.fr\/blog\/a-la-une\/jack-maddocks-un-coup-dur-pour-la-section-paloise-avec-deux-mois-dabsence\/#primaryimage"},"thumbnailUrl":"https:\/\/sport-index.fr\/blog\/wp-content\/uploads\/2025\/02\/stability-jack-maddocks-un-coup-dur-pour-la-section-paloise-avec-deux-mois-dabsence.png","keywords":["Coh\u00e9sion d'\u00c9quipe","Gestion des Talents","Performance sportive","R\u00e9silience","Top 14"],"articleSection":["\u00c0 la une"],"inLanguage":"fr-FR","potentialAction":[{"@type":"CommentAction","name":"Comment","target":["https:\/\/sport-index.fr\/blog\/a-la-une\/jack-maddocks-un-coup-dur-pour-la-section-paloise-avec-deux-mois-dabsence\/#respond"]}]},{"@type":"WebPage","@id":"https:\/\/sport-index.fr\/blog\/a-la-une\/jack-maddocks-un-coup-dur-pour-la-section-paloise-avec-deux-mois-dabsence\/","url":"https:\/\/sport-index.fr\/blog\/a-la-une\/jack-maddocks-un-coup-dur-pour-la-section-paloise-avec-deux-mois-dabsence\/","name":"Jack Maddocks : un coup dur pour la Section paloise","isPartOf":{"@id":"https:\/\/sport-index.fr\/blog\/#website"},"primaryImageOfPage":{"@id":"https:\/\/sport-index.fr\/blog\/a-la-une\/jack-maddocks-un-coup-dur-pour-la-section-paloise-avec-deux-mois-dabsence\/#primaryimage"},"image":{"@id":"https:\/\/sport-index.fr\/blog\/a-la-une\/jack-maddocks-un-coup-dur-pour-la-section-paloise-avec-deux-mois-dabsence\/#primaryimage"},"thumbnailUrl":"https:\/\/sport-index.fr\/blog\/wp-content\/uploads\/2025\/02\/stability-jack-maddocks-un-coup-dur-pour-la-section-paloise-avec-deux-mois-dabsence.png","datePublished":"2025-02-21T14:52:25+00:00","description":"Une blessure qui complique la saison La Section paloise traverse une p\u00e9riode difficile. L'absence de Jack Maddocks pour deux mois et demi apr\u00e8s une\u2026","inLanguage":"fr-FR","potentialAction":[{"@type":"ReadAction","target":["https:\/\/sport-index.fr\/blog\/a-la-une\/jack-maddocks-un-coup-dur-pour-la-section-paloise-avec-deux-mois-dabsence\/"]}]},{"@type":"ImageObject","inLanguage":"fr-FR","@id":"https:\/\/sport-index.fr\/blog\/a-la-une\/jack-maddocks-un-coup-dur-pour-la-section-paloise-avec-deux-mois-dabsence\/#primaryimage","url":"https:\/\/sport-index.fr\/blog\/wp-content\/uploads\/2025\/02\/stability-jack-maddocks-un-coup-dur-pour-la-section-paloise-avec-deux-mois-dabsence.png","contentUrl":"https:\/\/sport-index.fr\/blog\/wp-content\/uploads\/2025\/02\/stability-jack-maddocks-un-coup-dur-pour-la-section-paloise-avec-deux-mois-dabsence.png","width":1024,"height":576},{"@type":"WebSite","@id":"https:\/\/sport-index.fr\/blog\/#website","url":"https:\/\/sport-index.fr\/blog\/","name":"sport-index.fr","description":"Le score de l\u2019analyse sportive.","publisher":{"@id":"https:\/\/sport-index.fr\/blog\/#organization"},"alternateName":"Le score de l\u2019analyse sportive.","potentialAction":[{"@type":"SearchAction","target":{"@type":"EntryPoint","urlTemplate":"https:\/\/sport-index.fr\/blog\/?s={search_term_string}"},"query-input":{"@type":"PropertyValueSpecification","valueRequired":true,"valueName":"search_term_string"}}],"inLanguage":"fr-FR"},{"@type":"Organization","@id":"https:\/\/sport-index.fr\/blog\/#organization","name":"Foretsensations.fr","url":"https:\/\/sport-index.fr\/blog\/","logo":{"@type":"ImageObject","inLanguage":"fr-FR","@id":"https:\/\/sport-index.fr\/blog\/#\/schema\/logo\/image\/","url":"https:\/\/sport-index.fr\/blog\/wp-content\/uploads\/2026\/07\/logo-auto.png","contentUrl":"https:\/\/sport-index.fr\/blog\/wp-content\/uploads\/2026\/07\/logo-auto.png","width":1024,"height":1024,"caption":"Foretsensations.fr"},"image":{"@id":"https:\/\/sport-index.fr\/blog\/#\/schema\/logo\/image\/"}},{"@type":"Person","@id":"https:\/\/sport-index.fr\/blog\/#\/schema\/person\/3c864cdc320801e3db34b663e7e3f816","name":"Axel Lauzier","image":{"@type":"ImageObject","inLanguage":"fr-FR","@id":"https:\/\/sport-index.fr\/blog\/#\/schema\/person\/image\/","url":"https:\/\/sport-index.fr\/blog\/wp-content\/uploads\/2026\/06\/persona_axel-l-96x96.jpg","contentUrl":"https:\/\/sport-index.fr\/blog\/wp-content\/uploads\/2026\/06\/persona_axel-l-96x96.jpg","caption":"Axel Lauzier"},"description":"Le sport rythme mon quotidien depuis l'enfance, et j'en ai fait mon m\u00e9tier d'analyste r\u00e9dactionnel il y a une dizaine d'ann\u00e9es. Je couvre principalement le football, son actualit\u00e9, ses transferts et l'analyse tactique des grandes affiches, mais aussi les disciplines plus confidentielles que j'aime remettre en lumi\u00e8re. Une partie de mon travail porte sur les pronostics et la lecture statistique d'un match : forme des \u00e9quipes, historique des confrontations, compositions, sans jamais vendre de fausse certitude. Je rappelle syst\u00e9matiquement que parier comporte un risque et doit rester un loisir ma\u00eetris\u00e9. Avant de signer une analyse, je v\u00e9rifie mes chiffres, je recoupe les compositions probables et je distingue toujours la donn\u00e9e brute de l'intuition. Mon objectif : offrir une lecture honn\u00eate et argument\u00e9e, pas un ticket gagnant garanti.","sameAs":["https:\/\/axellauzier.fr\/"],"url":"https:\/\/sport-index.fr\/blog\/auteur\/noname\/"}]}},"_links":{"self":[{"href":"https:\/\/sport-index.fr\/blog\/wp-json\/wp\/v2\/posts\/9644","targetHints":{"allow":["GET"]}}],"collection":[{"href":"https:\/\/sport-index.fr\/blog\/wp-json\/wp\/v2\/posts"}],"about":[{"href":"https:\/\/sport-index.fr\/blog\/wp-json\/wp\/v2\/types\/post"}],"author":[{"embeddable":true,"href":"https:\/\/sport-index.fr\/blog\/wp-json\/wp\/v2\/users\/34"}],"replies":[{"embeddable":true,"href":"https:\/\/sport-index.fr\/blog\/wp-json\/wp\/v2\/comments?post=9644"}],"version-history":[{"count":1,"href":"https:\/\/sport-index.fr\/blog\/wp-json\/wp\/v2\/posts\/9644\/revisions"}],"predecessor-version":[{"id":9647,"href":"https:\/\/sport-index.fr\/blog\/wp-json\/wp\/v2\/posts\/9644\/revisions\/9647"}],"wp:featuredmedia":[{"embeddable":true,"href":"https:\/\/sport-index.fr\/blog\/wp-json\/wp\/v2\/media\/9645"}],"wp:attachment":[{"href":"https:\/\/sport-index.fr\/blog\/wp-json\/wp\/v2\/media?parent=9644"}],"wp:term":[{"taxonomy":"category","embeddable":true,"href":"https:\/\/sport-index.fr\/blog\/wp-json\/wp\/v2\/categories?post=9644"},{"taxonomy":"post_tag","embeddable":true,"href":"https:\/\/sport-index.fr\/blog\/wp-json\/wp\/v2\/tags?post=9644"}],"curies":[{"name":"wp","href":"https:\/\/api.w.org\/{rel}","templated":true}]}}