{"id":9648,"date":"2026-06-16T14:46:55","date_gmt":"2026-06-16T12:46:55","guid":{"rendered":"https:\/\/sport-index.fr\/blog\/?p=9648"},"modified":"2026-06-16T14:46:55","modified_gmt":"2026-06-16T12:46:55","slug":"raymond-rhule-un-parcours-exceptionnel-marque-par-la-blessure-et-la-retraite","status":"publish","type":"post","link":"https:\/\/sport-index.fr\/blog\/a-la-une\/raymond-rhule-un-parcours-exceptionnel-marque-par-la-blessure-et-la-retraite\/","title":{"rendered":"Raymond Rhule : un parcours exceptionnel marqu\u00e9 par la blessure et la retraite"},"content":{"rendered":"<link rel=\"stylesheet\" href=\"https:\/\/fonts.googleapis.com\/css2?family=Fraunces:opsz,wght@9..144,600;9..144,700;9..144,900&#038;family=Inter:wght@400;500;600&#038;family=JetBrains+Mono:wght@500&#038;display=swap\" \/>\n<style>\n.rr-port-wrap{font-family:'Inter',-apple-system,sans-serif;color:#23201c;line-height:1.65;font-size:17px;max-width:820px;margin:0 auto}\n.rr-port-wrap h2{font-family:'Fraunces',Georgia,serif;font-weight:700;font-size:clamp(24px,3.2vw,33px);line-height:1.18;letter-spacing:-.01em;color:#1a1814;margin:46px 0 16px}\n.rr-port-wrap h3{font-family:'Fraunces',Georgia,serif;font-weight:600;font-size:clamp(19px,2.2vw,22px);color:#1a1814;margin:26px 0 10px}\n.rr-port-wrap p{margin:0 0 16px}\n.rr-port-lead{font-size:19px;line-height:1.6;color:#3a352d;border-left:4px solid #e8a200;padding:4px 0 4px 20px;margin:0 0 30px;font-weight:500}\n.rr-port-kicker{font-family:'JetBrains Mono',monospace;font-size:12px;font-weight:500;letter-spacing:.14em;text-transform:uppercase;color:#e8a200;margin:0 0 8px}\n.rr-port-fiche{background:#1a1814;color:#f4efe4;border-radius:14px;padding:26px 28px;margin:0 0 38px;box-shadow:0 1px 2px rgba(16,24,40,.05),0 18px 36px -20px rgba(16,24,40,.45)}\n.rr-port-fiche .rr-port-kicker{color:#f2c14e}\n.rr-port-fgrid{display:grid;grid-template-columns:repeat(auto-fit,minmax(200px,1fr));gap:18px 26px;margin-top:14px}\n.rr-port-fitem{display:flex;flex-direction:column;gap:3px}\n.rr-port-flabel{font-family:'JetBrains Mono',monospace;font-size:11px;letter-spacing:.1em;text-transform:uppercase;color:#c9bfa8}\n.rr-port-fval{font-family:'Fraunces',Georgia,serif;font-size:18px;font-weight:600;color:#fff;line-height:1.3}\n.rr-port-quote{font-family:'Fraunces',Georgia,serif;font-style:italic;font-weight:600;font-size:clamp(21px,2.8vw,27px);line-height:1.4;color:#1a1814;border-top:3px solid #e8a200;border-bottom:3px solid #e8a200;padding:24px 8px;margin:40px 0;position:relative}\n.rr-port-quote .rr-port-cite{display:block;font-family:'Inter',sans-serif;font-style:normal;font-size:14px;font-weight:600;color:#8a7c5a;margin-top:14px;letter-spacing:.02em}\n.rr-port-tl{list-style:none;padding:0;margin:8px 0 0}\n.rr-port-tl li{position:relative;padding:0 0 22px 30px;border-left:2px solid #e7dcc2}\n.rr-port-tl li:last-child{border-left-color:transparent;padding-bottom:0}\n.rr-port-tl li::before{content:\"\";position:absolute;left:-8px;top:2px;width:14px;height:14px;border-radius:50%;background:#e8a200;box-shadow:0 0 0 4px #fff,0 0 0 5px #ecd9a8}\n.rr-port-tl .rr-port-yr{font-family:'JetBrains Mono',monospace;font-size:13px;font-weight:500;color:#b07e00;display:block;margin-bottom:2px}\n.rr-port-tl .rr-port-tx{color:#3a352d}\n.rr-port-stats{display:grid;grid-template-columns:repeat(auto-fit,minmax(150px,1fr));gap:16px;margin:34px 0}\n.rr-port-stat{background:#fbf7ec;border:1px solid #ece1c6;border-top:3px solid #e8a200;border-radius:12px;padding:20px;text-align:center;transition:.25s ease}\n.rr-port-stat:hover{transform:translateY(-3px);box-shadow:0 14px 28px -18px rgba(16,24,40,.4)}\n.rr-port-snum{font-family:'Fraunces',Georgia,serif;font-weight:900;font-size:34px;color:#1a1814;line-height:1}\n.rr-port-slab{font-family:'Inter',sans-serif;font-size:13px;color:#6b614c;margin-top:6px}\n.rr-port-retenir{background:#fbf7ec;border:1px solid #ece1c6;border-left:5px solid #e8a200;border-radius:12px;padding:24px 26px;margin:40px 0}\n.rr-port-retenir .rr-port-kicker{margin-bottom:12px}\n.rr-port-retenir ul{margin:0;padding-left:20px}\n.rr-port-retenir li{margin:0 0 9px;color:#33302a}\n.rr-port-faq{margin:38px 0 8px}\n.rr-port-faq details{background:#fff;border:1px solid #e7dcc2;border-radius:10px;margin:0 0 12px;padding:0 20px;transition:.25s ease}\n.rr-port-faq details:hover{box-shadow:0 10px 24px -16px rgba(16,24,40,.35)}\n.rr-port-faq details[open]{border-color:#e8a200}\n.rr-port-faq summary{font-family:'Fraunces',Georgia,serif;font-weight:600;font-size:18px;color:#1a1814;cursor:pointer;padding:17px 0;list-style:none;position:relative;padding-right:28px}\n.rr-port-faq summary::-webkit-details-marker{display:none}\n.rr-port-faq summary::after{content:\"+\";position:absolute;right:0;top:15px;color:#e8a200;font-size:24px;font-weight:700;line-height:1}\n.rr-port-faq details[open] summary::after{content:\"\u2013\"}\n.rr-port-faq .rr-port-ans{padding:0 0 18px;color:#3a352d}\n.rr-port-img img{border-radius:12px;box-shadow:0 14px 30px -18px rgba(16,24,40,.5);margin:8px auto}\n@media(max-width:640px){.rr-port-wrap{font-size:16px}}\n\/*RENDERFIX2*\/.rr-port-fiche{color:#eef3f9!important}.rr-port-fiche p,.rr-port-fiche li,.rr-port-fiche strong,.rr-port-fiche em,.rr-port-fiche a,.rr-port-fiche span,.rr-port-fiche b,.rr-port-fiche td,.rr-port-fiche th,.rr-port-fiche h2,.rr-port-fiche h3,.rr-port-fiche h4{color:#eef3f9!important}.rr-port-fiche strong,.rr-port-fiche b{color:#ffffff!important}<\/style>\n<div class=\"rr-port-wrap\">\n<div class=\"rr-port-lead\">Pendant cinq saisons, Raymond Rhule a incarn\u00e9 l&rsquo;esprit du Stade Rochelais avant qu&rsquo;une blessure au tendon d&rsquo;Achille ne mette un terme \u00e0 sa carri\u00e8re. Retour sur le parcours d&rsquo;un joueur devenu, selon ses propres mots, \u00ab un vrai Rochelais \u00bb.<\/div>\n<div class=\"rr-port-fiche\">\n<div class=\"rr-port-kicker\">La fiche<\/div>\n<div class=\"rr-port-fgrid\">\n<div class=\"rr-port-fitem\"><span class=\"rr-port-flabel\">Joueur<\/span><span class=\"rr-port-fval\">Raymond Rhule<\/span><\/div>\n<div class=\"rr-port-fitem\"><span class=\"rr-port-flabel\">Poste \/ pays<\/span><span class=\"rr-port-fval\">International sud-africain<\/span><\/div>\n<div class=\"rr-port-fitem\"><span class=\"rr-port-flabel\">Club embl\u00e9matique<\/span><span class=\"rr-port-fval\">Stade Rochelais (depuis 2020)<\/span><\/div>\n<div class=\"rr-port-fitem\"><span class=\"rr-port-flabel\">Connu pour<\/span><span class=\"rr-port-fval\">Deux Champions Cup remport\u00e9es<\/span><\/div>\n<\/div>\n<\/div>\n<h2>Un joueur embl\u00e9matique du rugby fran\u00e7ais<\/h2>\n<p>Raymond Rhule a \u00e9t\u00e9 l&rsquo;un des piliers du Stade Rochelais pendant cinq saisons. Son impact sur le terrain et sa personnalit\u00e9 chaleureuse ont fait de lui un joueur appr\u00e9ci\u00e9 tant par ses co\u00e9quipiers que par les supporters. Malheureusement, une blessure au tendon d&rsquo;Achille a mis un terme \u00e0 sa carri\u00e8re professionnelle.<\/p>\n<p>Depuis son arriv\u00e9e \u00e0 La Rochelle en 2020, Rhule a particip\u00e9 \u00e0 des moments cl\u00e9s de l&rsquo;histoire du club. Il a contribu\u00e9 \u00e0 la victoire de deux Champions Cup, une performance qui a marqu\u00e9 le rugby fran\u00e7ais. Son dernier match remonte \u00e0 avril 2024, une rencontre o\u00f9 il n&rsquo;a pu jouer que seize minutes, symbolisant une fin de carri\u00e8re brutale.<\/p>\n<p><iframe loading=\"lazy\" title=\"TOP 14 - J24: Les joueurs du CA Brive f\u00e9licitent l&#039;arbitre Romain Poite pour sa carri\u00e8re\" width=\"1200\" height=\"900\" src=\"https:\/\/www.youtube.com\/embed\/SQraSVsUBFc?feature=oembed\" frameborder=\"0\" allow=\"accelerometer; autoplay; clipboard-write; encrypted-media; gyroscope; picture-in-picture; web-share\" referrerpolicy=\"strict-origin-when-cross-origin\" allowfullscreen><\/iframe><\/p>\n<h2>Un parcours jalonn\u00e9 de succ\u00e8s<\/h2>\n<p>Raymond Rhule a non seulement brill\u00e9 au niveau club, mais il a \u00e9galement port\u00e9 les couleurs de l&rsquo;Afrique du Sud en tant qu&rsquo;international. Avec sept s\u00e9lections en \u00e9quipe nationale, il a su allier la passion du jeu \u00e0 des performances de haut niveau. Son parcours avec le Stade Rochelais est marqu\u00e9 par des victoires m\u00e9morables et une \u00e9volution constante.<\/p>\n<ul class=\"rr-port-tl\">\n<li><span class=\"rr-port-yr\">2018<\/span><span class=\"rr-port-tx\">D\u00e9but de son aventure en France, point de d\u00e9part d&rsquo;un parcours qui s&rsquo;\u00e9tendra jusqu&rsquo;en 2025.<\/span><\/li>\n<li><span class=\"rr-port-yr\">2020<\/span><span class=\"rr-port-tx\">Arriv\u00e9e au Stade Rochelais, o\u00f9 il devient rapidement l&rsquo;un des piliers du collectif.<\/span><\/li>\n<li><span class=\"rr-port-yr\">2022 &#038; 2023<\/span><span class=\"rr-port-tx\">Deux Champions Cup remport\u00e9es avec La Rochelle, sommet de sa carri\u00e8re en club.<\/span><\/li>\n<li><span class=\"rr-port-yr\">Avril 2024<\/span><span class=\"rr-port-tx\">Dernier match, limit\u00e9 \u00e0 seize minutes \u2014 une fin brutale apr\u00e8s une blessure au tendon d&rsquo;Achille.<\/span><\/li>\n<\/ul>\n<p>Le joueur a su cr\u00e9er des liens forts avec ses co\u00e9quipiers, ce qui t\u00e9moigne de son esprit d&rsquo;\u00e9quipe. Dans ses propres mots, il a soulign\u00e9 l&rsquo;importance des relations humaines au sein du club.<\/p>\n<div class=\"rr-port-quote\">\u00ab C&rsquo;est un club sp\u00e9cial. Quand tu arrives ici, peu importe d&rsquo;o\u00f9 tu viens, tu deviens un Rochelais. \u00bb<span class=\"rr-port-cite\">\u2014 Raymond Rhule<\/span><\/div>\n<p>Cette d\u00e9claration illustre son attachement profond \u00e0 son \u00e9quipe et \u00e0 ses supporters.<\/p>\n<h2>Les r\u00e9actions face \u00e0 sa retraite<\/h2>\n<p>La nouvelle de la retraite de Rhule a suscit\u00e9 de nombreuses r\u00e9actions dans le monde du rugby. Ronan O&rsquo;Gara, le manager du Stade Rochelais, a exprim\u00e9 sa tristesse face \u00e0 cette perte, soulignant l&rsquo;importance de Rhule dans le vestiaire. \u00ab C&rsquo;est une perte \u00e9norme pour le groupe \u00bb, a-t-il d\u00e9clar\u00e9, mettant en avant le travail acharn\u00e9 et l&rsquo;\u00e9nergie que Rhule a apport\u00e9s \u00e0 l&rsquo;\u00e9quipe.<\/p>\n<p>La communaut\u00e9 du rugby a \u00e9galement r\u00e9agi avec \u00e9motion. Les supporters et anciens co\u00e9quipiers ont partag\u00e9 leurs souvenirs et leurs remerciements pour les moments v\u00e9cus ensemble. Raymond Rhule a laiss\u00e9 une empreinte ind\u00e9l\u00e9bile dans le c\u0153ur des Rochelais, et son d\u00e9part marque la fin d&rsquo;une \u00e8re pour le club.<\/p>\n<h2>Un h\u00e9ritage qui perdure<\/h2>\n<p>La carri\u00e8re de Raymond Rhule, bien que termin\u00e9e pr\u00e9matur\u00e9ment, est un exemple de d\u00e9termination et de passion. Il a su faire vibrer les foules et marquer l&rsquo;histoire du rugby fran\u00e7ais avec ses performances. M\u00eame apr\u00e8s sa retraite, son influence se fera sentir \u00e0 La Rochelle et au-del\u00e0.<\/p>\n<div class=\"rr-port-stats\">\n<div class=\"rr-port-stat\">\n<div class=\"rr-port-snum\">83<\/div>\n<div class=\"rr-port-slab\">matchs avec le Stade Rochelais<\/div>\n<\/div>\n<div class=\"rr-port-stat\">\n<div class=\"rr-port-snum\">2<\/div>\n<div class=\"rr-port-slab\">Champions Cup remport\u00e9es<\/div>\n<\/div>\n<div class=\"rr-port-stat\">\n<div class=\"rr-port-snum\">7<\/div>\n<div class=\"rr-port-slab\">s\u00e9lections avec l&rsquo;Afrique du Sud<\/div>\n<\/div>\n<div class=\"rr-port-stat\">\n<div class=\"rr-port-snum\">5<\/div>\n<div class=\"rr-port-slab\">saisons \u00e0 La Rochelle<\/div>\n<\/div>\n<\/div>\n<p>Il laisse derri\u00e8re lui un h\u00e9ritage de succ\u00e8s et d&rsquo;amiti\u00e9, avec des souvenirs grav\u00e9s dans l&rsquo;histoire du club. Les jeunes joueurs qui suivront ses pas continueront de s&rsquo;inspirer de son \u00e9thique de travail et de sa passion pour le rugby. Raymond Rhule restera \u00e0 jamais une figure embl\u00e9matique du Stade Rochelais.<\/p>\n<div class=\"rr-port-retenir\">\n<div class=\"rr-port-kicker\">\u00c0 retenir<\/div>\n<ul>\n<li>Deux Champions Cup remport\u00e9es (2022 et 2023).<\/li>\n<li>Sept s\u00e9lections avec l&rsquo;\u00e9quipe nationale sud-africaine.<\/li>\n<li>83 matchs jou\u00e9s avec le Stade Rochelais.<\/li>\n<li>Pionnier dans la cr\u00e9ation de liens au sein de l&rsquo;\u00e9quipe.<\/li>\n<li>Un parcours de 2018 \u00e0 2025 en France.<\/li>\n<\/ul>\n<\/div>\n<div class=\"rr-port-img\"><img decoding=\"async\" width=\"1024\" height=\"576\" src=\"https:\/\/sport-index.fr\/blog\/wp-content\/uploads\/2025\/02\/stability-raymond-rhule-un-parcours-exceptionnel-marque-par-la-blessure-et-la-retraite-1.png\" class=\"aligncenter\" alt=\"Illustration d\u00e9taill\u00e9e sur Raymond Rhule : un parcours exceptionnel marqu\u00e9 par la blessure et la retraite\" title=\"Raymond Rhule : un parcours exceptionnel marqu\u00e9 par la blessure et la retraite\" loading=\"lazy\" \/><\/div>\n<div class=\"rr-port-faq\">\n<div class=\"rr-port-kicker\">Questions fr\u00e9quentes<\/div>\n<details>\n<summary>Pourquoi Raymond Rhule a-t-il pris sa retraite ?<\/summary>\n<div class=\"rr-port-ans\">Une blessure au tendon d&rsquo;Achille a mis un terme \u00e0 sa carri\u00e8re professionnelle. Son dernier match remonte \u00e0 avril 2024, une rencontre o\u00f9 il n&rsquo;a pu jouer que seize minutes.<\/div>\n<\/details>\n<details>\n<summary>Quel a \u00e9t\u00e9 son palmar\u00e8s avec le Stade Rochelais ?<\/summary>\n<div class=\"rr-port-ans\">Arriv\u00e9 en 2020, il a contribu\u00e9 \u00e0 la victoire de deux Champions Cup (2022 et 2023) et a disput\u00e9 83 matchs avec le club.<\/div>\n<\/details>\n<details>\n<summary>Combien de s\u00e9lections avait-il en \u00e9quipe nationale ?<\/summary>\n<div class=\"rr-port-ans\">Raymond Rhule comptait sept s\u00e9lections avec l&rsquo;\u00e9quipe nationale d&rsquo;Afrique du Sud.<\/div>\n<\/details>\n<details>\n<summary>Comment le club a-t-il r\u00e9agi \u00e0 son d\u00e9part ?<\/summary>\n<div class=\"rr-port-ans\">Ronan O&rsquo;Gara, manager du Stade Rochelais, a parl\u00e9 d&rsquo;\u00ab une perte \u00e9norme pour le groupe \u00bb. Supporters et anciens co\u00e9quipiers ont partag\u00e9 leurs souvenirs et remerciements.<\/div>\n<\/details>\n<\/div>\n<\/div>\n","protected":false},"excerpt":{"rendered":"","protected":false},"author":34,"featured_media":9649,"comment_status":"open","ping_status":"open","sticky":false,"template":"","format":"standard","meta":{"_acf_changed":false,"manual_indexmenow":false,"indexmenow_id_project":0,"footnotes":""},"categories":[1],"tags":[4585,4615,4632,4536,4554],"class_list":["post-9648","post","type-post","status-publish","format-standard","has-post-thumbnail","hentry","category-a-la-une","tag-cohesion-dequipe","tag-communaute-engagee","tag-performance-sportive","tag-rugby","tag-xv-de-france","generate-columns","tablet-grid-50","mobile-grid-100","grid-parent","grid-25"],"acf":[],"yoast_head":"<!-- This site is optimized with the Yoast SEO Premium plugin v21.3 (Yoast SEO v26.5) - https:\/\/yoast.com\/wordpress\/plugins\/seo\/ -->\n<title>Raymond Rhule : un parcours exceptionnel marqu\u00e9<\/title>\n<meta name=\"description\" content=\"Pendant cinq saisons, Raymond Rhule a incarn\u00e9 l&#039;esprit du Stade Rochelais avant qu&#039;une blessure au tendon d&#039;Achille ne mette un terme \u00e0 sa carri\u00e8re\u2026\" \/>\n<meta name=\"robots\" content=\"index, follow, max-snippet:-1, max-image-preview:large, max-video-preview:-1\" \/>\n<link rel=\"canonical\" href=\"https:\/\/sport-index.fr\/blog\/a-la-une\/raymond-rhule-un-parcours-exceptionnel-marque-par-la-blessure-et-la-retraite\/\" \/>\n<meta property=\"og:locale\" content=\"fr_FR\" \/>\n<meta property=\"og:type\" content=\"article\" \/>\n<meta property=\"og:title\" content=\"Raymond Rhule : un parcours exceptionnel marqu\u00e9\" \/>\n<meta property=\"og:description\" content=\"Pendant cinq saisons, Raymond Rhule a incarn\u00e9 l&#039;esprit du Stade Rochelais avant qu&#039;une blessure au tendon d&#039;Achille ne mette un terme \u00e0 sa carri\u00e8re\u2026\" \/>\n<meta property=\"og:url\" content=\"https:\/\/sport-index.fr\/blog\/a-la-une\/raymond-rhule-un-parcours-exceptionnel-marque-par-la-blessure-et-la-retraite\/\" \/>\n<meta property=\"og:site_name\" content=\"sport-index\" \/>\n<meta property=\"og:image\" content=\"https:\/\/sport-index.fr\/blog\/wp-content\/uploads\/2025\/02\/stability-raymond-rhule-un-parcours-exceptionnel-marque-par-la-blessure-et-la-retraite.png\" \/>\n\t<meta property=\"og:image:width\" content=\"1024\" \/>\n\t<meta property=\"og:image:height\" content=\"576\" \/>\n\t<meta property=\"og:image:type\" content=\"image\/png\" \/>\n<meta name=\"author\" content=\"Axel Lauzier\" \/>\n<meta name=\"twitter:card\" content=\"summary_large_image\" \/>\n<script type=\"application\/ld+json\" class=\"yoast-schema-graph\">{\"@context\":\"https:\/\/schema.org\",\"@graph\":[{\"@type\":\"NewsArticle\",\"@id\":\"https:\/\/sport-index.fr\/blog\/a-la-une\/raymond-rhule-un-parcours-exceptionnel-marque-par-la-blessure-et-la-retraite\/#article\",\"isPartOf\":{\"@id\":\"https:\/\/sport-index.fr\/blog\/a-la-une\/raymond-rhule-un-parcours-exceptionnel-marque-par-la-blessure-et-la-retraite\/\"},\"author\":{\"name\":\"Axel Lauzier\",\"@id\":\"https:\/\/sport-index.fr\/blog\/#\/schema\/person\/3c864cdc320801e3db34b663e7e3f816\"},\"headline\":\"Raymond Rhule : un parcours exceptionnel marqu\u00e9 par la blessure et la retraite\",\"datePublished\":\"2026-06-16T12:46:55+00:00\",\"mainEntityOfPage\":{\"@id\":\"https:\/\/sport-index.fr\/blog\/a-la-une\/raymond-rhule-un-parcours-exceptionnel-marque-par-la-blessure-et-la-retraite\/\"},\"wordCount\":843,\"commentCount\":21,\"publisher\":{\"@id\":\"https:\/\/sport-index.fr\/blog\/#organization\"},\"image\":{\"@id\":\"https:\/\/sport-index.fr\/blog\/a-la-une\/raymond-rhule-un-parcours-exceptionnel-marque-par-la-blessure-et-la-retraite\/#primaryimage\"},\"thumbnailUrl\":\"https:\/\/sport-index.fr\/blog\/wp-content\/uploads\/2025\/02\/stability-raymond-rhule-un-parcours-exceptionnel-marque-par-la-blessure-et-la-retraite.png\",\"keywords\":[\"Coh\u00e9sion d'\u00c9quipe\",\"Communaut\u00e9 engag\u00e9e\",\"Performance sportive\",\"Rugby\",\"XV de France\"],\"articleSection\":[\"\u00c0 la une\"],\"inLanguage\":\"fr-FR\",\"potentialAction\":[{\"@type\":\"CommentAction\",\"name\":\"Comment\",\"target\":[\"https:\/\/sport-index.fr\/blog\/a-la-une\/raymond-rhule-un-parcours-exceptionnel-marque-par-la-blessure-et-la-retraite\/#respond\"]}]},{\"@type\":\"WebPage\",\"@id\":\"https:\/\/sport-index.fr\/blog\/a-la-une\/raymond-rhule-un-parcours-exceptionnel-marque-par-la-blessure-et-la-retraite\/\",\"url\":\"https:\/\/sport-index.fr\/blog\/a-la-une\/raymond-rhule-un-parcours-exceptionnel-marque-par-la-blessure-et-la-retraite\/\",\"name\":\"Raymond Rhule : un parcours exceptionnel marqu\u00e9\",\"isPartOf\":{\"@id\":\"https:\/\/sport-index.fr\/blog\/#website\"},\"primaryImageOfPage\":{\"@id\":\"https:\/\/sport-index.fr\/blog\/a-la-une\/raymond-rhule-un-parcours-exceptionnel-marque-par-la-blessure-et-la-retraite\/#primaryimage\"},\"image\":{\"@id\":\"https:\/\/sport-index.fr\/blog\/a-la-une\/raymond-rhule-un-parcours-exceptionnel-marque-par-la-blessure-et-la-retraite\/#primaryimage\"},\"thumbnailUrl\":\"https:\/\/sport-index.fr\/blog\/wp-content\/uploads\/2025\/02\/stability-raymond-rhule-un-parcours-exceptionnel-marque-par-la-blessure-et-la-retraite.png\",\"datePublished\":\"2026-06-16T12:46:55+00:00\",\"description\":\"Pendant cinq saisons, Raymond Rhule a incarn\u00e9 l'esprit du Stade Rochelais avant qu'une blessure au tendon d'Achille ne mette un terme \u00e0 sa carri\u00e8re\u2026\",\"inLanguage\":\"fr-FR\",\"potentialAction\":[{\"@type\":\"ReadAction\",\"target\":[\"https:\/\/sport-index.fr\/blog\/a-la-une\/raymond-rhule-un-parcours-exceptionnel-marque-par-la-blessure-et-la-retraite\/\"]}]},{\"@type\":\"ImageObject\",\"inLanguage\":\"fr-FR\",\"@id\":\"https:\/\/sport-index.fr\/blog\/a-la-une\/raymond-rhule-un-parcours-exceptionnel-marque-par-la-blessure-et-la-retraite\/#primaryimage\",\"url\":\"https:\/\/sport-index.fr\/blog\/wp-content\/uploads\/2025\/02\/stability-raymond-rhule-un-parcours-exceptionnel-marque-par-la-blessure-et-la-retraite.png\",\"contentUrl\":\"https:\/\/sport-index.fr\/blog\/wp-content\/uploads\/2025\/02\/stability-raymond-rhule-un-parcours-exceptionnel-marque-par-la-blessure-et-la-retraite.png\",\"width\":1024,\"height\":576},{\"@type\":\"WebSite\",\"@id\":\"https:\/\/sport-index.fr\/blog\/#website\",\"url\":\"https:\/\/sport-index.fr\/blog\/\",\"name\":\"sport-index.fr\",\"description\":\"Le score de l\u2019analyse sportive.\",\"publisher\":{\"@id\":\"https:\/\/sport-index.fr\/blog\/#organization\"},\"alternateName\":\"Le score de l\u2019analyse sportive.\",\"potentialAction\":[{\"@type\":\"SearchAction\",\"target\":{\"@type\":\"EntryPoint\",\"urlTemplate\":\"https:\/\/sport-index.fr\/blog\/?s={search_term_string}\"},\"query-input\":{\"@type\":\"PropertyValueSpecification\",\"valueRequired\":true,\"valueName\":\"search_term_string\"}}],\"inLanguage\":\"fr-FR\"},{\"@type\":\"Organization\",\"@id\":\"https:\/\/sport-index.fr\/blog\/#organization\",\"name\":\"Foretsensations.fr\",\"url\":\"https:\/\/sport-index.fr\/blog\/\",\"logo\":{\"@type\":\"ImageObject\",\"inLanguage\":\"fr-FR\",\"@id\":\"https:\/\/sport-index.fr\/blog\/#\/schema\/logo\/image\/\",\"url\":\"https:\/\/sport-index.fr\/blog\/wp-content\/uploads\/2026\/07\/logo-auto.png\",\"contentUrl\":\"https:\/\/sport-index.fr\/blog\/wp-content\/uploads\/2026\/07\/logo-auto.png\",\"width\":1024,\"height\":1024,\"caption\":\"Foretsensations.fr\"},\"image\":{\"@id\":\"https:\/\/sport-index.fr\/blog\/#\/schema\/logo\/image\/\"}},{\"@type\":\"Person\",\"@id\":\"https:\/\/sport-index.fr\/blog\/#\/schema\/person\/3c864cdc320801e3db34b663e7e3f816\",\"name\":\"Axel Lauzier\",\"image\":{\"@type\":\"ImageObject\",\"inLanguage\":\"fr-FR\",\"@id\":\"https:\/\/sport-index.fr\/blog\/#\/schema\/person\/image\/\",\"url\":\"https:\/\/sport-index.fr\/blog\/wp-content\/uploads\/2026\/06\/persona_axel-l-96x96.jpg\",\"contentUrl\":\"https:\/\/sport-index.fr\/blog\/wp-content\/uploads\/2026\/06\/persona_axel-l-96x96.jpg\",\"caption\":\"Axel Lauzier\"},\"description\":\"Le sport rythme mon quotidien depuis l'enfance, et j'en ai fait mon m\u00e9tier d'analyste r\u00e9dactionnel il y a une dizaine d'ann\u00e9es. Je couvre principalement le football, son actualit\u00e9, ses transferts et l'analyse tactique des grandes affiches, mais aussi les disciplines plus confidentielles que j'aime remettre en lumi\u00e8re. Une partie de mon travail porte sur les pronostics et la lecture statistique d'un match : forme des \u00e9quipes, historique des confrontations, compositions, sans jamais vendre de fausse certitude. Je rappelle syst\u00e9matiquement que parier comporte un risque et doit rester un loisir ma\u00eetris\u00e9. Avant de signer une analyse, je v\u00e9rifie mes chiffres, je recoupe les compositions probables et je distingue toujours la donn\u00e9e brute de l'intuition. Mon objectif : offrir une lecture honn\u00eate et argument\u00e9e, pas un ticket gagnant garanti.\",\"sameAs\":[\"https:\/\/axellauzier.fr\/\"],\"url\":\"https:\/\/sport-index.fr\/blog\/auteur\/noname\/\"}]}<\/script>\n<!-- \/ Yoast SEO Premium plugin. -->","yoast_head_json":{"title":"Raymond Rhule : un parcours exceptionnel marqu\u00e9","description":"Pendant cinq saisons, Raymond Rhule a incarn\u00e9 l'esprit du Stade Rochelais avant qu'une blessure au tendon d'Achille ne mette un terme \u00e0 sa carri\u00e8re\u2026","robots":{"index":"index","follow":"follow","max-snippet":"max-snippet:-1","max-image-preview":"max-image-preview:large","max-video-preview":"max-video-preview:-1"},"canonical":"https:\/\/sport-index.fr\/blog\/a-la-une\/raymond-rhule-un-parcours-exceptionnel-marque-par-la-blessure-et-la-retraite\/","og_locale":"fr_FR","og_type":"article","og_title":"Raymond Rhule : un parcours exceptionnel marqu\u00e9","og_description":"Pendant cinq saisons, Raymond Rhule a incarn\u00e9 l'esprit du Stade Rochelais avant qu'une blessure au tendon d'Achille ne mette un terme \u00e0 sa carri\u00e8re\u2026","og_url":"https:\/\/sport-index.fr\/blog\/a-la-une\/raymond-rhule-un-parcours-exceptionnel-marque-par-la-blessure-et-la-retraite\/","og_site_name":"sport-index","og_image":[{"width":1024,"height":576,"url":"https:\/\/sport-index.fr\/blog\/wp-content\/uploads\/2025\/02\/stability-raymond-rhule-un-parcours-exceptionnel-marque-par-la-blessure-et-la-retraite.png","type":"image\/png"}],"author":"Axel Lauzier","twitter_card":"summary_large_image","schema":{"@context":"https:\/\/schema.org","@graph":[{"@type":"NewsArticle","@id":"https:\/\/sport-index.fr\/blog\/a-la-une\/raymond-rhule-un-parcours-exceptionnel-marque-par-la-blessure-et-la-retraite\/#article","isPartOf":{"@id":"https:\/\/sport-index.fr\/blog\/a-la-une\/raymond-rhule-un-parcours-exceptionnel-marque-par-la-blessure-et-la-retraite\/"},"author":{"name":"Axel Lauzier","@id":"https:\/\/sport-index.fr\/blog\/#\/schema\/person\/3c864cdc320801e3db34b663e7e3f816"},"headline":"Raymond Rhule : un parcours exceptionnel marqu\u00e9 par la blessure et la retraite","datePublished":"2026-06-16T12:46:55+00:00","mainEntityOfPage":{"@id":"https:\/\/sport-index.fr\/blog\/a-la-une\/raymond-rhule-un-parcours-exceptionnel-marque-par-la-blessure-et-la-retraite\/"},"wordCount":843,"commentCount":21,"publisher":{"@id":"https:\/\/sport-index.fr\/blog\/#organization"},"image":{"@id":"https:\/\/sport-index.fr\/blog\/a-la-une\/raymond-rhule-un-parcours-exceptionnel-marque-par-la-blessure-et-la-retraite\/#primaryimage"},"thumbnailUrl":"https:\/\/sport-index.fr\/blog\/wp-content\/uploads\/2025\/02\/stability-raymond-rhule-un-parcours-exceptionnel-marque-par-la-blessure-et-la-retraite.png","keywords":["Coh\u00e9sion d'\u00c9quipe","Communaut\u00e9 engag\u00e9e","Performance sportive","Rugby","XV de France"],"articleSection":["\u00c0 la une"],"inLanguage":"fr-FR","potentialAction":[{"@type":"CommentAction","name":"Comment","target":["https:\/\/sport-index.fr\/blog\/a-la-une\/raymond-rhule-un-parcours-exceptionnel-marque-par-la-blessure-et-la-retraite\/#respond"]}]},{"@type":"WebPage","@id":"https:\/\/sport-index.fr\/blog\/a-la-une\/raymond-rhule-un-parcours-exceptionnel-marque-par-la-blessure-et-la-retraite\/","url":"https:\/\/sport-index.fr\/blog\/a-la-une\/raymond-rhule-un-parcours-exceptionnel-marque-par-la-blessure-et-la-retraite\/","name":"Raymond Rhule : un parcours exceptionnel marqu\u00e9","isPartOf":{"@id":"https:\/\/sport-index.fr\/blog\/#website"},"primaryImageOfPage":{"@id":"https:\/\/sport-index.fr\/blog\/a-la-une\/raymond-rhule-un-parcours-exceptionnel-marque-par-la-blessure-et-la-retraite\/#primaryimage"},"image":{"@id":"https:\/\/sport-index.fr\/blog\/a-la-une\/raymond-rhule-un-parcours-exceptionnel-marque-par-la-blessure-et-la-retraite\/#primaryimage"},"thumbnailUrl":"https:\/\/sport-index.fr\/blog\/wp-content\/uploads\/2025\/02\/stability-raymond-rhule-un-parcours-exceptionnel-marque-par-la-blessure-et-la-retraite.png","datePublished":"2026-06-16T12:46:55+00:00","description":"Pendant cinq saisons, Raymond Rhule a incarn\u00e9 l'esprit du Stade Rochelais avant qu'une blessure au tendon d'Achille ne mette un terme \u00e0 sa carri\u00e8re\u2026","inLanguage":"fr-FR","potentialAction":[{"@type":"ReadAction","target":["https:\/\/sport-index.fr\/blog\/a-la-une\/raymond-rhule-un-parcours-exceptionnel-marque-par-la-blessure-et-la-retraite\/"]}]},{"@type":"ImageObject","inLanguage":"fr-FR","@id":"https:\/\/sport-index.fr\/blog\/a-la-une\/raymond-rhule-un-parcours-exceptionnel-marque-par-la-blessure-et-la-retraite\/#primaryimage","url":"https:\/\/sport-index.fr\/blog\/wp-content\/uploads\/2025\/02\/stability-raymond-rhule-un-parcours-exceptionnel-marque-par-la-blessure-et-la-retraite.png","contentUrl":"https:\/\/sport-index.fr\/blog\/wp-content\/uploads\/2025\/02\/stability-raymond-rhule-un-parcours-exceptionnel-marque-par-la-blessure-et-la-retraite.png","width":1024,"height":576},{"@type":"WebSite","@id":"https:\/\/sport-index.fr\/blog\/#website","url":"https:\/\/sport-index.fr\/blog\/","name":"sport-index.fr","description":"Le score de l\u2019analyse sportive.","publisher":{"@id":"https:\/\/sport-index.fr\/blog\/#organization"},"alternateName":"Le score de l\u2019analyse sportive.","potentialAction":[{"@type":"SearchAction","target":{"@type":"EntryPoint","urlTemplate":"https:\/\/sport-index.fr\/blog\/?s={search_term_string}"},"query-input":{"@type":"PropertyValueSpecification","valueRequired":true,"valueName":"search_term_string"}}],"inLanguage":"fr-FR"},{"@type":"Organization","@id":"https:\/\/sport-index.fr\/blog\/#organization","name":"Foretsensations.fr","url":"https:\/\/sport-index.fr\/blog\/","logo":{"@type":"ImageObject","inLanguage":"fr-FR","@id":"https:\/\/sport-index.fr\/blog\/#\/schema\/logo\/image\/","url":"https:\/\/sport-index.fr\/blog\/wp-content\/uploads\/2026\/07\/logo-auto.png","contentUrl":"https:\/\/sport-index.fr\/blog\/wp-content\/uploads\/2026\/07\/logo-auto.png","width":1024,"height":1024,"caption":"Foretsensations.fr"},"image":{"@id":"https:\/\/sport-index.fr\/blog\/#\/schema\/logo\/image\/"}},{"@type":"Person","@id":"https:\/\/sport-index.fr\/blog\/#\/schema\/person\/3c864cdc320801e3db34b663e7e3f816","name":"Axel Lauzier","image":{"@type":"ImageObject","inLanguage":"fr-FR","@id":"https:\/\/sport-index.fr\/blog\/#\/schema\/person\/image\/","url":"https:\/\/sport-index.fr\/blog\/wp-content\/uploads\/2026\/06\/persona_axel-l-96x96.jpg","contentUrl":"https:\/\/sport-index.fr\/blog\/wp-content\/uploads\/2026\/06\/persona_axel-l-96x96.jpg","caption":"Axel Lauzier"},"description":"Le sport rythme mon quotidien depuis l'enfance, et j'en ai fait mon m\u00e9tier d'analyste r\u00e9dactionnel il y a une dizaine d'ann\u00e9es. Je couvre principalement le football, son actualit\u00e9, ses transferts et l'analyse tactique des grandes affiches, mais aussi les disciplines plus confidentielles que j'aime remettre en lumi\u00e8re. Une partie de mon travail porte sur les pronostics et la lecture statistique d'un match : forme des \u00e9quipes, historique des confrontations, compositions, sans jamais vendre de fausse certitude. Je rappelle syst\u00e9matiquement que parier comporte un risque et doit rester un loisir ma\u00eetris\u00e9. Avant de signer une analyse, je v\u00e9rifie mes chiffres, je recoupe les compositions probables et je distingue toujours la donn\u00e9e brute de l'intuition. Mon objectif : offrir une lecture honn\u00eate et argument\u00e9e, pas un ticket gagnant garanti.","sameAs":["https:\/\/axellauzier.fr\/"],"url":"https:\/\/sport-index.fr\/blog\/auteur\/noname\/"}]}},"_links":{"self":[{"href":"https:\/\/sport-index.fr\/blog\/wp-json\/wp\/v2\/posts\/9648","targetHints":{"allow":["GET"]}}],"collection":[{"href":"https:\/\/sport-index.fr\/blog\/wp-json\/wp\/v2\/posts"}],"about":[{"href":"https:\/\/sport-index.fr\/blog\/wp-json\/wp\/v2\/types\/post"}],"author":[{"embeddable":true,"href":"https:\/\/sport-index.fr\/blog\/wp-json\/wp\/v2\/users\/34"}],"replies":[{"embeddable":true,"href":"https:\/\/sport-index.fr\/blog\/wp-json\/wp\/v2\/comments?post=9648"}],"version-history":[{"count":3,"href":"https:\/\/sport-index.fr\/blog\/wp-json\/wp\/v2\/posts\/9648\/revisions"}],"predecessor-version":[{"id":18192,"href":"https:\/\/sport-index.fr\/blog\/wp-json\/wp\/v2\/posts\/9648\/revisions\/18192"}],"wp:featuredmedia":[{"embeddable":true,"href":"https:\/\/sport-index.fr\/blog\/wp-json\/wp\/v2\/media\/9649"}],"wp:attachment":[{"href":"https:\/\/sport-index.fr\/blog\/wp-json\/wp\/v2\/media?parent=9648"}],"wp:term":[{"taxonomy":"category","embeddable":true,"href":"https:\/\/sport-index.fr\/blog\/wp-json\/wp\/v2\/categories?post=9648"},{"taxonomy":"post_tag","embeddable":true,"href":"https:\/\/sport-index.fr\/blog\/wp-json\/wp\/v2\/tags?post=9648"}],"curies":[{"name":"wp","href":"https:\/\/api.w.org\/{rel}","templated":true}]}}