{"id":9656,"date":"2026-09-02T07:08:15","date_gmt":"2026-09-02T05:08:15","guid":{"rendered":"https:\/\/sport-index.fr\/blog\/?p=9656"},"modified":"2026-09-02T07:08:15","modified_gmt":"2026-09-02T05:08:15","slug":"matthieu-jalibert-doit-quitter-le-xv-de-france-quelles-consequences-pour-lequipe","status":"publish","type":"post","link":"https:\/\/sport-index.fr\/blog\/a-la-une\/matthieu-jalibert-doit-quitter-le-xv-de-france-quelles-consequences-pour-lequipe\/","title":{"rendered":"Matthieu Jalibert forfait pour raisons de sant\u00e9 au XV de France : quelles cons\u00e9quences pour l&rsquo;\u00e9quipe ?"},"content":{"rendered":"<h2>Un d\u00e9part inattendu pour Matthieu Jalibert<\/h2>\n<p>Matthieu Jalibert, le demi d\u2019ouverture du XV de France, a d\u00fb faire face \u00e0 une situation difficile. \u00c0 seulement 26 ans et avec 35 s\u00e9lections \u00e0 son actif, il a quitt\u00e9 le rassemblement de l\u2019\u00e9quipe nationale, souffrant, pour retourner \u00e0 Bordeaux, laissant ses co\u00e9quipiers inquiets.<br \/>\nLe d\u00e9part de Jalibert a \u00e9t\u00e9 officialis\u00e9 ce mercredi, alors qu&rsquo;il n&rsquo;a pas pu s&rsquo;entra\u00eener avec le reste de l&rsquo;\u00e9quipe. Accompagn\u00e9 de Maxime Lamothe, son co\u00e9quipier \u00e0 l&rsquo;Union Bordeaux-B\u00e8gles, il a quitt\u00e9 le camp d&rsquo;entra\u00eenement. Cette d\u00e9cision, bien que n\u00e9cessaire pour sa sant\u00e9, soul\u00e8ve des questions sur son \u00e9tat de forme et son retour sur le terrain.<br \/>\n<iframe loading=\"lazy\" title=\"&quot;IL Y A UNE HISTOIRE MATHIEU JALIBERT, PAS UNE POL\u00c9MIQUE&quot; FABIEN GALTHI\u00c9 (APR\u00c8S LA VID\u00c9O)\" width=\"1200\" height=\"675\" src=\"https:\/\/www.youtube.com\/embed\/xcQd9ZsH9CM?feature=oembed\" frameborder=\"0\" allow=\"accelerometer; autoplay; clipboard-write; encrypted-media; gyroscope; picture-in-picture; web-share\" referrerpolicy=\"strict-origin-when-cross-origin\" allowfullscreen><\/iframe><\/p>\n<h2>Les implications d&rsquo;une absence pour le match contre l&rsquo;Italie<\/h2>\n<p>L&rsquo;absence de Matthieu Jalibert pour le match crucial contre l&rsquo;Italie a \u00e9t\u00e9 pressentie plusieurs jours avant son d\u00e9part. Laurent Semp\u00e9r\u00e9, entra\u00eeneur des avants, avait d\u00e9j\u00e0 \u00e9voqu\u00e9 cette possibilit\u00e9 lors d&rsquo;une conf\u00e9rence de presse. Bien que son absence ait \u00e9t\u00e9 anticip\u00e9e, le fait qu&rsquo;il n&rsquo;ait pas \u00e9t\u00e9 retenu m\u00eame en tant que r\u00e9serviste est une surprise.<br \/>\nCette situation laisse un vide dans l&rsquo;\u00e9quipe, surtout \u00e0 l&rsquo;approche d&rsquo;un match important. La France doit d\u00e9sormais r\u00e9\u00e9valuer sa strat\u00e9gie de jeu sans l&rsquo;un de ses meilleurs \u00e9l\u00e9ments. La question qui se pose est de savoir qui pourra prendre le relais et assurer la continuit\u00e9 du jeu offensif.<\/p>\n<h2>La sant\u00e9 de Jalibert : un souci pour l&rsquo;Union Bordeaux-B\u00e8gles<\/h2>\n<p>La nature de la maladie qui a contraint Jalibert \u00e0 quitter le groupe est encore inconnue \u00e0 l&rsquo;heure o\u00f9 ces lignes sont \u00e9crites. Sa disponibilit\u00e9 pour le match de Top 14 contre Clermont, pr\u00e9vu ce dimanche, est d\u00e9sormais incertaine. Les supporters de l&rsquo;UBB esp\u00e8rent qu\u2019il se r\u00e9tablira rapidement pour revenir sur le terrain.<br \/>\nLa sant\u00e9 des joueurs est primordiale, et chaque absence peut affecter la dynamique d&rsquo;une \u00e9quipe. Les entra\u00eeneurs et les m\u00e9decins de l&rsquo;UBB suivront de pr\u00e8s l&rsquo;\u00e9volution de son \u00e9tat de sant\u00e9.<\/p>\n<ul>\n<li>Matthieu Jalibert a quitt\u00e9 le XV de France pour des raisons de sant\u00e9.<\/li>\n<li>Son absence a \u00e9t\u00e9 confirm\u00e9e pour le match contre l&rsquo;Italie.<\/li>\n<li>Le joueur pourrait \u00e9galement manquer le match de Top 14 contre Clermont.<\/li>\n<li>Son \u00e9tat de sant\u00e9 sera surveill\u00e9 de pr\u00e8s par le staff m\u00e9dical de l&rsquo;UBB.<\/li>\n<\/ul>\n<blockquote><p>\n    \u00ab J\u2019\u00e9tais malade donc je suis parti pour ne pas contaminer les gars qui \u00e9taient sur la feuille de match pour le match en Italie. \u00bb \u2014 Matthieu Jalibert, propos tenus sur Canal+ (rapport\u00e9s notamment par La D\u00e9p\u00eache, 24 f\u00e9vrier 2025)\n<\/p><\/blockquote>\n<p>L&rsquo;absence de Matthieu Jalibert a soulev\u00e9 des pr\u00e9occupations non seulement pour le XV de France, mais aussi pour l&rsquo;Union Bordeaux-B\u00e8gles. Les fans se sont demand\u00e9 comment l&rsquo;\u00e9quipe pourrait s&rsquo;adapter sans l&rsquo;un de ses joueurs cl\u00e9s. La situation a rappel\u00e9 que la sant\u00e9 des athl\u00e8tes doit toujours passer avant les performances sportives.<\/p>\n<h2>Mise \u00e0 jour : ce qu&rsquo;il s&rsquo;est r\u00e9ellement pass\u00e9<\/h2>\n<p><em>Article publi\u00e9 le 21 f\u00e9vrier 2025 \u00b7 compl\u00e9t\u00e9 et rev\u00e9rifi\u00e9 le 2 septembre 2026.<\/em><\/p>\n<p>Ce que voulait dire \u00ab doit quitter \u00bb : un d\u00e9part contraint par la maladie, pour un seul rassemblement \u2014 pas une \u00e9viction du groupe France ni un jugement sur son niveau de jeu. La nature de la maladie, inconnue au moment de la publication, a ensuite \u00e9t\u00e9 confirm\u00e9e par le joueur lui-m\u00eame : une gastro-ent\u00e9rite, qui l&rsquo;a pouss\u00e9 \u00e0 quitter le groupe par pr\u00e9caution sanitaire (voir la citation ci-dessus).<\/p>\n<p>Jalibert n&rsquo;a finalement pas \u00e9t\u00e9 retenu, m\u00eame comme r\u00e9serviste, pour le d\u00e9placement en Italie. Sans lui, le XV de France s&rsquo;est impos\u00e9 73-24 \u00e0 Rome face \u00e0 l&rsquo;Italie, l&rsquo;un des plus larges succ\u00e8s de son histoire dans le Tournoi des Six Nations. Il a ensuite \u00e9t\u00e9 rel\u00e2ch\u00e9 pour retrouver l&rsquo;Union Bordeaux-B\u00e8gles en Top 14, avant de retrouver sa place dans le groupe France pour la suite de la comp\u00e9tition.<\/p>\n<p>La France a remport\u00e9 le Tournoi des Six Nations 2025, et Matthieu Jalibert fait partie de l&rsquo;effectif sacr\u00e9 champion. Il a par la suite remport\u00e9 la Champions Cup avec l&rsquo;Union Bordeaux-B\u00e8gles en mai 2025.<\/p>\n<p><img decoding=\"async\" width=\"1024\" height=\"576\" src=\"https:\/\/sport-index.fr\/blog\/wp-content\/uploads\/2025\/02\/stability-matthieu-jalibert-doit-quitter-le-xv-de-france-quelles-consequences-pour-lequipe-1.png\" class=\"aligncenter\" alt=\"Illustration d\u00e9taill\u00e9e sur Matthieu Jalibert, forfait pour raisons de sant\u00e9 au XV de France : quelles cons\u00e9quences pour l&#039;\u00e9quipe ?\" title=\"Matthieu Jalibert forfait pour raisons de sant\u00e9 au XV de France : quelles cons\u00e9quences pour l&#039;\u00e9quipe ?\" loading=\"lazy\" \/><\/p>\n","protected":false},"excerpt":{"rendered":"","protected":false},"author":34,"featured_media":9657,"comment_status":"open","ping_status":"open","sticky":false,"template":"","format":"standard","meta":{"_acf_changed":false,"manual_indexmenow":false,"indexmenow_id_project":0,"footnotes":""},"categories":[1],"tags":[2574,4898,4632,4885,4554],"class_list":["post-9656","post","type-post","status-publish","format-standard","has-post-thumbnail","hentry","category-a-la-une","tag-bien-etre","tag-gestion-du-stress","tag-performance-sportive","tag-preparation-mentale","tag-xv-de-france","generate-columns","tablet-grid-50","mobile-grid-100","grid-parent","grid-25"],"acf":[],"yoast_head":"<!-- This site is optimized with the Yoast SEO Premium plugin v21.3 (Yoast SEO v26.5) - https:\/\/yoast.com\/wordpress\/plugins\/seo\/ -->\n<title>Matthieu Jalibert forfait pour raisons de sant\u00e9 au XV de France : quelles cons\u00e9quences pour l&#039;\u00e9quipe ?<\/title>\n<meta name=\"description\" content=\"Malade, Matthieu Jalibert a quitt\u00e9 le rassemblement du XV de France en f\u00e9vrier 2025 et manqu\u00e9 le match contre l&#039;Italie. Cause (gastro-ent\u00e9rite), citation et suite : ce qu&#039;il s&#039;est r\u00e9ellement pass\u00e9.\" \/>\n<meta name=\"robots\" content=\"index, follow, max-snippet:-1, max-image-preview:large, max-video-preview:-1\" \/>\n<link rel=\"canonical\" href=\"https:\/\/sport-index.fr\/blog\/a-la-une\/matthieu-jalibert-doit-quitter-le-xv-de-france-quelles-consequences-pour-lequipe\/\" \/>\n<meta property=\"og:locale\" content=\"fr_FR\" \/>\n<meta property=\"og:type\" content=\"article\" \/>\n<meta property=\"og:title\" content=\"Matthieu Jalibert forfait pour raisons de sant\u00e9 au XV de France : quelles cons\u00e9quences pour l&#039;\u00e9quipe ?\" \/>\n<meta property=\"og:description\" content=\"Malade, Matthieu Jalibert a quitt\u00e9 le rassemblement du XV de France en f\u00e9vrier 2025 et manqu\u00e9 le match contre l&#039;Italie. Cause (gastro-ent\u00e9rite), citation et suite : ce qu&#039;il s&#039;est r\u00e9ellement pass\u00e9.\" \/>\n<meta property=\"og:url\" content=\"https:\/\/sport-index.fr\/blog\/a-la-une\/matthieu-jalibert-doit-quitter-le-xv-de-france-quelles-consequences-pour-lequipe\/\" \/>\n<meta property=\"og:site_name\" content=\"sport-index\" \/>\n<meta property=\"og:image\" content=\"https:\/\/sport-index.fr\/blog\/wp-content\/uploads\/2025\/02\/stability-matthieu-jalibert-doit-quitter-le-xv-de-france-quelles-consequences-pour-lequipe.png\" \/>\n\t<meta property=\"og:image:width\" content=\"1024\" \/>\n\t<meta property=\"og:image:height\" content=\"576\" \/>\n\t<meta property=\"og:image:type\" content=\"image\/png\" \/>\n<meta name=\"author\" content=\"Axel Lauzier\" \/>\n<meta name=\"twitter:card\" content=\"summary_large_image\" \/>\n<script type=\"application\/ld+json\" class=\"yoast-schema-graph\">{\"@context\":\"https:\/\/schema.org\",\"@graph\":[{\"@type\":\"NewsArticle\",\"@id\":\"https:\/\/sport-index.fr\/blog\/a-la-une\/matthieu-jalibert-doit-quitter-le-xv-de-france-quelles-consequences-pour-lequipe\/#article\",\"isPartOf\":{\"@id\":\"https:\/\/sport-index.fr\/blog\/a-la-une\/matthieu-jalibert-doit-quitter-le-xv-de-france-quelles-consequences-pour-lequipe\/\"},\"author\":{\"name\":\"Axel Lauzier\",\"@id\":\"https:\/\/sport-index.fr\/blog\/#\/schema\/person\/3c864cdc320801e3db34b663e7e3f816\"},\"headline\":\"Matthieu Jalibert forfait pour raisons de sant\u00e9 au XV de France : quelles cons\u00e9quences pour l&rsquo;\u00e9quipe ?\",\"datePublished\":\"2026-09-02T05:08:15+00:00\",\"mainEntityOfPage\":{\"@id\":\"https:\/\/sport-index.fr\/blog\/a-la-une\/matthieu-jalibert-doit-quitter-le-xv-de-france-quelles-consequences-pour-lequipe\/\"},\"wordCount\":741,\"commentCount\":22,\"publisher\":{\"@id\":\"https:\/\/sport-index.fr\/blog\/#organization\"},\"image\":{\"@id\":\"https:\/\/sport-index.fr\/blog\/a-la-une\/matthieu-jalibert-doit-quitter-le-xv-de-france-quelles-consequences-pour-lequipe\/#primaryimage\"},\"thumbnailUrl\":\"https:\/\/sport-index.fr\/blog\/wp-content\/uploads\/2025\/02\/stability-matthieu-jalibert-doit-quitter-le-xv-de-france-quelles-consequences-pour-lequipe.png\",\"keywords\":[\"Bien-\u00catre\",\"Gestion Du Stress\",\"Performance sportive\",\"Pr\u00e9paration Mentale\",\"XV de France\"],\"articleSection\":[\"\u00c0 la une\"],\"inLanguage\":\"fr-FR\",\"potentialAction\":[{\"@type\":\"CommentAction\",\"name\":\"Comment\",\"target\":[\"https:\/\/sport-index.fr\/blog\/a-la-une\/matthieu-jalibert-doit-quitter-le-xv-de-france-quelles-consequences-pour-lequipe\/#respond\"]}]},{\"@type\":\"WebPage\",\"@id\":\"https:\/\/sport-index.fr\/blog\/a-la-une\/matthieu-jalibert-doit-quitter-le-xv-de-france-quelles-consequences-pour-lequipe\/\",\"url\":\"https:\/\/sport-index.fr\/blog\/a-la-une\/matthieu-jalibert-doit-quitter-le-xv-de-france-quelles-consequences-pour-lequipe\/\",\"name\":\"Matthieu Jalibert forfait pour raisons de sant\u00e9 au XV de France : quelles cons\u00e9quences pour l'\u00e9quipe ?\",\"isPartOf\":{\"@id\":\"https:\/\/sport-index.fr\/blog\/#website\"},\"primaryImageOfPage\":{\"@id\":\"https:\/\/sport-index.fr\/blog\/a-la-une\/matthieu-jalibert-doit-quitter-le-xv-de-france-quelles-consequences-pour-lequipe\/#primaryimage\"},\"image\":{\"@id\":\"https:\/\/sport-index.fr\/blog\/a-la-une\/matthieu-jalibert-doit-quitter-le-xv-de-france-quelles-consequences-pour-lequipe\/#primaryimage\"},\"thumbnailUrl\":\"https:\/\/sport-index.fr\/blog\/wp-content\/uploads\/2025\/02\/stability-matthieu-jalibert-doit-quitter-le-xv-de-france-quelles-consequences-pour-lequipe.png\",\"datePublished\":\"2026-09-02T05:08:15+00:00\",\"description\":\"Malade, Matthieu Jalibert a quitt\u00e9 le rassemblement du XV de France en f\u00e9vrier 2025 et manqu\u00e9 le match contre l'Italie. Cause (gastro-ent\u00e9rite), citation et suite : ce qu'il s'est r\u00e9ellement pass\u00e9.\",\"inLanguage\":\"fr-FR\",\"potentialAction\":[{\"@type\":\"ReadAction\",\"target\":[\"https:\/\/sport-index.fr\/blog\/a-la-une\/matthieu-jalibert-doit-quitter-le-xv-de-france-quelles-consequences-pour-lequipe\/\"]}]},{\"@type\":\"ImageObject\",\"inLanguage\":\"fr-FR\",\"@id\":\"https:\/\/sport-index.fr\/blog\/a-la-une\/matthieu-jalibert-doit-quitter-le-xv-de-france-quelles-consequences-pour-lequipe\/#primaryimage\",\"url\":\"https:\/\/sport-index.fr\/blog\/wp-content\/uploads\/2025\/02\/stability-matthieu-jalibert-doit-quitter-le-xv-de-france-quelles-consequences-pour-lequipe.png\",\"contentUrl\":\"https:\/\/sport-index.fr\/blog\/wp-content\/uploads\/2025\/02\/stability-matthieu-jalibert-doit-quitter-le-xv-de-france-quelles-consequences-pour-lequipe.png\",\"width\":1024,\"height\":576,\"caption\":\"Matthieu Jalibert forfait pour raisons de sant\u00e9 au XV de France : quelles cons\u00e9quences pour l'\u00e9quipe ?\"},{\"@type\":\"WebSite\",\"@id\":\"https:\/\/sport-index.fr\/blog\/#website\",\"url\":\"https:\/\/sport-index.fr\/blog\/\",\"name\":\"sport-index.fr\",\"description\":\"Le score de l\u2019analyse sportive.\",\"publisher\":{\"@id\":\"https:\/\/sport-index.fr\/blog\/#organization\"},\"alternateName\":\"Le score de l\u2019analyse sportive.\",\"potentialAction\":[{\"@type\":\"SearchAction\",\"target\":{\"@type\":\"EntryPoint\",\"urlTemplate\":\"https:\/\/sport-index.fr\/blog\/?s={search_term_string}\"},\"query-input\":{\"@type\":\"PropertyValueSpecification\",\"valueRequired\":true,\"valueName\":\"search_term_string\"}}],\"inLanguage\":\"fr-FR\"},{\"@type\":\"Organization\",\"@id\":\"https:\/\/sport-index.fr\/blog\/#organization\",\"name\":\"Foretsensations.fr\",\"url\":\"https:\/\/sport-index.fr\/blog\/\",\"logo\":{\"@type\":\"ImageObject\",\"inLanguage\":\"fr-FR\",\"@id\":\"https:\/\/sport-index.fr\/blog\/#\/schema\/logo\/image\/\",\"url\":\"https:\/\/sport-index.fr\/blog\/wp-content\/uploads\/2026\/07\/logo-auto.png\",\"contentUrl\":\"https:\/\/sport-index.fr\/blog\/wp-content\/uploads\/2026\/07\/logo-auto.png\",\"width\":1024,\"height\":1024,\"caption\":\"Foretsensations.fr\"},\"image\":{\"@id\":\"https:\/\/sport-index.fr\/blog\/#\/schema\/logo\/image\/\"}},{\"@type\":\"Person\",\"@id\":\"https:\/\/sport-index.fr\/blog\/#\/schema\/person\/3c864cdc320801e3db34b663e7e3f816\",\"name\":\"Axel Lauzier\",\"image\":{\"@type\":\"ImageObject\",\"inLanguage\":\"fr-FR\",\"@id\":\"https:\/\/sport-index.fr\/blog\/#\/schema\/person\/image\/\",\"url\":\"https:\/\/sport-index.fr\/blog\/wp-content\/uploads\/2026\/06\/persona_axel-l-96x96.jpg\",\"contentUrl\":\"https:\/\/sport-index.fr\/blog\/wp-content\/uploads\/2026\/06\/persona_axel-l-96x96.jpg\",\"caption\":\"Axel Lauzier\"},\"description\":\"Le sport rythme mon quotidien depuis l'enfance, et j'en ai fait mon m\u00e9tier d'analyste r\u00e9dactionnel il y a une dizaine d'ann\u00e9es. Je couvre principalement le football, son actualit\u00e9, ses transferts et l'analyse tactique des grandes affiches, mais aussi les disciplines plus confidentielles que j'aime remettre en lumi\u00e8re. Une partie de mon travail porte sur les pronostics et la lecture statistique d'un match : forme des \u00e9quipes, historique des confrontations, compositions, sans jamais vendre de fausse certitude. Je rappelle syst\u00e9matiquement que parier comporte un risque et doit rester un loisir ma\u00eetris\u00e9. Avant de signer une analyse, je v\u00e9rifie mes chiffres, je recoupe les compositions probables et je distingue toujours la donn\u00e9e brute de l'intuition. Mon objectif : offrir une lecture honn\u00eate et argument\u00e9e, pas un ticket gagnant garanti.\",\"sameAs\":[\"https:\/\/axellauzier.fr\/\"],\"url\":\"https:\/\/sport-index.fr\/blog\/auteur\/noname\/\"}]}<\/script>\n<!-- \/ Yoast SEO Premium plugin. -->","yoast_head_json":{"title":"Matthieu Jalibert forfait pour raisons de sant\u00e9 au XV de France : quelles cons\u00e9quences pour l'\u00e9quipe ?","description":"Malade, Matthieu Jalibert a quitt\u00e9 le rassemblement du XV de France en f\u00e9vrier 2025 et manqu\u00e9 le match contre l'Italie. Cause (gastro-ent\u00e9rite), citation et suite : ce qu'il s'est r\u00e9ellement pass\u00e9.","robots":{"index":"index","follow":"follow","max-snippet":"max-snippet:-1","max-image-preview":"max-image-preview:large","max-video-preview":"max-video-preview:-1"},"canonical":"https:\/\/sport-index.fr\/blog\/a-la-une\/matthieu-jalibert-doit-quitter-le-xv-de-france-quelles-consequences-pour-lequipe\/","og_locale":"fr_FR","og_type":"article","og_title":"Matthieu Jalibert forfait pour raisons de sant\u00e9 au XV de France : quelles cons\u00e9quences pour l'\u00e9quipe ?","og_description":"Malade, Matthieu Jalibert a quitt\u00e9 le rassemblement du XV de France en f\u00e9vrier 2025 et manqu\u00e9 le match contre l'Italie. Cause (gastro-ent\u00e9rite), citation et suite : ce qu'il s'est r\u00e9ellement pass\u00e9.","og_url":"https:\/\/sport-index.fr\/blog\/a-la-une\/matthieu-jalibert-doit-quitter-le-xv-de-france-quelles-consequences-pour-lequipe\/","og_site_name":"sport-index","og_image":[{"width":1024,"height":576,"url":"https:\/\/sport-index.fr\/blog\/wp-content\/uploads\/2025\/02\/stability-matthieu-jalibert-doit-quitter-le-xv-de-france-quelles-consequences-pour-lequipe.png","type":"image\/png"}],"author":"Axel Lauzier","twitter_card":"summary_large_image","schema":{"@context":"https:\/\/schema.org","@graph":[{"@type":"NewsArticle","@id":"https:\/\/sport-index.fr\/blog\/a-la-une\/matthieu-jalibert-doit-quitter-le-xv-de-france-quelles-consequences-pour-lequipe\/#article","isPartOf":{"@id":"https:\/\/sport-index.fr\/blog\/a-la-une\/matthieu-jalibert-doit-quitter-le-xv-de-france-quelles-consequences-pour-lequipe\/"},"author":{"name":"Axel Lauzier","@id":"https:\/\/sport-index.fr\/blog\/#\/schema\/person\/3c864cdc320801e3db34b663e7e3f816"},"headline":"Matthieu Jalibert forfait pour raisons de sant\u00e9 au XV de France : quelles cons\u00e9quences pour l&rsquo;\u00e9quipe ?","datePublished":"2026-09-02T05:08:15+00:00","mainEntityOfPage":{"@id":"https:\/\/sport-index.fr\/blog\/a-la-une\/matthieu-jalibert-doit-quitter-le-xv-de-france-quelles-consequences-pour-lequipe\/"},"wordCount":741,"commentCount":22,"publisher":{"@id":"https:\/\/sport-index.fr\/blog\/#organization"},"image":{"@id":"https:\/\/sport-index.fr\/blog\/a-la-une\/matthieu-jalibert-doit-quitter-le-xv-de-france-quelles-consequences-pour-lequipe\/#primaryimage"},"thumbnailUrl":"https:\/\/sport-index.fr\/blog\/wp-content\/uploads\/2025\/02\/stability-matthieu-jalibert-doit-quitter-le-xv-de-france-quelles-consequences-pour-lequipe.png","keywords":["Bien-\u00catre","Gestion Du Stress","Performance sportive","Pr\u00e9paration Mentale","XV de France"],"articleSection":["\u00c0 la une"],"inLanguage":"fr-FR","potentialAction":[{"@type":"CommentAction","name":"Comment","target":["https:\/\/sport-index.fr\/blog\/a-la-une\/matthieu-jalibert-doit-quitter-le-xv-de-france-quelles-consequences-pour-lequipe\/#respond"]}]},{"@type":"WebPage","@id":"https:\/\/sport-index.fr\/blog\/a-la-une\/matthieu-jalibert-doit-quitter-le-xv-de-france-quelles-consequences-pour-lequipe\/","url":"https:\/\/sport-index.fr\/blog\/a-la-une\/matthieu-jalibert-doit-quitter-le-xv-de-france-quelles-consequences-pour-lequipe\/","name":"Matthieu Jalibert forfait pour raisons de sant\u00e9 au XV de France : quelles cons\u00e9quences pour l'\u00e9quipe ?","isPartOf":{"@id":"https:\/\/sport-index.fr\/blog\/#website"},"primaryImageOfPage":{"@id":"https:\/\/sport-index.fr\/blog\/a-la-une\/matthieu-jalibert-doit-quitter-le-xv-de-france-quelles-consequences-pour-lequipe\/#primaryimage"},"image":{"@id":"https:\/\/sport-index.fr\/blog\/a-la-une\/matthieu-jalibert-doit-quitter-le-xv-de-france-quelles-consequences-pour-lequipe\/#primaryimage"},"thumbnailUrl":"https:\/\/sport-index.fr\/blog\/wp-content\/uploads\/2025\/02\/stability-matthieu-jalibert-doit-quitter-le-xv-de-france-quelles-consequences-pour-lequipe.png","datePublished":"2026-09-02T05:08:15+00:00","description":"Malade, Matthieu Jalibert a quitt\u00e9 le rassemblement du XV de France en f\u00e9vrier 2025 et manqu\u00e9 le match contre l'Italie. Cause (gastro-ent\u00e9rite), citation et suite : ce qu'il s'est r\u00e9ellement pass\u00e9.","inLanguage":"fr-FR","potentialAction":[{"@type":"ReadAction","target":["https:\/\/sport-index.fr\/blog\/a-la-une\/matthieu-jalibert-doit-quitter-le-xv-de-france-quelles-consequences-pour-lequipe\/"]}]},{"@type":"ImageObject","inLanguage":"fr-FR","@id":"https:\/\/sport-index.fr\/blog\/a-la-une\/matthieu-jalibert-doit-quitter-le-xv-de-france-quelles-consequences-pour-lequipe\/#primaryimage","url":"https:\/\/sport-index.fr\/blog\/wp-content\/uploads\/2025\/02\/stability-matthieu-jalibert-doit-quitter-le-xv-de-france-quelles-consequences-pour-lequipe.png","contentUrl":"https:\/\/sport-index.fr\/blog\/wp-content\/uploads\/2025\/02\/stability-matthieu-jalibert-doit-quitter-le-xv-de-france-quelles-consequences-pour-lequipe.png","width":1024,"height":576,"caption":"Matthieu Jalibert forfait pour raisons de sant\u00e9 au XV de France : quelles cons\u00e9quences pour l'\u00e9quipe ?"},{"@type":"WebSite","@id":"https:\/\/sport-index.fr\/blog\/#website","url":"https:\/\/sport-index.fr\/blog\/","name":"sport-index.fr","description":"Le score de l\u2019analyse sportive.","publisher":{"@id":"https:\/\/sport-index.fr\/blog\/#organization"},"alternateName":"Le score de l\u2019analyse sportive.","potentialAction":[{"@type":"SearchAction","target":{"@type":"EntryPoint","urlTemplate":"https:\/\/sport-index.fr\/blog\/?s={search_term_string}"},"query-input":{"@type":"PropertyValueSpecification","valueRequired":true,"valueName":"search_term_string"}}],"inLanguage":"fr-FR"},{"@type":"Organization","@id":"https:\/\/sport-index.fr\/blog\/#organization","name":"Foretsensations.fr","url":"https:\/\/sport-index.fr\/blog\/","logo":{"@type":"ImageObject","inLanguage":"fr-FR","@id":"https:\/\/sport-index.fr\/blog\/#\/schema\/logo\/image\/","url":"https:\/\/sport-index.fr\/blog\/wp-content\/uploads\/2026\/07\/logo-auto.png","contentUrl":"https:\/\/sport-index.fr\/blog\/wp-content\/uploads\/2026\/07\/logo-auto.png","width":1024,"height":1024,"caption":"Foretsensations.fr"},"image":{"@id":"https:\/\/sport-index.fr\/blog\/#\/schema\/logo\/image\/"}},{"@type":"Person","@id":"https:\/\/sport-index.fr\/blog\/#\/schema\/person\/3c864cdc320801e3db34b663e7e3f816","name":"Axel Lauzier","image":{"@type":"ImageObject","inLanguage":"fr-FR","@id":"https:\/\/sport-index.fr\/blog\/#\/schema\/person\/image\/","url":"https:\/\/sport-index.fr\/blog\/wp-content\/uploads\/2026\/06\/persona_axel-l-96x96.jpg","contentUrl":"https:\/\/sport-index.fr\/blog\/wp-content\/uploads\/2026\/06\/persona_axel-l-96x96.jpg","caption":"Axel Lauzier"},"description":"Le sport rythme mon quotidien depuis l'enfance, et j'en ai fait mon m\u00e9tier d'analyste r\u00e9dactionnel il y a une dizaine d'ann\u00e9es. Je couvre principalement le football, son actualit\u00e9, ses transferts et l'analyse tactique des grandes affiches, mais aussi les disciplines plus confidentielles que j'aime remettre en lumi\u00e8re. Une partie de mon travail porte sur les pronostics et la lecture statistique d'un match : forme des \u00e9quipes, historique des confrontations, compositions, sans jamais vendre de fausse certitude. Je rappelle syst\u00e9matiquement que parier comporte un risque et doit rester un loisir ma\u00eetris\u00e9. Avant de signer une analyse, je v\u00e9rifie mes chiffres, je recoupe les compositions probables et je distingue toujours la donn\u00e9e brute de l'intuition. Mon objectif : offrir une lecture honn\u00eate et argument\u00e9e, pas un ticket gagnant garanti.","sameAs":["https:\/\/axellauzier.fr\/"],"url":"https:\/\/sport-index.fr\/blog\/auteur\/noname\/"}]}},"_links":{"self":[{"href":"https:\/\/sport-index.fr\/blog\/wp-json\/wp\/v2\/posts\/9656","targetHints":{"allow":["GET"]}}],"collection":[{"href":"https:\/\/sport-index.fr\/blog\/wp-json\/wp\/v2\/posts"}],"about":[{"href":"https:\/\/sport-index.fr\/blog\/wp-json\/wp\/v2\/types\/post"}],"author":[{"embeddable":true,"href":"https:\/\/sport-index.fr\/blog\/wp-json\/wp\/v2\/users\/34"}],"replies":[{"embeddable":true,"href":"https:\/\/sport-index.fr\/blog\/wp-json\/wp\/v2\/comments?post=9656"}],"version-history":[{"count":4,"href":"https:\/\/sport-index.fr\/blog\/wp-json\/wp\/v2\/posts\/9656\/revisions"}],"predecessor-version":[{"id":18464,"href":"https:\/\/sport-index.fr\/blog\/wp-json\/wp\/v2\/posts\/9656\/revisions\/18464"}],"wp:featuredmedia":[{"embeddable":true,"href":"https:\/\/sport-index.fr\/blog\/wp-json\/wp\/v2\/media\/9657"}],"wp:attachment":[{"href":"https:\/\/sport-index.fr\/blog\/wp-json\/wp\/v2\/media?parent=9656"}],"wp:term":[{"taxonomy":"category","embeddable":true,"href":"https:\/\/sport-index.fr\/blog\/wp-json\/wp\/v2\/categories?post=9656"},{"taxonomy":"post_tag","embeddable":true,"href":"https:\/\/sport-index.fr\/blog\/wp-json\/wp\/v2\/tags?post=9656"}],"curies":[{"name":"wp","href":"https:\/\/api.w.org\/{rel}","templated":true}]}}