{"id":9681,"date":"2025-02-21T23:02:34","date_gmt":"2025-02-21T22:02:34","guid":{"rendered":"https:\/\/sport-index.fr\/blog\/?p=9681"},"modified":"2025-02-19T16:36:05","modified_gmt":"2025-02-19T15:36:05","slug":"pierre-popelin-absent-trois-mois-un-coup-dur-pour-castres-olympique","status":"publish","type":"post","link":"https:\/\/sport-index.fr\/blog\/a-la-une\/pierre-popelin-absent-trois-mois-un-coup-dur-pour-castres-olympique\/","title":{"rendered":"Pierre Popelin absent trois mois : un coup dur pour Castres Olympique"},"content":{"rendered":"<h2>Une absence qui p\u00e8se lourd<\/h2>\n<p>Le Castres Olympique doit faire face \u00e0 une situation d\u00e9licate avec l&rsquo;absence de son ouvreur Pierre Popelin pour les trois prochains mois. Cette nouvelle intervient alors que le club tarnais traverse une belle s\u00e9rie de performances, \u00e9tant invaincu en 2025. La perte de Popelin, qui se soumet \u00e0 une op\u00e9ration des adducteurs, pourrait avoir des r\u00e9percussions sur le moral de l&rsquo;\u00e9quipe.<\/p>\n<p>Loin des terrains, Popelin ne pourra pas contribuer \u00e0 l&rsquo;effort collectif de son \u00e9quipe. Alors que le Castres Olympique s&rsquo;appr\u00eate \u00e0 affronter Lyon, les joueurs devront trouver d&rsquo;autres ressources pour compenser cette absence. Les fans esp\u00e8rent que cette op\u00e9ration lui permettra de revenir plus fort et en pleine forme.<\/p>\n<h2>Un parcours marqu\u00e9 par des blessures<\/h2>\n<p>Pierre Popelin a rejoint le Castres Olympique en provenance de La Rochelle lors de la tr\u00eave estivale 2023-2024, mais sa carri\u00e8re a \u00e9t\u00e9 entrav\u00e9e par des probl\u00e8mes physiques. Malgr\u00e9 son talent ind\u00e9niable, il n&rsquo;a pas r\u00e9ussi \u00e0 s&rsquo;imposer durablement dans l&rsquo;effectif. Avec 34 apparitions en Top 14 et plusieurs matchs en tant que titulaire, son bilan reste en demi-teinte.<\/p>\n<p>Durant la saison 2024-2025, il a disput\u00e9 neuf matchs, dont cinq en tant que titulaire. Ce manque de continuit\u00e9 a frein\u00e9 son \u00e9panouissement sur le terrain. Les supporters esp\u00e8rent qu&rsquo;apr\u00e8s sa r\u00e9\u00e9ducation, il pourra retrouver son meilleur niveau et devenir un atout pr\u00e9cieux pour le club \u00e0 l&rsquo;avenir.<\/p>\n<h2>Les enjeux pour Castres Olympique<\/h2>\n<p>Le Castres Olympique se trouve \u00e0 un tournant de sa saison, et l&rsquo;absence de Pierre Popelin pourrait changer la donne. L&rsquo;\u00e9quipe doit s&rsquo;adapter rapidement pour maintenir sa dynamique positive. Les joueurs devront redoubler d&rsquo;efforts pour compenser le manque de cr\u00e9ativit\u00e9 et de leadership que Popelin apportait sur le terrain.<\/p>\n<p>Pour naviguer cette p\u00e9riode difficile, voici quelques pistes pour le Castres Olympique :<\/p>\n<ul>\n<li>Renforcer la coh\u00e9sion de l&rsquo;\u00e9quipe pour pallier l&rsquo;absence d&rsquo;un joueur cl\u00e9.<\/li>\n<li>Explorer de nouvelles strat\u00e9gies de jeu adapt\u00e9es aux joueurs disponibles.<\/li>\n<li>Encourager les jeunes talents \u00e0 se montrer et \u00e0 saisir leur chance.<\/li>\n<\/ul>\n<blockquote><p>\u00ab\u00a0Cette op\u00e9ration permettra \u00e0 Pierre de revenir plus fort et d&rsquo;exprimer son plein potentiel.\u00a0\u00bb &#8211; Un membre du staff m\u00e9dical<\/p><\/blockquote>\n<p>Les mois \u00e0 venir seront cruciaux pour le Castres Olympique. Chaque joueur devra se montrer \u00e0 la hauteur des attentes, et l&rsquo;\u00e9quipe devra faire preuve de r\u00e9silience. Les fans sont impatients de voir comment l&rsquo;\u00e9quipe surmontera cette \u00e9preuve tout en esp\u00e9rant le retour rapide de leur ouvreur vedette.<br \/>\n<img decoding=\"async\" width=\"1024\" height=\"576\" src=\"https:\/\/sport-index.fr\/blog\/wp-content\/uploads\/2025\/02\/stability-pierre-popelin-absent-trois-mois-un-coup-dur-pour-castres-olympique-1.png\" class=\"aligncenter\" alt=\"Illustration d\u00e9taill\u00e9e sur Pierre Popelin absent trois mois : un coup dur pour Castres Olympique\" title=\"Pierre Popelin absent trois mois : un coup dur pour Castres Olympique\" loading=\"lazy\" \/><\/p>\n","protected":false},"excerpt":{"rendered":"","protected":false},"author":34,"featured_media":9682,"comment_status":"open","ping_status":"open","sticky":false,"template":"","format":"standard","meta":{"_acf_changed":false,"manual_indexmenow":false,"indexmenow_id_project":0,"footnotes":""},"categories":[1],"tags":[4585,4561,4543,4408,4539],"class_list":["post-9681","post","type-post","status-publish","format-standard","has-post-thumbnail","hentry","category-a-la-une","tag-cohesion-dequipe","tag-gestion-des-talents","tag-performance","tag-resilience","tag-top-14","generate-columns","tablet-grid-50","mobile-grid-100","grid-parent","grid-25"],"acf":[],"yoast_head":"<!-- This site is optimized with the Yoast SEO Premium plugin v21.3 (Yoast SEO v26.5) - https:\/\/yoast.com\/wordpress\/plugins\/seo\/ -->\n<title>Pierre Popelin absent trois mois : un coup dur pour Castres<\/title>\n<meta name=\"description\" content=\"Une absence qui p\u00e8se lourd Le Castres Olympique doit faire face \u00e0 une situation d\u00e9licate avec l&#039;absence de son ouvreur Pierre Popelin pour les trois\u2026\" \/>\n<meta name=\"robots\" content=\"index, follow, max-snippet:-1, max-image-preview:large, max-video-preview:-1\" \/>\n<link rel=\"canonical\" href=\"https:\/\/sport-index.fr\/blog\/a-la-une\/pierre-popelin-absent-trois-mois-un-coup-dur-pour-castres-olympique\/\" \/>\n<meta property=\"og:locale\" content=\"fr_FR\" \/>\n<meta property=\"og:type\" content=\"article\" \/>\n<meta property=\"og:title\" content=\"Pierre Popelin absent trois mois : un coup dur pour Castres\" \/>\n<meta property=\"og:description\" content=\"Une absence qui p\u00e8se lourd Le Castres Olympique doit faire face \u00e0 une situation d\u00e9licate avec l&#039;absence de son ouvreur Pierre Popelin pour les trois\u2026\" \/>\n<meta property=\"og:url\" content=\"https:\/\/sport-index.fr\/blog\/a-la-une\/pierre-popelin-absent-trois-mois-un-coup-dur-pour-castres-olympique\/\" \/>\n<meta property=\"og:site_name\" content=\"sport-index\" \/>\n<meta property=\"og:image\" content=\"https:\/\/sport-index.fr\/blog\/wp-content\/uploads\/2025\/02\/stability-pierre-popelin-absent-trois-mois-un-coup-dur-pour-castres-olympique.png\" \/>\n\t<meta property=\"og:image:width\" content=\"1024\" \/>\n\t<meta property=\"og:image:height\" content=\"576\" \/>\n\t<meta property=\"og:image:type\" content=\"image\/png\" \/>\n<meta name=\"author\" content=\"Axel Lauzier\" \/>\n<meta name=\"twitter:card\" content=\"summary_large_image\" \/>\n<script type=\"application\/ld+json\" class=\"yoast-schema-graph\">{\"@context\":\"https:\/\/schema.org\",\"@graph\":[{\"@type\":\"NewsArticle\",\"@id\":\"https:\/\/sport-index.fr\/blog\/a-la-une\/pierre-popelin-absent-trois-mois-un-coup-dur-pour-castres-olympique\/#article\",\"isPartOf\":{\"@id\":\"https:\/\/sport-index.fr\/blog\/a-la-une\/pierre-popelin-absent-trois-mois-un-coup-dur-pour-castres-olympique\/\"},\"author\":{\"name\":\"Axel Lauzier\",\"@id\":\"https:\/\/sport-index.fr\/blog\/#\/schema\/person\/3c864cdc320801e3db34b663e7e3f816\"},\"headline\":\"Pierre Popelin absent trois mois : un coup dur pour Castres Olympique\",\"datePublished\":\"2025-02-21T22:02:34+00:00\",\"mainEntityOfPage\":{\"@id\":\"https:\/\/sport-index.fr\/blog\/a-la-une\/pierre-popelin-absent-trois-mois-un-coup-dur-pour-castres-olympique\/\"},\"wordCount\":438,\"commentCount\":19,\"publisher\":{\"@id\":\"https:\/\/sport-index.fr\/blog\/#organization\"},\"image\":{\"@id\":\"https:\/\/sport-index.fr\/blog\/a-la-une\/pierre-popelin-absent-trois-mois-un-coup-dur-pour-castres-olympique\/#primaryimage\"},\"thumbnailUrl\":\"https:\/\/sport-index.fr\/blog\/wp-content\/uploads\/2025\/02\/stability-pierre-popelin-absent-trois-mois-un-coup-dur-pour-castres-olympique.png\",\"keywords\":[\"Coh\u00e9sion d'\u00c9quipe\",\"Gestion des Talents\",\"Performance\",\"R\u00e9silience\",\"Top 14\"],\"articleSection\":[\"\u00c0 la une\"],\"inLanguage\":\"fr-FR\",\"potentialAction\":[{\"@type\":\"CommentAction\",\"name\":\"Comment\",\"target\":[\"https:\/\/sport-index.fr\/blog\/a-la-une\/pierre-popelin-absent-trois-mois-un-coup-dur-pour-castres-olympique\/#respond\"]}]},{\"@type\":\"WebPage\",\"@id\":\"https:\/\/sport-index.fr\/blog\/a-la-une\/pierre-popelin-absent-trois-mois-un-coup-dur-pour-castres-olympique\/\",\"url\":\"https:\/\/sport-index.fr\/blog\/a-la-une\/pierre-popelin-absent-trois-mois-un-coup-dur-pour-castres-olympique\/\",\"name\":\"Pierre Popelin absent trois mois : un coup dur pour Castres\",\"isPartOf\":{\"@id\":\"https:\/\/sport-index.fr\/blog\/#website\"},\"primaryImageOfPage\":{\"@id\":\"https:\/\/sport-index.fr\/blog\/a-la-une\/pierre-popelin-absent-trois-mois-un-coup-dur-pour-castres-olympique\/#primaryimage\"},\"image\":{\"@id\":\"https:\/\/sport-index.fr\/blog\/a-la-une\/pierre-popelin-absent-trois-mois-un-coup-dur-pour-castres-olympique\/#primaryimage\"},\"thumbnailUrl\":\"https:\/\/sport-index.fr\/blog\/wp-content\/uploads\/2025\/02\/stability-pierre-popelin-absent-trois-mois-un-coup-dur-pour-castres-olympique.png\",\"datePublished\":\"2025-02-21T22:02:34+00:00\",\"description\":\"Une absence qui p\u00e8se lourd Le Castres Olympique doit faire face \u00e0 une situation d\u00e9licate avec l'absence de son ouvreur Pierre Popelin pour les trois\u2026\",\"inLanguage\":\"fr-FR\",\"potentialAction\":[{\"@type\":\"ReadAction\",\"target\":[\"https:\/\/sport-index.fr\/blog\/a-la-une\/pierre-popelin-absent-trois-mois-un-coup-dur-pour-castres-olympique\/\"]}]},{\"@type\":\"ImageObject\",\"inLanguage\":\"fr-FR\",\"@id\":\"https:\/\/sport-index.fr\/blog\/a-la-une\/pierre-popelin-absent-trois-mois-un-coup-dur-pour-castres-olympique\/#primaryimage\",\"url\":\"https:\/\/sport-index.fr\/blog\/wp-content\/uploads\/2025\/02\/stability-pierre-popelin-absent-trois-mois-un-coup-dur-pour-castres-olympique.png\",\"contentUrl\":\"https:\/\/sport-index.fr\/blog\/wp-content\/uploads\/2025\/02\/stability-pierre-popelin-absent-trois-mois-un-coup-dur-pour-castres-olympique.png\",\"width\":1024,\"height\":576},{\"@type\":\"WebSite\",\"@id\":\"https:\/\/sport-index.fr\/blog\/#website\",\"url\":\"https:\/\/sport-index.fr\/blog\/\",\"name\":\"sport-index.fr\",\"description\":\"Le score de l\u2019analyse sportive.\",\"publisher\":{\"@id\":\"https:\/\/sport-index.fr\/blog\/#organization\"},\"alternateName\":\"Le score de l\u2019analyse sportive.\",\"potentialAction\":[{\"@type\":\"SearchAction\",\"target\":{\"@type\":\"EntryPoint\",\"urlTemplate\":\"https:\/\/sport-index.fr\/blog\/?s={search_term_string}\"},\"query-input\":{\"@type\":\"PropertyValueSpecification\",\"valueRequired\":true,\"valueName\":\"search_term_string\"}}],\"inLanguage\":\"fr-FR\"},{\"@type\":\"Organization\",\"@id\":\"https:\/\/sport-index.fr\/blog\/#organization\",\"name\":\"Foretsensations.fr\",\"url\":\"https:\/\/sport-index.fr\/blog\/\",\"logo\":{\"@type\":\"ImageObject\",\"inLanguage\":\"fr-FR\",\"@id\":\"https:\/\/sport-index.fr\/blog\/#\/schema\/logo\/image\/\",\"url\":\"https:\/\/sport-index.fr\/blog\/wp-content\/uploads\/2026\/07\/logo-auto.png\",\"contentUrl\":\"https:\/\/sport-index.fr\/blog\/wp-content\/uploads\/2026\/07\/logo-auto.png\",\"width\":1024,\"height\":1024,\"caption\":\"Foretsensations.fr\"},\"image\":{\"@id\":\"https:\/\/sport-index.fr\/blog\/#\/schema\/logo\/image\/\"}},{\"@type\":\"Person\",\"@id\":\"https:\/\/sport-index.fr\/blog\/#\/schema\/person\/3c864cdc320801e3db34b663e7e3f816\",\"name\":\"Axel Lauzier\",\"image\":{\"@type\":\"ImageObject\",\"inLanguage\":\"fr-FR\",\"@id\":\"https:\/\/sport-index.fr\/blog\/#\/schema\/person\/image\/\",\"url\":\"https:\/\/sport-index.fr\/blog\/wp-content\/uploads\/2026\/06\/persona_axel-l-96x96.jpg\",\"contentUrl\":\"https:\/\/sport-index.fr\/blog\/wp-content\/uploads\/2026\/06\/persona_axel-l-96x96.jpg\",\"caption\":\"Axel Lauzier\"},\"description\":\"Le sport rythme mon quotidien depuis l'enfance, et j'en ai fait mon m\u00e9tier d'analyste r\u00e9dactionnel il y a une dizaine d'ann\u00e9es. Je couvre principalement le football, son actualit\u00e9, ses transferts et l'analyse tactique des grandes affiches, mais aussi les disciplines plus confidentielles que j'aime remettre en lumi\u00e8re. Une partie de mon travail porte sur les pronostics et la lecture statistique d'un match : forme des \u00e9quipes, historique des confrontations, compositions, sans jamais vendre de fausse certitude. Je rappelle syst\u00e9matiquement que parier comporte un risque et doit rester un loisir ma\u00eetris\u00e9. Avant de signer une analyse, je v\u00e9rifie mes chiffres, je recoupe les compositions probables et je distingue toujours la donn\u00e9e brute de l'intuition. Mon objectif : offrir une lecture honn\u00eate et argument\u00e9e, pas un ticket gagnant garanti.\",\"sameAs\":[\"https:\/\/axellauzier.fr\/\"],\"url\":\"https:\/\/sport-index.fr\/blog\/auteur\/noname\/\"}]}<\/script>\n<!-- \/ Yoast SEO Premium plugin. -->","yoast_head_json":{"title":"Pierre Popelin absent trois mois : un coup dur pour Castres","description":"Une absence qui p\u00e8se lourd Le Castres Olympique doit faire face \u00e0 une situation d\u00e9licate avec l'absence de son ouvreur Pierre Popelin pour les trois\u2026","robots":{"index":"index","follow":"follow","max-snippet":"max-snippet:-1","max-image-preview":"max-image-preview:large","max-video-preview":"max-video-preview:-1"},"canonical":"https:\/\/sport-index.fr\/blog\/a-la-une\/pierre-popelin-absent-trois-mois-un-coup-dur-pour-castres-olympique\/","og_locale":"fr_FR","og_type":"article","og_title":"Pierre Popelin absent trois mois : un coup dur pour Castres","og_description":"Une absence qui p\u00e8se lourd Le Castres Olympique doit faire face \u00e0 une situation d\u00e9licate avec l'absence de son ouvreur Pierre Popelin pour les trois\u2026","og_url":"https:\/\/sport-index.fr\/blog\/a-la-une\/pierre-popelin-absent-trois-mois-un-coup-dur-pour-castres-olympique\/","og_site_name":"sport-index","og_image":[{"width":1024,"height":576,"url":"https:\/\/sport-index.fr\/blog\/wp-content\/uploads\/2025\/02\/stability-pierre-popelin-absent-trois-mois-un-coup-dur-pour-castres-olympique.png","type":"image\/png"}],"author":"Axel Lauzier","twitter_card":"summary_large_image","schema":{"@context":"https:\/\/schema.org","@graph":[{"@type":"NewsArticle","@id":"https:\/\/sport-index.fr\/blog\/a-la-une\/pierre-popelin-absent-trois-mois-un-coup-dur-pour-castres-olympique\/#article","isPartOf":{"@id":"https:\/\/sport-index.fr\/blog\/a-la-une\/pierre-popelin-absent-trois-mois-un-coup-dur-pour-castres-olympique\/"},"author":{"name":"Axel Lauzier","@id":"https:\/\/sport-index.fr\/blog\/#\/schema\/person\/3c864cdc320801e3db34b663e7e3f816"},"headline":"Pierre Popelin absent trois mois : un coup dur pour Castres Olympique","datePublished":"2025-02-21T22:02:34+00:00","mainEntityOfPage":{"@id":"https:\/\/sport-index.fr\/blog\/a-la-une\/pierre-popelin-absent-trois-mois-un-coup-dur-pour-castres-olympique\/"},"wordCount":438,"commentCount":19,"publisher":{"@id":"https:\/\/sport-index.fr\/blog\/#organization"},"image":{"@id":"https:\/\/sport-index.fr\/blog\/a-la-une\/pierre-popelin-absent-trois-mois-un-coup-dur-pour-castres-olympique\/#primaryimage"},"thumbnailUrl":"https:\/\/sport-index.fr\/blog\/wp-content\/uploads\/2025\/02\/stability-pierre-popelin-absent-trois-mois-un-coup-dur-pour-castres-olympique.png","keywords":["Coh\u00e9sion d'\u00c9quipe","Gestion des Talents","Performance","R\u00e9silience","Top 14"],"articleSection":["\u00c0 la une"],"inLanguage":"fr-FR","potentialAction":[{"@type":"CommentAction","name":"Comment","target":["https:\/\/sport-index.fr\/blog\/a-la-une\/pierre-popelin-absent-trois-mois-un-coup-dur-pour-castres-olympique\/#respond"]}]},{"@type":"WebPage","@id":"https:\/\/sport-index.fr\/blog\/a-la-une\/pierre-popelin-absent-trois-mois-un-coup-dur-pour-castres-olympique\/","url":"https:\/\/sport-index.fr\/blog\/a-la-une\/pierre-popelin-absent-trois-mois-un-coup-dur-pour-castres-olympique\/","name":"Pierre Popelin absent trois mois : un coup dur pour Castres","isPartOf":{"@id":"https:\/\/sport-index.fr\/blog\/#website"},"primaryImageOfPage":{"@id":"https:\/\/sport-index.fr\/blog\/a-la-une\/pierre-popelin-absent-trois-mois-un-coup-dur-pour-castres-olympique\/#primaryimage"},"image":{"@id":"https:\/\/sport-index.fr\/blog\/a-la-une\/pierre-popelin-absent-trois-mois-un-coup-dur-pour-castres-olympique\/#primaryimage"},"thumbnailUrl":"https:\/\/sport-index.fr\/blog\/wp-content\/uploads\/2025\/02\/stability-pierre-popelin-absent-trois-mois-un-coup-dur-pour-castres-olympique.png","datePublished":"2025-02-21T22:02:34+00:00","description":"Une absence qui p\u00e8se lourd Le Castres Olympique doit faire face \u00e0 une situation d\u00e9licate avec l'absence de son ouvreur Pierre Popelin pour les trois\u2026","inLanguage":"fr-FR","potentialAction":[{"@type":"ReadAction","target":["https:\/\/sport-index.fr\/blog\/a-la-une\/pierre-popelin-absent-trois-mois-un-coup-dur-pour-castres-olympique\/"]}]},{"@type":"ImageObject","inLanguage":"fr-FR","@id":"https:\/\/sport-index.fr\/blog\/a-la-une\/pierre-popelin-absent-trois-mois-un-coup-dur-pour-castres-olympique\/#primaryimage","url":"https:\/\/sport-index.fr\/blog\/wp-content\/uploads\/2025\/02\/stability-pierre-popelin-absent-trois-mois-un-coup-dur-pour-castres-olympique.png","contentUrl":"https:\/\/sport-index.fr\/blog\/wp-content\/uploads\/2025\/02\/stability-pierre-popelin-absent-trois-mois-un-coup-dur-pour-castres-olympique.png","width":1024,"height":576},{"@type":"WebSite","@id":"https:\/\/sport-index.fr\/blog\/#website","url":"https:\/\/sport-index.fr\/blog\/","name":"sport-index.fr","description":"Le score de l\u2019analyse sportive.","publisher":{"@id":"https:\/\/sport-index.fr\/blog\/#organization"},"alternateName":"Le score de l\u2019analyse sportive.","potentialAction":[{"@type":"SearchAction","target":{"@type":"EntryPoint","urlTemplate":"https:\/\/sport-index.fr\/blog\/?s={search_term_string}"},"query-input":{"@type":"PropertyValueSpecification","valueRequired":true,"valueName":"search_term_string"}}],"inLanguage":"fr-FR"},{"@type":"Organization","@id":"https:\/\/sport-index.fr\/blog\/#organization","name":"Foretsensations.fr","url":"https:\/\/sport-index.fr\/blog\/","logo":{"@type":"ImageObject","inLanguage":"fr-FR","@id":"https:\/\/sport-index.fr\/blog\/#\/schema\/logo\/image\/","url":"https:\/\/sport-index.fr\/blog\/wp-content\/uploads\/2026\/07\/logo-auto.png","contentUrl":"https:\/\/sport-index.fr\/blog\/wp-content\/uploads\/2026\/07\/logo-auto.png","width":1024,"height":1024,"caption":"Foretsensations.fr"},"image":{"@id":"https:\/\/sport-index.fr\/blog\/#\/schema\/logo\/image\/"}},{"@type":"Person","@id":"https:\/\/sport-index.fr\/blog\/#\/schema\/person\/3c864cdc320801e3db34b663e7e3f816","name":"Axel Lauzier","image":{"@type":"ImageObject","inLanguage":"fr-FR","@id":"https:\/\/sport-index.fr\/blog\/#\/schema\/person\/image\/","url":"https:\/\/sport-index.fr\/blog\/wp-content\/uploads\/2026\/06\/persona_axel-l-96x96.jpg","contentUrl":"https:\/\/sport-index.fr\/blog\/wp-content\/uploads\/2026\/06\/persona_axel-l-96x96.jpg","caption":"Axel Lauzier"},"description":"Le sport rythme mon quotidien depuis l'enfance, et j'en ai fait mon m\u00e9tier d'analyste r\u00e9dactionnel il y a une dizaine d'ann\u00e9es. Je couvre principalement le football, son actualit\u00e9, ses transferts et l'analyse tactique des grandes affiches, mais aussi les disciplines plus confidentielles que j'aime remettre en lumi\u00e8re. Une partie de mon travail porte sur les pronostics et la lecture statistique d'un match : forme des \u00e9quipes, historique des confrontations, compositions, sans jamais vendre de fausse certitude. Je rappelle syst\u00e9matiquement que parier comporte un risque et doit rester un loisir ma\u00eetris\u00e9. Avant de signer une analyse, je v\u00e9rifie mes chiffres, je recoupe les compositions probables et je distingue toujours la donn\u00e9e brute de l'intuition. Mon objectif : offrir une lecture honn\u00eate et argument\u00e9e, pas un ticket gagnant garanti.","sameAs":["https:\/\/axellauzier.fr\/"],"url":"https:\/\/sport-index.fr\/blog\/auteur\/noname\/"}]}},"_links":{"self":[{"href":"https:\/\/sport-index.fr\/blog\/wp-json\/wp\/v2\/posts\/9681","targetHints":{"allow":["GET"]}}],"collection":[{"href":"https:\/\/sport-index.fr\/blog\/wp-json\/wp\/v2\/posts"}],"about":[{"href":"https:\/\/sport-index.fr\/blog\/wp-json\/wp\/v2\/types\/post"}],"author":[{"embeddable":true,"href":"https:\/\/sport-index.fr\/blog\/wp-json\/wp\/v2\/users\/34"}],"replies":[{"embeddable":true,"href":"https:\/\/sport-index.fr\/blog\/wp-json\/wp\/v2\/comments?post=9681"}],"version-history":[{"count":1,"href":"https:\/\/sport-index.fr\/blog\/wp-json\/wp\/v2\/posts\/9681\/revisions"}],"predecessor-version":[{"id":9684,"href":"https:\/\/sport-index.fr\/blog\/wp-json\/wp\/v2\/posts\/9681\/revisions\/9684"}],"wp:featuredmedia":[{"embeddable":true,"href":"https:\/\/sport-index.fr\/blog\/wp-json\/wp\/v2\/media\/9682"}],"wp:attachment":[{"href":"https:\/\/sport-index.fr\/blog\/wp-json\/wp\/v2\/media?parent=9681"}],"wp:term":[{"taxonomy":"category","embeddable":true,"href":"https:\/\/sport-index.fr\/blog\/wp-json\/wp\/v2\/categories?post=9681"},{"taxonomy":"post_tag","embeddable":true,"href":"https:\/\/sport-index.fr\/blog\/wp-json\/wp\/v2\/tags?post=9681"}],"curies":[{"name":"wp","href":"https:\/\/api.w.org\/{rel}","templated":true}]}}