{"id":9750,"date":"2026-09-01T17:40:15","date_gmt":"2026-09-01T15:40:15","guid":{"rendered":"https:\/\/sport-index.fr\/blog\/?p=9750"},"modified":"2026-09-01T17:40:15","modified_gmt":"2026-09-01T15:40:15","slug":"les-lumieres-de-kylian-mbappe-eclipseraient-elles-le-real-madrid","status":"publish","type":"post","link":"https:\/\/sport-index.fr\/blog\/a-la-une\/les-lumieres-de-kylian-mbappe-eclipseraient-elles-le-real-madrid\/","title":{"rendered":"Les lumi\u00e8res de Kylian Mbapp\u00e9 \u00e9clipseraient-elles le Real Madrid ?"},"content":{"rendered":"<link rel=\"stylesheet\" href=\"https:\/\/fonts.googleapis.com\/css2?family=Newsreader:ital,opsz,wght@0,6..72,500;0,6..72,700;1,6..72,500&#038;family=Inter:wght@400;500;600;700&#038;family=JetBrains+Mono:wght@500&#038;display=swap\">\n<style>\n.sidx-actu-wrap{--sx-ink:#12151c;--sx-acc:#12664f;--sx-acc-soft:#eaf5f0;--sx-line:#e3e7ea;--sx-mut:#5b6672;font-family:'Inter',system-ui,sans-serif;color:var(--sx-ink);font-size:17px;line-height:1.65}\n.sidx-actu-wrap h2{font-family:'Newsreader','Inter',serif;font-weight:700;font-size:clamp(24px,3.2vw,33px);line-height:1.2;letter-spacing:-.015em;margin:46px 0 14px;color:var(--sx-ink)}\n.sidx-actu-wrap h3{font-family:'Newsreader','Inter',serif;font-weight:700;font-size:clamp(19px,2.2vw,22px);margin:26px 0 8px}\n.sidx-actu-dateline{font-family:'JetBrains Mono',ui-monospace,monospace;font-size:12.5px;letter-spacing:.02em;color:var(--sx-mut);border-top:3px solid var(--sx-acc);border-bottom:1px solid var(--sx-line);padding:11px 0 12px;margin:0 0 26px;display:flex;flex-wrap:wrap;gap:6px 16px;align-items:center}\n.sidx-actu-dateline b{color:var(--sx-acc);font-weight:700}\n.sidx-actu-brief{background:var(--sx-acc-soft);border:1px solid #cfe6dc;border-left:5px solid var(--sx-acc);border-radius:14px;padding:24px 26px;margin:26px 0 34px;box-shadow:0 1px 2px rgba(16,24,40,.05),0 12px 28px -18px rgba(16,24,40,.22)}\n.sidx-actu-kicker{display:block;font-family:'JetBrains Mono',ui-monospace,monospace;font-size:11.5px;font-weight:500;letter-spacing:.14em;text-transform:uppercase;color:var(--sx-acc);margin-bottom:10px}\n.sidx-actu-brief ul{margin:0;padding-left:20px}\n.sidx-actu-brief li{margin:7px 0}\n.sidx-actu-grid{display:grid;grid-template-columns:repeat(auto-fit,minmax(190px,1fr));gap:20px;margin:30px 0}\n.sidx-actu-card{background:#fff;border:1px solid var(--sx-line);border-top:3px solid var(--sx-acc);border-radius:12px;padding:20px 22px;transition:.25s ease}\n.sidx-actu-card:hover{transform:translateY(-3px);border-color:#bcd8cc;box-shadow:0 1px 2px rgba(16,24,40,.05),0 16px 30px -18px rgba(16,24,40,.3)}\n.sidx-actu-num{display:block;font-family:'Newsreader','Inter',serif;font-weight:700;font-size:32px;line-height:1.05;color:var(--sx-acc);letter-spacing:-.02em}\n.sidx-actu-lab{display:block;font-size:13.5px;color:var(--sx-mut);margin-top:7px}\n.sidx-actu-opinion{border:1px solid #e6d8c2;border-left:5px solid #b4762a;background:linear-gradient(135deg,#fdf7ee,#fff);border-radius:14px;padding:24px 26px;margin:30px 0}\n.sidx-actu-opinion .sidx-actu-kicker{color:#a06a20}\n.sidx-actu-quote{display:block;font-family:'Newsreader','Inter',serif;font-style:italic;font-size:clamp(19px,2.4vw,23px);line-height:1.45;margin:6px 0 12px}\n.sidx-actu-src{display:block;font-size:14px;color:var(--sx-mut)}\n.sidx-actu-src a{color:var(--sx-acc);text-decoration:underline;text-underline-offset:3px}\n.sidx-actu-keep{background:#12151c;color:#eef3f9;border-radius:14px;padding:24px 26px;margin:34px 0}\n.sidx-actu-keep .sidx-actu-kicker{color:#7fd8b6}\n.sidx-actu-keep ul{margin:0;padding-left:20px}\n.sidx-actu-keep li{color:#eef3f9!important;margin:8px 0}\n.sidx-actu-keep strong{color:#ffffff!important}\n.sidx-actu-keep a{color:#7fd8b6!important;text-decoration:underline}\n.sidx-actu-faq{border:1px solid var(--sx-line);border-radius:12px;margin:12px 0;overflow:hidden;transition:.25s ease}\n.sidx-actu-faq:hover{border-color:#bcd8cc;box-shadow:0 10px 24px -18px rgba(16,24,40,.35)}\n.sidx-actu-faq summary{cursor:pointer;list-style:none;padding:15px 20px;font-weight:600;font-size:16.5px;background:#fafbfb;display:flex;gap:11px;align-items:flex-start}\n.sidx-actu-faq summary::-webkit-details-marker{display:none}\n.sidx-actu-faq summary::before{content:\"\uff0b\";color:var(--sx-acc);font-weight:700;flex:none}\n.sidx-actu-faq[open] summary::before{content:\"\u2212\"}\n.sidx-actu-faq .sidx-actu-ans{padding:2px 20px 18px;font-size:16px;color:#333c47}\n.sidx-actu-note{border-top:1px solid var(--sx-line);margin-top:40px;padding-top:16px;font-size:14.5px;color:var(--sx-mut)}\n.sidx-actu-note a{color:var(--sx-acc)}\n@media(max-width:640px){.sidx-actu-grid{grid-template-columns:1fr}}\n<\/style>\n<div class=\"sidx-actu-wrap\">\n<div class=\"sidx-actu-dateline\"><span>Publi\u00e9 le <b>20 f\u00e9vrier 2025<\/b><\/span><span>Faits rev\u00e9rifi\u00e9s le <b>1\u1d49\u02b3 septembre 2026<\/b><\/span><span>Analyse r\u00e9trospective \u2014 la saison 2024-2025 est termin\u00e9e<\/span><\/div>\n<div class=\"sidx-actu-brief\"><span class=\"sidx-actu-kicker\">\u26a1 En bref \u2014 ce qui est \u00e9tabli<\/span><\/p>\n<ul>\n<li>Le <strong>19 f\u00e9vrier 2025<\/strong>, au Santiago-Bernab\u00e9u, le Real Madrid bat <strong>Manchester City 3-1<\/strong> et se qualifie pour les huiti\u00e8mes de finale de la Ligue des champions, apr\u00e8s un succ\u00e8s \u00e0 l&rsquo;aller le 11 f\u00e9vrier \u00e0 Manchester (Manchester City &#8211; Real Madrid : <strong>2-3<\/strong>), soit un score cumul\u00e9 de <strong>6-3<\/strong>.<\/li>\n<li><strong>Kylian Mbapp\u00e9 inscrit un tripl\u00e9<\/strong> lors du match retour.<\/li>\n<li>Cette double confrontation \u00e9tait un <strong>barrage<\/strong>, pas un huiti\u00e8me de finale : le Real avait termin\u00e9 la phase de ligue \u00e0 la <strong>11\u1d49 place<\/strong>.<\/li>\n<li>\u26a0\ufe0f Le titre de cet article \u2014 \u00ab les lumi\u00e8res de Mbapp\u00e9 \u00e9clipseraient-elles le Real ? \u00bb \u2014 reprend <strong>l&rsquo;angle d&rsquo;un d\u00e9brief vid\u00e9o d&rsquo;Eurosport<\/strong>. C&rsquo;est une <strong>opinion de journalistes<\/strong>, pas un fait mesur\u00e9. Elle est isol\u00e9e plus bas, dans son propre encart.<\/li>\n<\/ul>\n<\/div>\n<p>Lors du barrage retour de la Ligue des champions face \u00e0 Manchester City, Kylian Mbapp\u00e9 a inscrit un tripl\u00e9 et permis au Real Madrid de s&rsquo;imposer 3-1, validant sa qualification pour les huiti\u00e8mes de finale. Dans la foul\u00e9e, un d\u00e9brief d&rsquo;Eurosport a pos\u00e9 une question qui a fait le tour des r\u00e9dactions : les autres joueurs du Real sont-ils en train de s&rsquo;effacer derri\u00e8re lui ? Un an et demi plus tard, la question m\u00e9rite d&rsquo;\u00eatre reprise \u2014 mais en distinguant nettement ce que la feuille de match \u00e9tablit de ce qui n&rsquo;\u00e9tait qu&rsquo;une lecture de commentateurs.<\/p>\n<h2>Ce que la feuille de match \u00e9tablit<\/h2>\n<div class=\"sidx-actu-grid\">\n<div class=\"sidx-actu-card\"><span class=\"sidx-actu-num\">3-1<\/span><span class=\"sidx-actu-lab\">Real Madrid &#8211; Manchester City, retour du barrage, 19 f\u00e9vrier 2025<\/span><\/div>\n<div class=\"sidx-actu-card\"><span class=\"sidx-actu-num\">6-3<\/span><span class=\"sidx-actu-lab\">Score cumul\u00e9 sur les deux manches (Manchester City &#8211; Real Madrid 2-3 \u00e0 l&rsquo;aller, le 11 f\u00e9vrier)<\/span><\/div>\n<div class=\"sidx-actu-card\"><span class=\"sidx-actu-num\">3<\/span><span class=\"sidx-actu-lab\">Buts de Kylian Mbapp\u00e9 au match retour<\/span><\/div>\n<\/div>\n<p>C&rsquo;est tout ce que la rencontre permet d&rsquo;affirmer. Nous ne publions ici <strong>aucun total de buts sur la saison, aucun d\u00e9compte de passes d\u00e9cisives, aucune statistique d&rsquo;occasions cr\u00e9\u00e9es<\/strong> : la version initiale de cet article en avan\u00e7ait, sans que la source \u2014 la page vid\u00e9o d&rsquo;Eurosport dont il est tir\u00e9 \u2014 n&rsquo;en contienne une seule. Ces chiffres ont \u00e9t\u00e9 retir\u00e9s plut\u00f4t que corrig\u00e9s. Pour les statistiques \u00e0 jour d&rsquo;un joueur, la r\u00e9f\u00e9rence reste le site officiel de la comp\u00e9tition ou celui du club, jamais un article d&rsquo;archive.<img decoding=\"async\" width=\"1024\" height=\"576\" src=\"https:\/\/sport-index.fr\/blog\/wp-content\/uploads\/2025\/02\/stability-les-lumieres-de-kylian-mbappe-eclipseraient-elles-le-real-madrid-1.png\" class=\"aligncenter\" alt=\"Illustration d\u00e9taill\u00e9e sur Les lumi\u00e8res de Kylian Mbapp\u00e9 \u00e9clipseraient-elles le Real Madrid ?\" title=\"Les lumi\u00e8res de Kylian Mbapp\u00e9 \u00e9clipseraient-elles le Real Madrid ?\" loading=\"lazy\" \/><\/p>\n<p>Une pr\u00e9cision de contexte, elle aussi absente de la premi\u00e8re version : Kylian Mbapp\u00e9, n\u00e9 le 20 d\u00e9cembre 1998, avait 26 ans ce soir-l\u00e0 et disputait sa premi\u00e8re saison madril\u00e8ne apr\u00e8s son arriv\u00e9e \u00e0 l&rsquo;\u00e9t\u00e9 2024. Le pr\u00e9senter comme une \u00ab \u00e9toile montante \u00bb ou un \u00ab jeune prodige \u00bb \u00e9tait inexact \u2014 il \u00e9tait d\u00e9j\u00e0 champion du monde depuis 2018. La formule d&rsquo;Eurosport \u00e9tait d&rsquo;ailleurs plus juste : Mbapp\u00e9 y \u00ab d\u00e9montrait encore qu&rsquo;il \u00e9tait redevenu le joueur de foot qu&rsquo;il \u00e9tait \u00bb. Un retour \u00e0 son niveau, pas une \u00e9closion.<\/p>\n<h2>Pourquoi ce match avait lieu : la raison est comptable, pas psychologique<\/h2>\n<p>La premi\u00e8re version de cet article expliquait la soir\u00e9e par des ressorts d&rsquo;ego et d&rsquo;\u00ab ombre \u00bb. La cause r\u00e9elle de ce Real &#8211; City de f\u00e9vrier est beaucoup plus prosa\u00efque, et elle tient au format inaugur\u00e9 cette saison-l\u00e0. Dans la nouvelle phase de ligue \u00e0 36 \u00e9quipes, seuls les huit premiers filaient directement en huiti\u00e8mes de finale ; les \u00e9quipes class\u00e9es de la 9\u1d49 \u00e0 la 24\u1d49 place devaient passer par un barrage \u00e0 \u00e9limination directe.<\/p>\n<p>Le Real Madrid avait termin\u00e9 cette phase de ligue \u00e0 la <strong>11\u1d49 place, avec 15 points<\/strong>. C&rsquo;est cela, et rien d&rsquo;autre, qui l&rsquo;a envoy\u00e9 affronter Manchester City d\u00e8s f\u00e9vrier au lieu de l&rsquo;attendre en huiti\u00e8mes. Le \u00ab match d\u00e9cisif \u00bb n&rsquo;\u00e9tait pas un rendez-vous du destin : c&rsquo;\u00e9tait la sanction arithm\u00e9tique d&rsquo;un premier tour manqu\u00e9. Toute lecture qui part des personnalit\u00e9s sans mentionner ce classement raconte l&rsquo;histoire \u00e0 l&rsquo;envers.<\/p>\n<h2>Ce qui relevait de l&rsquo;opinion \u2014 et de qui elle venait<\/h2>\n<div class=\"sidx-actu-opinion\"><span class=\"sidx-actu-kicker\">\ud83d\udde3 Opinion, pas constat<\/span><br \/>\n<span class=\"sidx-actu-quote\">\u00ab Au Real Madrid, tout le monde est en train de s&rsquo;effacer au profit de Kylian Mbapp\u00e9 \u00bb<\/span><br \/>\n<span class=\"sidx-actu-src\">Titre du d\u00e9brief vid\u00e9o publi\u00e9 par <a href=\"https:\/\/www.eurosport.fr\/football\/ligue-des-champions\/2024-2025\/ligue-des-champions-au-real-madrid-tout-le-monde-est-en-train-de-seffacer-au-profit-de-kylian-mbappe_vid2325683\/video.shtml\" target=\"_blank\" rel=\"noopener nofollow\">Eurosport<\/a> le 20 f\u00e9vrier 2025, \u00e9mission anim\u00e9e par Cyril Morin et Arthur Merle. Nous n&rsquo;avons pas pu identifier avec certitude lequel des deux journalistes prononce cette phrase : elle est donc attribu\u00e9e \u00e0 la r\u00e9daction, et \u00e0 personne d&rsquo;autre.<\/span><\/div>\n<p>Cette phrase est le point de d\u00e9part de tout l&rsquo;article. Il faut donc dire ce qu&rsquo;elle est : le jugement de deux commentateurs, apr\u00e8s une rencontre, sur un plateau de d\u00e9brief. Ce n&rsquo;est ni une d\u00e9claration d&rsquo;un joueur, ni une prise de position du club, ni une mesure de performance collective.<\/p>\n<p>La version pr\u00e9c\u00e9dente de ce texte faisait dire cette opinion \u00e0 des instances qui n&rsquo;existent pas. Elle affirmait que \u00ab les observateurs du football sont unanimes \u00bb, que \u00ab les fans et les analystes s&rsquo;accordent \u00e0 dire \u00bb que la victoire serait un tournant, et elle citait entre guillemets \u00ab certains experts du football \u00bb pour une phrase sur la synergie d&rsquo;\u00e9quipe. <strong>Aucune de ces trois attributions n&rsquo;a de source<\/strong> : ni la page d&rsquo;Eurosport, ni aucun autre document n&rsquo;en porte trace. La citation entre guillemets a \u00e9t\u00e9 retir\u00e9e, pas r\u00e9\u00e9crite \u2014 une phrase sans locuteur identifi\u00e9 n&rsquo;a pas sa place entre des guillemets. Il en va de m\u00eame du passage pr\u00eatant aux dirigeants du Real une \u00ab conscience \u00bb de la situation : personne n&rsquo;a rapport\u00e9 leurs propos.<\/p>\n<h2>Ce que la saison a effectivement r\u00e9pondu<\/h2>\n<p>Ce texte se terminait sur une s\u00e9rie de promesses au futur \u2014 \u00ab les prochaines semaines seront cruciales \u00bb, \u00ab cette victoire pourrait \u00eatre le tournant de la saison \u00bb, \u00ab l&rsquo;avenir du Real d\u00e9pendra\u2026 \u00bb. Ces phrases n&rsquo;ont plus de sens : la saison 2024-2025 est achev\u00e9e depuis longtemps, et l&rsquo;on peut aujourd&rsquo;hui confronter le pronostic aux r\u00e9sultats.<\/p>\n<p>Le Real Madrid n&rsquo;est pas all\u00e9 au bout. Il a \u00e9t\u00e9 \u00e9limin\u00e9 <strong>en quart de finale par Arsenal<\/strong>, battu sur un cumul de <strong>1-5<\/strong>. En Liga, il a termin\u00e9 <strong>deuxi\u00e8me avec 84 points<\/strong>, derri\u00e8re le FC Barcelone et ses 88 points. La Ligue des champions 2024-2025 a \u00e9t\u00e9 remport\u00e9e par le <strong>Paris Saint-Germain<\/strong>, vainqueur de l&rsquo;Inter Milan 5-0 en finale, le 31 mai 2025 \u00e0 Munich. Sur le plan individuel, en revanche, la premi\u00e8re saison madril\u00e8ne de Mbapp\u00e9 s&rsquo;est sold\u00e9e par le <strong>Pichichi<\/strong> et le <strong>Soulier d&rsquo;or europ\u00e9en<\/strong>.<\/p>\n<p>Un dernier point, parce qu&rsquo;un r\u00f4le se p\u00e9rime : <strong>Carlo Ancelotti<\/strong>, entra\u00eeneur du Real au moment de ce match, a quitt\u00e9 le club le 25 mai 2025. <strong>Xabi Alonso<\/strong> lui a succ\u00e9d\u00e9 le 1\u1d49\u02b3 juin 2025. Si vous lisez cet article pour savoir qui dirige aujourd&rsquo;hui le Real Madrid, v\u00e9rifiez la composition actuelle du staff : cette page n&rsquo;est pas une source d&rsquo;actualit\u00e9.<\/p>\n<div class=\"sidx-actu-keep\"><span class=\"sidx-actu-kicker\">\ud83c\udfaf \u00c0 retenir<\/span><\/p>\n<ul>\n<li><strong>\u00c9tabli :<\/strong> Real Madrid &#8211; Manchester City 3-1 le 19 f\u00e9vrier 2025, 6-3 sur les deux manches, tripl\u00e9 de Mbapp\u00e9, qualification en huiti\u00e8mes.<\/li>\n<li><strong>\u00c9tabli :<\/strong> c&rsquo;\u00e9tait un barrage, cons\u00e9quence d&rsquo;une 11\u1d49 place (15 points) en phase de ligue.<\/li>\n<li><strong>Opinion :<\/strong> l&rsquo;id\u00e9e que \u00ab tout le monde s&rsquo;efface \u00bb derri\u00e8re Mbapp\u00e9 vient d&rsquo;un titre de d\u00e9brief d&rsquo;Eurosport. Elle n&rsquo;engage que sa r\u00e9daction.<\/li>\n<li><strong>Retir\u00e9 :<\/strong> une citation sans locuteur, deux appels \u00e0 un consensus inexistant, et des statistiques d&rsquo;occasions cr\u00e9\u00e9es qui n&rsquo;ont jamais eu de source.<\/li>\n<li><strong>\u00c9pilogue :<\/strong> \u00e9limination en quart par Arsenal (1-5), 2\u1d49 de Liga, titre europ\u00e9en pour le PSG.<\/li>\n<\/ul>\n<\/div>\n<h2>Questions fr\u00e9quentes<\/h2>\n<details class=\"sidx-actu-faq\">\n<summary>Quel \u00e9tait le score de Real Madrid &#8211; Manchester City en f\u00e9vrier 2025 ?<\/summary>\n<div class=\"sidx-actu-ans\">Le Real Madrid s&rsquo;est impos\u00e9 3-1 au match retour, le 19 f\u00e9vrier 2025, apr\u00e8s le match aller disput\u00e9 \u00e0 Manchester le 11 f\u00e9vrier, remport\u00e9 lui aussi par les Madril\u00e8nes (Manchester City &#8211; Real Madrid : 2-3). Cumul sur les deux manches : 6-3 pour le Real.<\/div>\n<\/details>\n<details class=\"sidx-actu-faq\">\n<summary>Combien de buts Kylian Mbapp\u00e9 a-t-il marqu\u00e9s dans ce match ?<\/summary>\n<div class=\"sidx-actu-ans\">Trois \u2014 un tripl\u00e9 lors du match retour. C&rsquo;est le seul d\u00e9compte de buts que cet article avance, parce que c&rsquo;est le seul que la source d&rsquo;origine documente.<\/div>\n<\/details>\n<details class=\"sidx-actu-faq\">\n<summary>Pourquoi le Real Madrid jouait-il un barrage et non un huiti\u00e8me de finale ?<\/summary>\n<div class=\"sidx-actu-ans\">Parce qu&rsquo;il avait termin\u00e9 11\u1d49 de la phase de ligue avec 15 points. Dans le format \u00e0 36 \u00e9quipes, seuls les huit premiers \u00e9taient qualifi\u00e9s d&rsquo;office pour les huiti\u00e8mes ; les 9\u1d49 \u00e0 24\u1d49 disputaient un barrage aller-retour.<\/div>\n<\/details>\n<details class=\"sidx-actu-faq\">\n<summary>Qui a dit que tout le monde s&rsquo;effa\u00e7ait derri\u00e8re Mbapp\u00e9 ?<\/summary>\n<div class=\"sidx-actu-ans\">La formule est le titre d&rsquo;un d\u00e9brief vid\u00e9o d&rsquo;Eurosport du 20 f\u00e9vrier 2025, anim\u00e9 par Cyril Morin et Arthur Merle. Elle n&rsquo;est attribuable \u00e0 aucun joueur, entra\u00eeneur ou dirigeant du Real Madrid.<\/div>\n<\/details>\n<details class=\"sidx-actu-faq\">\n<summary>Comment s&rsquo;est termin\u00e9e la saison 2024-2025 du Real Madrid ?<\/summary>\n<div class=\"sidx-actu-ans\">Par une \u00e9limination en quart de finale de Ligue des champions face \u00e0 Arsenal (1-5 en cumul\u00e9) et une deuxi\u00e8me place en Liga (84 points, contre 88 au FC Barcelone). Le PSG a remport\u00e9 la comp\u00e9tition europ\u00e9enne.<\/div>\n<\/details>\n<div class=\"sidx-actu-note\">Source d&rsquo;origine de cet article : la page vid\u00e9o <a href=\"https:\/\/www.eurosport.fr\/football\/ligue-des-champions\/2024-2025\/ligue-des-champions-au-real-madrid-tout-le-monde-est-en-train-de-seffacer-au-profit-de-kylian-mbappe_vid2325683\/video.shtml\" target=\"_blank\" rel=\"noopener nofollow\">\u00ab Au Real Madrid, tout le monde est en train de s&rsquo;effacer au profit de Kylian Mbapp\u00e9 \u00bb<\/a> (Eurosport, 20 f\u00e9vrier 2025), dont seuls le titre et le chap\u00f4 \u00e9taient exploitables. Les \u00e9l\u00e9ments de contexte ajout\u00e9s en 2026 (classement de la phase de ligue, parcours europ\u00e9en, classement en Liga, changement d&rsquo;entra\u00eeneur, distinctions individuelles) ont \u00e9t\u00e9 rev\u00e9rifi\u00e9s le 1\u1d49\u02b3 septembre 2026. Les commentaires publi\u00e9s sous cet article datent de 2025 et portent sur sa version initiale.<\/div>\n<\/div>\n","protected":false},"excerpt":{"rendered":"","protected":false},"author":34,"featured_media":9751,"comment_status":"open","ping_status":"open","sticky":false,"template":"","format":"standard","meta":{"_acf_changed":false,"manual_indexmenow":false,"indexmenow_id_project":0,"footnotes":""},"categories":[1],"tags":[],"class_list":["post-9750","post","type-post","status-publish","format-standard","has-post-thumbnail","hentry","category-a-la-une","generate-columns","tablet-grid-50","mobile-grid-100","grid-parent","grid-25"],"acf":[],"yoast_head":"<!-- This site is optimized with the Yoast SEO Premium plugin v21.3 (Yoast SEO v26.5) - https:\/\/yoast.com\/wordpress\/plugins\/seo\/ -->\n<title>Les lumi\u00e8res de Kylian Mbapp\u00e9 \u00e9clipseraient-elles le Real<\/title>\n<meta name=\"description\" content=\"Real Madrid - Manchester City 3-1 (19 f\u00e9vrier 2025) : tripl\u00e9 de Mbapp\u00e9, qualification en huiti\u00e8mes. Ce qui est \u00e9tabli, et ce qui n&#039;\u00e9tait qu&#039;une opinion.\" \/>\n<meta name=\"robots\" content=\"index, follow, max-snippet:-1, max-image-preview:large, max-video-preview:-1\" \/>\n<link rel=\"canonical\" href=\"https:\/\/sport-index.fr\/blog\/a-la-une\/les-lumieres-de-kylian-mbappe-eclipseraient-elles-le-real-madrid\/\" \/>\n<meta property=\"og:locale\" content=\"fr_FR\" \/>\n<meta property=\"og:type\" content=\"article\" \/>\n<meta property=\"og:title\" content=\"Les lumi\u00e8res de Kylian Mbapp\u00e9 \u00e9clipseraient-elles le Real\" \/>\n<meta property=\"og:description\" content=\"Real Madrid - Manchester City 3-1 (19 f\u00e9vrier 2025) : tripl\u00e9 de Mbapp\u00e9, qualification en huiti\u00e8mes. Ce qui est \u00e9tabli, et ce qui n&#039;\u00e9tait qu&#039;une opinion.\" \/>\n<meta property=\"og:url\" content=\"https:\/\/sport-index.fr\/blog\/a-la-une\/les-lumieres-de-kylian-mbappe-eclipseraient-elles-le-real-madrid\/\" \/>\n<meta property=\"og:site_name\" content=\"sport-index\" \/>\n<meta property=\"og:image\" content=\"https:\/\/sport-index.fr\/blog\/wp-content\/uploads\/2025\/02\/stability-les-lumieres-de-kylian-mbappe-eclipseraient-elles-le-real-madrid.png\" \/>\n\t<meta property=\"og:image:width\" content=\"1024\" \/>\n\t<meta property=\"og:image:height\" content=\"576\" \/>\n\t<meta property=\"og:image:type\" content=\"image\/png\" \/>\n<meta name=\"author\" content=\"Axel Lauzier\" \/>\n<meta name=\"twitter:card\" content=\"summary_large_image\" \/>\n<script type=\"application\/ld+json\" class=\"yoast-schema-graph\">{\"@context\":\"https:\/\/schema.org\",\"@graph\":[{\"@type\":\"NewsArticle\",\"@id\":\"https:\/\/sport-index.fr\/blog\/a-la-une\/les-lumieres-de-kylian-mbappe-eclipseraient-elles-le-real-madrid\/#article\",\"isPartOf\":{\"@id\":\"https:\/\/sport-index.fr\/blog\/a-la-une\/les-lumieres-de-kylian-mbappe-eclipseraient-elles-le-real-madrid\/\"},\"author\":{\"name\":\"Axel Lauzier\",\"@id\":\"https:\/\/sport-index.fr\/blog\/#\/schema\/person\/3c864cdc320801e3db34b663e7e3f816\"},\"headline\":\"Les lumi\u00e8res de Kylian Mbapp\u00e9 \u00e9clipseraient-elles le Real Madrid ?\",\"datePublished\":\"2026-09-01T15:40:15+00:00\",\"mainEntityOfPage\":{\"@id\":\"https:\/\/sport-index.fr\/blog\/a-la-une\/les-lumieres-de-kylian-mbappe-eclipseraient-elles-le-real-madrid\/\"},\"wordCount\":1600,\"commentCount\":21,\"publisher\":{\"@id\":\"https:\/\/sport-index.fr\/blog\/#organization\"},\"image\":{\"@id\":\"https:\/\/sport-index.fr\/blog\/a-la-une\/les-lumieres-de-kylian-mbappe-eclipseraient-elles-le-real-madrid\/#primaryimage\"},\"thumbnailUrl\":\"https:\/\/sport-index.fr\/blog\/wp-content\/uploads\/2025\/02\/stability-les-lumieres-de-kylian-mbappe-eclipseraient-elles-le-real-madrid.png\",\"articleSection\":[\"\u00c0 la une\"],\"inLanguage\":\"fr-FR\",\"potentialAction\":[{\"@type\":\"CommentAction\",\"name\":\"Comment\",\"target\":[\"https:\/\/sport-index.fr\/blog\/a-la-une\/les-lumieres-de-kylian-mbappe-eclipseraient-elles-le-real-madrid\/#respond\"]}]},{\"@type\":\"WebPage\",\"@id\":\"https:\/\/sport-index.fr\/blog\/a-la-une\/les-lumieres-de-kylian-mbappe-eclipseraient-elles-le-real-madrid\/\",\"url\":\"https:\/\/sport-index.fr\/blog\/a-la-une\/les-lumieres-de-kylian-mbappe-eclipseraient-elles-le-real-madrid\/\",\"name\":\"Les lumi\u00e8res de Kylian Mbapp\u00e9 \u00e9clipseraient-elles le Real\",\"isPartOf\":{\"@id\":\"https:\/\/sport-index.fr\/blog\/#website\"},\"primaryImageOfPage\":{\"@id\":\"https:\/\/sport-index.fr\/blog\/a-la-une\/les-lumieres-de-kylian-mbappe-eclipseraient-elles-le-real-madrid\/#primaryimage\"},\"image\":{\"@id\":\"https:\/\/sport-index.fr\/blog\/a-la-une\/les-lumieres-de-kylian-mbappe-eclipseraient-elles-le-real-madrid\/#primaryimage\"},\"thumbnailUrl\":\"https:\/\/sport-index.fr\/blog\/wp-content\/uploads\/2025\/02\/stability-les-lumieres-de-kylian-mbappe-eclipseraient-elles-le-real-madrid.png\",\"datePublished\":\"2026-09-01T15:40:15+00:00\",\"description\":\"Real Madrid - Manchester City 3-1 (19 f\u00e9vrier 2025) : tripl\u00e9 de Mbapp\u00e9, qualification en huiti\u00e8mes. Ce qui est \u00e9tabli, et ce qui n'\u00e9tait qu'une opinion.\",\"inLanguage\":\"fr-FR\",\"potentialAction\":[{\"@type\":\"ReadAction\",\"target\":[\"https:\/\/sport-index.fr\/blog\/a-la-une\/les-lumieres-de-kylian-mbappe-eclipseraient-elles-le-real-madrid\/\"]}]},{\"@type\":\"ImageObject\",\"inLanguage\":\"fr-FR\",\"@id\":\"https:\/\/sport-index.fr\/blog\/a-la-une\/les-lumieres-de-kylian-mbappe-eclipseraient-elles-le-real-madrid\/#primaryimage\",\"url\":\"https:\/\/sport-index.fr\/blog\/wp-content\/uploads\/2025\/02\/stability-les-lumieres-de-kylian-mbappe-eclipseraient-elles-le-real-madrid.png\",\"contentUrl\":\"https:\/\/sport-index.fr\/blog\/wp-content\/uploads\/2025\/02\/stability-les-lumieres-de-kylian-mbappe-eclipseraient-elles-le-real-madrid.png\",\"width\":1024,\"height\":576},{\"@type\":\"WebSite\",\"@id\":\"https:\/\/sport-index.fr\/blog\/#website\",\"url\":\"https:\/\/sport-index.fr\/blog\/\",\"name\":\"sport-index.fr\",\"description\":\"Le score de l\u2019analyse sportive.\",\"publisher\":{\"@id\":\"https:\/\/sport-index.fr\/blog\/#organization\"},\"alternateName\":\"Le score de l\u2019analyse sportive.\",\"potentialAction\":[{\"@type\":\"SearchAction\",\"target\":{\"@type\":\"EntryPoint\",\"urlTemplate\":\"https:\/\/sport-index.fr\/blog\/?s={search_term_string}\"},\"query-input\":{\"@type\":\"PropertyValueSpecification\",\"valueRequired\":true,\"valueName\":\"search_term_string\"}}],\"inLanguage\":\"fr-FR\"},{\"@type\":\"Organization\",\"@id\":\"https:\/\/sport-index.fr\/blog\/#organization\",\"name\":\"Foretsensations.fr\",\"url\":\"https:\/\/sport-index.fr\/blog\/\",\"logo\":{\"@type\":\"ImageObject\",\"inLanguage\":\"fr-FR\",\"@id\":\"https:\/\/sport-index.fr\/blog\/#\/schema\/logo\/image\/\",\"url\":\"https:\/\/sport-index.fr\/blog\/wp-content\/uploads\/2026\/07\/logo-auto.png\",\"contentUrl\":\"https:\/\/sport-index.fr\/blog\/wp-content\/uploads\/2026\/07\/logo-auto.png\",\"width\":1024,\"height\":1024,\"caption\":\"Foretsensations.fr\"},\"image\":{\"@id\":\"https:\/\/sport-index.fr\/blog\/#\/schema\/logo\/image\/\"}},{\"@type\":\"Person\",\"@id\":\"https:\/\/sport-index.fr\/blog\/#\/schema\/person\/3c864cdc320801e3db34b663e7e3f816\",\"name\":\"Axel Lauzier\",\"image\":{\"@type\":\"ImageObject\",\"inLanguage\":\"fr-FR\",\"@id\":\"https:\/\/sport-index.fr\/blog\/#\/schema\/person\/image\/\",\"url\":\"https:\/\/sport-index.fr\/blog\/wp-content\/uploads\/2026\/06\/persona_axel-l-96x96.jpg\",\"contentUrl\":\"https:\/\/sport-index.fr\/blog\/wp-content\/uploads\/2026\/06\/persona_axel-l-96x96.jpg\",\"caption\":\"Axel Lauzier\"},\"description\":\"Le sport rythme mon quotidien depuis l'enfance, et j'en ai fait mon m\u00e9tier d'analyste r\u00e9dactionnel il y a une dizaine d'ann\u00e9es. Je couvre principalement le football, son actualit\u00e9, ses transferts et l'analyse tactique des grandes affiches, mais aussi les disciplines plus confidentielles que j'aime remettre en lumi\u00e8re. Une partie de mon travail porte sur les pronostics et la lecture statistique d'un match : forme des \u00e9quipes, historique des confrontations, compositions, sans jamais vendre de fausse certitude. Je rappelle syst\u00e9matiquement que parier comporte un risque et doit rester un loisir ma\u00eetris\u00e9. Avant de signer une analyse, je v\u00e9rifie mes chiffres, je recoupe les compositions probables et je distingue toujours la donn\u00e9e brute de l'intuition. Mon objectif : offrir une lecture honn\u00eate et argument\u00e9e, pas un ticket gagnant garanti.\",\"sameAs\":[\"https:\/\/axellauzier.fr\/\"],\"url\":\"https:\/\/sport-index.fr\/blog\/auteur\/noname\/\"}]}<\/script>\n<!-- \/ Yoast SEO Premium plugin. -->","yoast_head_json":{"title":"Les lumi\u00e8res de Kylian Mbapp\u00e9 \u00e9clipseraient-elles le Real","description":"Real Madrid - Manchester City 3-1 (19 f\u00e9vrier 2025) : tripl\u00e9 de Mbapp\u00e9, qualification en huiti\u00e8mes. Ce qui est \u00e9tabli, et ce qui n'\u00e9tait qu'une opinion.","robots":{"index":"index","follow":"follow","max-snippet":"max-snippet:-1","max-image-preview":"max-image-preview:large","max-video-preview":"max-video-preview:-1"},"canonical":"https:\/\/sport-index.fr\/blog\/a-la-une\/les-lumieres-de-kylian-mbappe-eclipseraient-elles-le-real-madrid\/","og_locale":"fr_FR","og_type":"article","og_title":"Les lumi\u00e8res de Kylian Mbapp\u00e9 \u00e9clipseraient-elles le Real","og_description":"Real Madrid - Manchester City 3-1 (19 f\u00e9vrier 2025) : tripl\u00e9 de Mbapp\u00e9, qualification en huiti\u00e8mes. Ce qui est \u00e9tabli, et ce qui n'\u00e9tait qu'une opinion.","og_url":"https:\/\/sport-index.fr\/blog\/a-la-une\/les-lumieres-de-kylian-mbappe-eclipseraient-elles-le-real-madrid\/","og_site_name":"sport-index","og_image":[{"width":1024,"height":576,"url":"https:\/\/sport-index.fr\/blog\/wp-content\/uploads\/2025\/02\/stability-les-lumieres-de-kylian-mbappe-eclipseraient-elles-le-real-madrid.png","type":"image\/png"}],"author":"Axel Lauzier","twitter_card":"summary_large_image","schema":{"@context":"https:\/\/schema.org","@graph":[{"@type":"NewsArticle","@id":"https:\/\/sport-index.fr\/blog\/a-la-une\/les-lumieres-de-kylian-mbappe-eclipseraient-elles-le-real-madrid\/#article","isPartOf":{"@id":"https:\/\/sport-index.fr\/blog\/a-la-une\/les-lumieres-de-kylian-mbappe-eclipseraient-elles-le-real-madrid\/"},"author":{"name":"Axel Lauzier","@id":"https:\/\/sport-index.fr\/blog\/#\/schema\/person\/3c864cdc320801e3db34b663e7e3f816"},"headline":"Les lumi\u00e8res de Kylian Mbapp\u00e9 \u00e9clipseraient-elles le Real Madrid ?","datePublished":"2026-09-01T15:40:15+00:00","mainEntityOfPage":{"@id":"https:\/\/sport-index.fr\/blog\/a-la-une\/les-lumieres-de-kylian-mbappe-eclipseraient-elles-le-real-madrid\/"},"wordCount":1600,"commentCount":21,"publisher":{"@id":"https:\/\/sport-index.fr\/blog\/#organization"},"image":{"@id":"https:\/\/sport-index.fr\/blog\/a-la-une\/les-lumieres-de-kylian-mbappe-eclipseraient-elles-le-real-madrid\/#primaryimage"},"thumbnailUrl":"https:\/\/sport-index.fr\/blog\/wp-content\/uploads\/2025\/02\/stability-les-lumieres-de-kylian-mbappe-eclipseraient-elles-le-real-madrid.png","articleSection":["\u00c0 la une"],"inLanguage":"fr-FR","potentialAction":[{"@type":"CommentAction","name":"Comment","target":["https:\/\/sport-index.fr\/blog\/a-la-une\/les-lumieres-de-kylian-mbappe-eclipseraient-elles-le-real-madrid\/#respond"]}]},{"@type":"WebPage","@id":"https:\/\/sport-index.fr\/blog\/a-la-une\/les-lumieres-de-kylian-mbappe-eclipseraient-elles-le-real-madrid\/","url":"https:\/\/sport-index.fr\/blog\/a-la-une\/les-lumieres-de-kylian-mbappe-eclipseraient-elles-le-real-madrid\/","name":"Les lumi\u00e8res de Kylian Mbapp\u00e9 \u00e9clipseraient-elles le Real","isPartOf":{"@id":"https:\/\/sport-index.fr\/blog\/#website"},"primaryImageOfPage":{"@id":"https:\/\/sport-index.fr\/blog\/a-la-une\/les-lumieres-de-kylian-mbappe-eclipseraient-elles-le-real-madrid\/#primaryimage"},"image":{"@id":"https:\/\/sport-index.fr\/blog\/a-la-une\/les-lumieres-de-kylian-mbappe-eclipseraient-elles-le-real-madrid\/#primaryimage"},"thumbnailUrl":"https:\/\/sport-index.fr\/blog\/wp-content\/uploads\/2025\/02\/stability-les-lumieres-de-kylian-mbappe-eclipseraient-elles-le-real-madrid.png","datePublished":"2026-09-01T15:40:15+00:00","description":"Real Madrid - Manchester City 3-1 (19 f\u00e9vrier 2025) : tripl\u00e9 de Mbapp\u00e9, qualification en huiti\u00e8mes. Ce qui est \u00e9tabli, et ce qui n'\u00e9tait qu'une opinion.","inLanguage":"fr-FR","potentialAction":[{"@type":"ReadAction","target":["https:\/\/sport-index.fr\/blog\/a-la-une\/les-lumieres-de-kylian-mbappe-eclipseraient-elles-le-real-madrid\/"]}]},{"@type":"ImageObject","inLanguage":"fr-FR","@id":"https:\/\/sport-index.fr\/blog\/a-la-une\/les-lumieres-de-kylian-mbappe-eclipseraient-elles-le-real-madrid\/#primaryimage","url":"https:\/\/sport-index.fr\/blog\/wp-content\/uploads\/2025\/02\/stability-les-lumieres-de-kylian-mbappe-eclipseraient-elles-le-real-madrid.png","contentUrl":"https:\/\/sport-index.fr\/blog\/wp-content\/uploads\/2025\/02\/stability-les-lumieres-de-kylian-mbappe-eclipseraient-elles-le-real-madrid.png","width":1024,"height":576},{"@type":"WebSite","@id":"https:\/\/sport-index.fr\/blog\/#website","url":"https:\/\/sport-index.fr\/blog\/","name":"sport-index.fr","description":"Le score de l\u2019analyse sportive.","publisher":{"@id":"https:\/\/sport-index.fr\/blog\/#organization"},"alternateName":"Le score de l\u2019analyse sportive.","potentialAction":[{"@type":"SearchAction","target":{"@type":"EntryPoint","urlTemplate":"https:\/\/sport-index.fr\/blog\/?s={search_term_string}"},"query-input":{"@type":"PropertyValueSpecification","valueRequired":true,"valueName":"search_term_string"}}],"inLanguage":"fr-FR"},{"@type":"Organization","@id":"https:\/\/sport-index.fr\/blog\/#organization","name":"Foretsensations.fr","url":"https:\/\/sport-index.fr\/blog\/","logo":{"@type":"ImageObject","inLanguage":"fr-FR","@id":"https:\/\/sport-index.fr\/blog\/#\/schema\/logo\/image\/","url":"https:\/\/sport-index.fr\/blog\/wp-content\/uploads\/2026\/07\/logo-auto.png","contentUrl":"https:\/\/sport-index.fr\/blog\/wp-content\/uploads\/2026\/07\/logo-auto.png","width":1024,"height":1024,"caption":"Foretsensations.fr"},"image":{"@id":"https:\/\/sport-index.fr\/blog\/#\/schema\/logo\/image\/"}},{"@type":"Person","@id":"https:\/\/sport-index.fr\/blog\/#\/schema\/person\/3c864cdc320801e3db34b663e7e3f816","name":"Axel Lauzier","image":{"@type":"ImageObject","inLanguage":"fr-FR","@id":"https:\/\/sport-index.fr\/blog\/#\/schema\/person\/image\/","url":"https:\/\/sport-index.fr\/blog\/wp-content\/uploads\/2026\/06\/persona_axel-l-96x96.jpg","contentUrl":"https:\/\/sport-index.fr\/blog\/wp-content\/uploads\/2026\/06\/persona_axel-l-96x96.jpg","caption":"Axel Lauzier"},"description":"Le sport rythme mon quotidien depuis l'enfance, et j'en ai fait mon m\u00e9tier d'analyste r\u00e9dactionnel il y a une dizaine d'ann\u00e9es. Je couvre principalement le football, son actualit\u00e9, ses transferts et l'analyse tactique des grandes affiches, mais aussi les disciplines plus confidentielles que j'aime remettre en lumi\u00e8re. Une partie de mon travail porte sur les pronostics et la lecture statistique d'un match : forme des \u00e9quipes, historique des confrontations, compositions, sans jamais vendre de fausse certitude. Je rappelle syst\u00e9matiquement que parier comporte un risque et doit rester un loisir ma\u00eetris\u00e9. Avant de signer une analyse, je v\u00e9rifie mes chiffres, je recoupe les compositions probables et je distingue toujours la donn\u00e9e brute de l'intuition. Mon objectif : offrir une lecture honn\u00eate et argument\u00e9e, pas un ticket gagnant garanti.","sameAs":["https:\/\/axellauzier.fr\/"],"url":"https:\/\/sport-index.fr\/blog\/auteur\/noname\/"}]}},"_links":{"self":[{"href":"https:\/\/sport-index.fr\/blog\/wp-json\/wp\/v2\/posts\/9750","targetHints":{"allow":["GET"]}}],"collection":[{"href":"https:\/\/sport-index.fr\/blog\/wp-json\/wp\/v2\/posts"}],"about":[{"href":"https:\/\/sport-index.fr\/blog\/wp-json\/wp\/v2\/types\/post"}],"author":[{"embeddable":true,"href":"https:\/\/sport-index.fr\/blog\/wp-json\/wp\/v2\/users\/34"}],"replies":[{"embeddable":true,"href":"https:\/\/sport-index.fr\/blog\/wp-json\/wp\/v2\/comments?post=9750"}],"version-history":[{"count":3,"href":"https:\/\/sport-index.fr\/blog\/wp-json\/wp\/v2\/posts\/9750\/revisions"}],"predecessor-version":[{"id":18363,"href":"https:\/\/sport-index.fr\/blog\/wp-json\/wp\/v2\/posts\/9750\/revisions\/18363"}],"wp:featuredmedia":[{"embeddable":true,"href":"https:\/\/sport-index.fr\/blog\/wp-json\/wp\/v2\/media\/9751"}],"wp:attachment":[{"href":"https:\/\/sport-index.fr\/blog\/wp-json\/wp\/v2\/media?parent=9750"}],"wp:term":[{"taxonomy":"category","embeddable":true,"href":"https:\/\/sport-index.fr\/blog\/wp-json\/wp\/v2\/categories?post=9750"},{"taxonomy":"post_tag","embeddable":true,"href":"https:\/\/sport-index.fr\/blog\/wp-json\/wp\/v2\/tags?post=9750"}],"curies":[{"name":"wp","href":"https:\/\/api.w.org\/{rel}","templated":true}]}}