{"id":9757,"date":"2025-02-20T11:52:54","date_gmt":"2025-02-20T10:52:54","guid":{"rendered":"https:\/\/sport-index.fr\/blog\/?p=9757"},"modified":"2025-02-20T03:03:18","modified_gmt":"2025-02-20T02:03:18","slug":"une-premiere-etape-contestee-arnaud-de-lie-critique-un-coureur-inattentif","status":"publish","type":"post","link":"https:\/\/sport-index.fr\/blog\/a-la-une\/une-premiere-etape-contestee-arnaud-de-lie-critique-un-coureur-inattentif\/","title":{"rendered":"Une premi\u00e8re \u00e9tape contest\u00e9e : Arnaud De Lie critique un coureur inattentif"},"content":{"rendered":"<h2>Une course marqu\u00e9e par l&rsquo;erreur<\/h2>\n<p>Le Tour de l&rsquo;Algarve a r\u00e9cemment \u00e9t\u00e9 le th\u00e9\u00e2tre d&rsquo;un incident qui a fait couler beaucoup d&rsquo;encre. Lors de la premi\u00e8re \u00e9tape, un coureur a pris un mauvais tournant, provoquant l&rsquo;annulation de la course \u00e0 Lagos. Arnaud De Lie, le champion de Belgique, n&rsquo;a pas tard\u00e9 \u00e0 r\u00e9agir, soulignant que cette erreur \u00e9tait inacceptable pour un comp\u00e9titeur exp\u00e9riment\u00e9.<\/p>\n<p>De Lie a exprim\u00e9 son indignation face \u00e0 cette situation, affirmant que \u00ab\u00a0le premier coureur n&rsquo;a jamais d\u00fb regarder une course de v\u00e9lo de sa vie.\u00a0\u00bb Cette d\u00e9claration t\u00e9moigne de l&rsquo;impact que cet incident a eu sur lui et sur ses co\u00e9quipiers. Les coureurs s&rsquo;attendent \u00e0 un respect des r\u00e8gles et des connaissances de base sur le parcours, surtout lors d&rsquo;\u00e9v\u00e9nements importants comme le Tour de l&rsquo;Algarve.<\/p>\n<h2>Les cons\u00e9quences de cette annulation<\/h2>\n<p>L&rsquo;annulation de la premi\u00e8re \u00e9tape a des r\u00e9percussions importantes pour les coureurs et les \u00e9quipes. Non seulement cela perturbe leur pr\u00e9paration pour les \u00e9tapes suivantes, mais cela affecte \u00e9galement leurs points au classement g\u00e9n\u00e9ral. Pour des coureurs comme De Lie, chaque \u00e9tape compte, et un faux pas peut avoir des cons\u00e9quences durables sur leur performance globale.<\/p>\n<p>Les organisateurs de la comp\u00e9tition font face \u00e0 des critiques croissantes. Beaucoup s&rsquo;interrogent sur la gestion de la course et sur la mani\u00e8re dont un tel incident a pu se produire. Les attentes sont \u00e9lev\u00e9es, et les coureurs souhaitent que des mesures soient prises pour \u00e9viter que cela ne se reproduise \u00e0 l&rsquo;avenir.<\/p>\n<h2>R\u00e9actions et perspectives d&rsquo;avenir<\/h2>\n<p>Les r\u00e9actions des coureurs et des fans de cyclisme sont partag\u00e9es. Certains soutiennent De Lie et partagent son indignation, tandis que d&rsquo;autres tentent de trouver des excuses pour le coureur fautif. Ce type de d\u00e9bat est courant dans le cyclisme, o\u00f9 la pression de la comp\u00e9tition peut mener \u00e0 des erreurs humaines.<\/p>\n<p>Pour l&rsquo;avenir, il est crucial que les coureurs soient mieux pr\u00e9par\u00e9s et inform\u00e9s sur le parcours. Des r\u00e9unions d&rsquo;\u00e9quipe plus fr\u00e9quentes et des briefings avant chaque \u00e9tape pourraient aider \u00e0 minimiser les risques d&rsquo;erreurs. Comme le dit le proverbe, \u00ab\u00a0il vaut mieux pr\u00e9venir que gu\u00e9rir\u00a0\u00bb, et ce principe s&rsquo;applique particuli\u00e8rement dans le monde du cyclisme.<\/p>\n<ul>\n<li>Importance de la connaissance du parcours<\/li>\n<li>R\u00e9actions vari\u00e9es des coureurs et fans<\/li>\n<li>Cons\u00e9quences pour le classement g\u00e9n\u00e9ral<\/li>\n<li>Besoin de meilleures pr\u00e9parations pour les coureurs<\/li>\n<li>Impact sur les \u00e9quipes et leurs strat\u00e9gies<\/li>\n<\/ul>\n<blockquote><p>\u201c\u00c7a fait des ann\u00e9es qu&rsquo;il y a cette arriv\u00e9e, tout le monde sait qu&rsquo;elle se fait \u00e0 gauche.\u201d<\/p><\/blockquote>\n<p>Cet incident souligne l&rsquo;importance de la pr\u00e9paration et de l&rsquo;attention aux d\u00e9tails dans le cyclisme professionnel. Les coureurs doivent \u00eatre conscients des d\u00e9fis qui les attendent, et il est essentiel que chaque participant prenne ses responsabilit\u00e9s pour garantir le bon d\u00e9roulement des courses. L&rsquo;avenir du cyclisme d\u00e9pend de l&rsquo;am\u00e9lioration continue des comp\u00e9tences et de la concentration de ses athl\u00e8tes.<img decoding=\"async\" width=\"1024\" height=\"576\" src=\"https:\/\/sport-index.fr\/blog\/wp-content\/uploads\/2025\/02\/stability-une-premiere-etape-contestee-arnaud-de-lie-critique-un-coureur-inattentif-1.png\" class=\"aligncenter\" alt=\"Illustration d\u00e9taill\u00e9e sur Une premi\u00e8re \u00e9tape contest\u00e9e : Arnaud De Lie critique un coureur inattentif\" title=\"Une premi\u00e8re \u00e9tape contest\u00e9e : Arnaud De Lie critique un coureur inattentif\" loading=\"lazy\" \/><\/p>\n","protected":false},"excerpt":{"rendered":"","protected":false},"author":34,"featured_media":9758,"comment_status":"open","ping_status":"open","sticky":false,"template":"","format":"standard","meta":{"_acf_changed":false,"manual_indexmenow":false,"indexmenow_id_project":0,"footnotes":""},"categories":[1],"tags":[4745,4559,4561,4632,4885],"class_list":["post-9757","post","type-post","status-publish","format-standard","has-post-thumbnail","hentry","category-a-la-une","tag-competition","tag-cyclisme","tag-gestion-des-talents","tag-performance-sportive","tag-preparation-mentale","generate-columns","tablet-grid-50","mobile-grid-100","grid-parent","grid-25"],"acf":[],"yoast_head":"<!-- This site is optimized with the Yoast SEO Premium plugin v21.3 (Yoast SEO v26.5) - https:\/\/yoast.com\/wordpress\/plugins\/seo\/ -->\n<title>Une premi\u00e8re \u00e9tape contest\u00e9e : Arnaud De Lie critique<\/title>\n<meta name=\"description\" content=\"Une course marqu\u00e9e par l&#039;erreur Le Tour de l&#039;Algarve a r\u00e9cemment \u00e9t\u00e9 le th\u00e9\u00e2tre d&#039;un incident qui a fait couler beaucoup d&#039;encre. Lors de la premi\u00e8re\u2026\" \/>\n<meta name=\"robots\" content=\"index, follow, max-snippet:-1, max-image-preview:large, max-video-preview:-1\" \/>\n<link rel=\"canonical\" href=\"https:\/\/sport-index.fr\/blog\/a-la-une\/une-premiere-etape-contestee-arnaud-de-lie-critique-un-coureur-inattentif\/\" \/>\n<meta property=\"og:locale\" content=\"fr_FR\" \/>\n<meta property=\"og:type\" content=\"article\" \/>\n<meta property=\"og:title\" content=\"Une premi\u00e8re \u00e9tape contest\u00e9e : Arnaud De Lie critique\" \/>\n<meta property=\"og:description\" content=\"Une course marqu\u00e9e par l&#039;erreur Le Tour de l&#039;Algarve a r\u00e9cemment \u00e9t\u00e9 le th\u00e9\u00e2tre d&#039;un incident qui a fait couler beaucoup d&#039;encre. Lors de la premi\u00e8re\u2026\" \/>\n<meta property=\"og:url\" content=\"https:\/\/sport-index.fr\/blog\/a-la-une\/une-premiere-etape-contestee-arnaud-de-lie-critique-un-coureur-inattentif\/\" \/>\n<meta property=\"og:site_name\" content=\"sport-index\" \/>\n<meta property=\"og:image\" content=\"https:\/\/sport-index.fr\/blog\/wp-content\/uploads\/2025\/02\/stability-une-premiere-etape-contestee-arnaud-de-lie-critique-un-coureur-inattentif.png\" \/>\n\t<meta property=\"og:image:width\" content=\"1024\" \/>\n\t<meta property=\"og:image:height\" content=\"576\" \/>\n\t<meta property=\"og:image:type\" content=\"image\/png\" \/>\n<meta name=\"author\" content=\"Axel Lauzier\" \/>\n<meta name=\"twitter:card\" content=\"summary_large_image\" \/>\n<script type=\"application\/ld+json\" class=\"yoast-schema-graph\">{\"@context\":\"https:\/\/schema.org\",\"@graph\":[{\"@type\":\"NewsArticle\",\"@id\":\"https:\/\/sport-index.fr\/blog\/a-la-une\/une-premiere-etape-contestee-arnaud-de-lie-critique-un-coureur-inattentif\/#article\",\"isPartOf\":{\"@id\":\"https:\/\/sport-index.fr\/blog\/a-la-une\/une-premiere-etape-contestee-arnaud-de-lie-critique-un-coureur-inattentif\/\"},\"author\":{\"name\":\"Axel Lauzier\",\"@id\":\"https:\/\/sport-index.fr\/blog\/#\/schema\/person\/3c864cdc320801e3db34b663e7e3f816\"},\"headline\":\"Une premi\u00e8re \u00e9tape contest\u00e9e : Arnaud De Lie critique un coureur inattentif\",\"datePublished\":\"2025-02-20T10:52:54+00:00\",\"mainEntityOfPage\":{\"@id\":\"https:\/\/sport-index.fr\/blog\/a-la-une\/une-premiere-etape-contestee-arnaud-de-lie-critique-un-coureur-inattentif\/\"},\"wordCount\":547,\"commentCount\":20,\"publisher\":{\"@id\":\"https:\/\/sport-index.fr\/blog\/#organization\"},\"image\":{\"@id\":\"https:\/\/sport-index.fr\/blog\/a-la-une\/une-premiere-etape-contestee-arnaud-de-lie-critique-un-coureur-inattentif\/#primaryimage\"},\"thumbnailUrl\":\"https:\/\/sport-index.fr\/blog\/wp-content\/uploads\/2025\/02\/stability-une-premiere-etape-contestee-arnaud-de-lie-critique-un-coureur-inattentif.png\",\"keywords\":[\"Comp\u00e9tition\",\"Cyclisme\",\"Gestion des Talents\",\"Performance sportive\",\"Pr\u00e9paration Mentale\"],\"articleSection\":[\"\u00c0 la une\"],\"inLanguage\":\"fr-FR\",\"potentialAction\":[{\"@type\":\"CommentAction\",\"name\":\"Comment\",\"target\":[\"https:\/\/sport-index.fr\/blog\/a-la-une\/une-premiere-etape-contestee-arnaud-de-lie-critique-un-coureur-inattentif\/#respond\"]}]},{\"@type\":\"WebPage\",\"@id\":\"https:\/\/sport-index.fr\/blog\/a-la-une\/une-premiere-etape-contestee-arnaud-de-lie-critique-un-coureur-inattentif\/\",\"url\":\"https:\/\/sport-index.fr\/blog\/a-la-une\/une-premiere-etape-contestee-arnaud-de-lie-critique-un-coureur-inattentif\/\",\"name\":\"Une premi\u00e8re \u00e9tape contest\u00e9e : Arnaud De Lie critique\",\"isPartOf\":{\"@id\":\"https:\/\/sport-index.fr\/blog\/#website\"},\"primaryImageOfPage\":{\"@id\":\"https:\/\/sport-index.fr\/blog\/a-la-une\/une-premiere-etape-contestee-arnaud-de-lie-critique-un-coureur-inattentif\/#primaryimage\"},\"image\":{\"@id\":\"https:\/\/sport-index.fr\/blog\/a-la-une\/une-premiere-etape-contestee-arnaud-de-lie-critique-un-coureur-inattentif\/#primaryimage\"},\"thumbnailUrl\":\"https:\/\/sport-index.fr\/blog\/wp-content\/uploads\/2025\/02\/stability-une-premiere-etape-contestee-arnaud-de-lie-critique-un-coureur-inattentif.png\",\"datePublished\":\"2025-02-20T10:52:54+00:00\",\"description\":\"Une course marqu\u00e9e par l'erreur Le Tour de l'Algarve a r\u00e9cemment \u00e9t\u00e9 le th\u00e9\u00e2tre d'un incident qui a fait couler beaucoup d'encre. Lors de la premi\u00e8re\u2026\",\"inLanguage\":\"fr-FR\",\"potentialAction\":[{\"@type\":\"ReadAction\",\"target\":[\"https:\/\/sport-index.fr\/blog\/a-la-une\/une-premiere-etape-contestee-arnaud-de-lie-critique-un-coureur-inattentif\/\"]}]},{\"@type\":\"ImageObject\",\"inLanguage\":\"fr-FR\",\"@id\":\"https:\/\/sport-index.fr\/blog\/a-la-une\/une-premiere-etape-contestee-arnaud-de-lie-critique-un-coureur-inattentif\/#primaryimage\",\"url\":\"https:\/\/sport-index.fr\/blog\/wp-content\/uploads\/2025\/02\/stability-une-premiere-etape-contestee-arnaud-de-lie-critique-un-coureur-inattentif.png\",\"contentUrl\":\"https:\/\/sport-index.fr\/blog\/wp-content\/uploads\/2025\/02\/stability-une-premiere-etape-contestee-arnaud-de-lie-critique-un-coureur-inattentif.png\",\"width\":1024,\"height\":576},{\"@type\":\"WebSite\",\"@id\":\"https:\/\/sport-index.fr\/blog\/#website\",\"url\":\"https:\/\/sport-index.fr\/blog\/\",\"name\":\"sport-index.fr\",\"description\":\"Le score de l\u2019analyse sportive.\",\"publisher\":{\"@id\":\"https:\/\/sport-index.fr\/blog\/#organization\"},\"alternateName\":\"Le score de l\u2019analyse sportive.\",\"potentialAction\":[{\"@type\":\"SearchAction\",\"target\":{\"@type\":\"EntryPoint\",\"urlTemplate\":\"https:\/\/sport-index.fr\/blog\/?s={search_term_string}\"},\"query-input\":{\"@type\":\"PropertyValueSpecification\",\"valueRequired\":true,\"valueName\":\"search_term_string\"}}],\"inLanguage\":\"fr-FR\"},{\"@type\":\"Organization\",\"@id\":\"https:\/\/sport-index.fr\/blog\/#organization\",\"name\":\"Foretsensations.fr\",\"url\":\"https:\/\/sport-index.fr\/blog\/\",\"logo\":{\"@type\":\"ImageObject\",\"inLanguage\":\"fr-FR\",\"@id\":\"https:\/\/sport-index.fr\/blog\/#\/schema\/logo\/image\/\",\"url\":\"https:\/\/sport-index.fr\/blog\/wp-content\/uploads\/2026\/07\/logo-auto.png\",\"contentUrl\":\"https:\/\/sport-index.fr\/blog\/wp-content\/uploads\/2026\/07\/logo-auto.png\",\"width\":1024,\"height\":1024,\"caption\":\"Foretsensations.fr\"},\"image\":{\"@id\":\"https:\/\/sport-index.fr\/blog\/#\/schema\/logo\/image\/\"}},{\"@type\":\"Person\",\"@id\":\"https:\/\/sport-index.fr\/blog\/#\/schema\/person\/3c864cdc320801e3db34b663e7e3f816\",\"name\":\"Axel Lauzier\",\"image\":{\"@type\":\"ImageObject\",\"inLanguage\":\"fr-FR\",\"@id\":\"https:\/\/sport-index.fr\/blog\/#\/schema\/person\/image\/\",\"url\":\"https:\/\/sport-index.fr\/blog\/wp-content\/uploads\/2026\/06\/persona_axel-l-96x96.jpg\",\"contentUrl\":\"https:\/\/sport-index.fr\/blog\/wp-content\/uploads\/2026\/06\/persona_axel-l-96x96.jpg\",\"caption\":\"Axel Lauzier\"},\"description\":\"Le sport rythme mon quotidien depuis l'enfance, et j'en ai fait mon m\u00e9tier d'analyste r\u00e9dactionnel il y a une dizaine d'ann\u00e9es. Je couvre principalement le football, son actualit\u00e9, ses transferts et l'analyse tactique des grandes affiches, mais aussi les disciplines plus confidentielles que j'aime remettre en lumi\u00e8re. Une partie de mon travail porte sur les pronostics et la lecture statistique d'un match : forme des \u00e9quipes, historique des confrontations, compositions, sans jamais vendre de fausse certitude. Je rappelle syst\u00e9matiquement que parier comporte un risque et doit rester un loisir ma\u00eetris\u00e9. Avant de signer une analyse, je v\u00e9rifie mes chiffres, je recoupe les compositions probables et je distingue toujours la donn\u00e9e brute de l'intuition. Mon objectif : offrir une lecture honn\u00eate et argument\u00e9e, pas un ticket gagnant garanti.\",\"sameAs\":[\"https:\/\/axellauzier.fr\/\"],\"url\":\"https:\/\/sport-index.fr\/blog\/auteur\/noname\/\"}]}<\/script>\n<!-- \/ Yoast SEO Premium plugin. -->","yoast_head_json":{"title":"Une premi\u00e8re \u00e9tape contest\u00e9e : Arnaud De Lie critique","description":"Une course marqu\u00e9e par l'erreur Le Tour de l'Algarve a r\u00e9cemment \u00e9t\u00e9 le th\u00e9\u00e2tre d'un incident qui a fait couler beaucoup d'encre. Lors de la premi\u00e8re\u2026","robots":{"index":"index","follow":"follow","max-snippet":"max-snippet:-1","max-image-preview":"max-image-preview:large","max-video-preview":"max-video-preview:-1"},"canonical":"https:\/\/sport-index.fr\/blog\/a-la-une\/une-premiere-etape-contestee-arnaud-de-lie-critique-un-coureur-inattentif\/","og_locale":"fr_FR","og_type":"article","og_title":"Une premi\u00e8re \u00e9tape contest\u00e9e : Arnaud De Lie critique","og_description":"Une course marqu\u00e9e par l'erreur Le Tour de l'Algarve a r\u00e9cemment \u00e9t\u00e9 le th\u00e9\u00e2tre d'un incident qui a fait couler beaucoup d'encre. Lors de la premi\u00e8re\u2026","og_url":"https:\/\/sport-index.fr\/blog\/a-la-une\/une-premiere-etape-contestee-arnaud-de-lie-critique-un-coureur-inattentif\/","og_site_name":"sport-index","og_image":[{"width":1024,"height":576,"url":"https:\/\/sport-index.fr\/blog\/wp-content\/uploads\/2025\/02\/stability-une-premiere-etape-contestee-arnaud-de-lie-critique-un-coureur-inattentif.png","type":"image\/png"}],"author":"Axel Lauzier","twitter_card":"summary_large_image","schema":{"@context":"https:\/\/schema.org","@graph":[{"@type":"NewsArticle","@id":"https:\/\/sport-index.fr\/blog\/a-la-une\/une-premiere-etape-contestee-arnaud-de-lie-critique-un-coureur-inattentif\/#article","isPartOf":{"@id":"https:\/\/sport-index.fr\/blog\/a-la-une\/une-premiere-etape-contestee-arnaud-de-lie-critique-un-coureur-inattentif\/"},"author":{"name":"Axel Lauzier","@id":"https:\/\/sport-index.fr\/blog\/#\/schema\/person\/3c864cdc320801e3db34b663e7e3f816"},"headline":"Une premi\u00e8re \u00e9tape contest\u00e9e : Arnaud De Lie critique un coureur inattentif","datePublished":"2025-02-20T10:52:54+00:00","mainEntityOfPage":{"@id":"https:\/\/sport-index.fr\/blog\/a-la-une\/une-premiere-etape-contestee-arnaud-de-lie-critique-un-coureur-inattentif\/"},"wordCount":547,"commentCount":20,"publisher":{"@id":"https:\/\/sport-index.fr\/blog\/#organization"},"image":{"@id":"https:\/\/sport-index.fr\/blog\/a-la-une\/une-premiere-etape-contestee-arnaud-de-lie-critique-un-coureur-inattentif\/#primaryimage"},"thumbnailUrl":"https:\/\/sport-index.fr\/blog\/wp-content\/uploads\/2025\/02\/stability-une-premiere-etape-contestee-arnaud-de-lie-critique-un-coureur-inattentif.png","keywords":["Comp\u00e9tition","Cyclisme","Gestion des Talents","Performance sportive","Pr\u00e9paration Mentale"],"articleSection":["\u00c0 la une"],"inLanguage":"fr-FR","potentialAction":[{"@type":"CommentAction","name":"Comment","target":["https:\/\/sport-index.fr\/blog\/a-la-une\/une-premiere-etape-contestee-arnaud-de-lie-critique-un-coureur-inattentif\/#respond"]}]},{"@type":"WebPage","@id":"https:\/\/sport-index.fr\/blog\/a-la-une\/une-premiere-etape-contestee-arnaud-de-lie-critique-un-coureur-inattentif\/","url":"https:\/\/sport-index.fr\/blog\/a-la-une\/une-premiere-etape-contestee-arnaud-de-lie-critique-un-coureur-inattentif\/","name":"Une premi\u00e8re \u00e9tape contest\u00e9e : Arnaud De Lie critique","isPartOf":{"@id":"https:\/\/sport-index.fr\/blog\/#website"},"primaryImageOfPage":{"@id":"https:\/\/sport-index.fr\/blog\/a-la-une\/une-premiere-etape-contestee-arnaud-de-lie-critique-un-coureur-inattentif\/#primaryimage"},"image":{"@id":"https:\/\/sport-index.fr\/blog\/a-la-une\/une-premiere-etape-contestee-arnaud-de-lie-critique-un-coureur-inattentif\/#primaryimage"},"thumbnailUrl":"https:\/\/sport-index.fr\/blog\/wp-content\/uploads\/2025\/02\/stability-une-premiere-etape-contestee-arnaud-de-lie-critique-un-coureur-inattentif.png","datePublished":"2025-02-20T10:52:54+00:00","description":"Une course marqu\u00e9e par l'erreur Le Tour de l'Algarve a r\u00e9cemment \u00e9t\u00e9 le th\u00e9\u00e2tre d'un incident qui a fait couler beaucoup d'encre. Lors de la premi\u00e8re\u2026","inLanguage":"fr-FR","potentialAction":[{"@type":"ReadAction","target":["https:\/\/sport-index.fr\/blog\/a-la-une\/une-premiere-etape-contestee-arnaud-de-lie-critique-un-coureur-inattentif\/"]}]},{"@type":"ImageObject","inLanguage":"fr-FR","@id":"https:\/\/sport-index.fr\/blog\/a-la-une\/une-premiere-etape-contestee-arnaud-de-lie-critique-un-coureur-inattentif\/#primaryimage","url":"https:\/\/sport-index.fr\/blog\/wp-content\/uploads\/2025\/02\/stability-une-premiere-etape-contestee-arnaud-de-lie-critique-un-coureur-inattentif.png","contentUrl":"https:\/\/sport-index.fr\/blog\/wp-content\/uploads\/2025\/02\/stability-une-premiere-etape-contestee-arnaud-de-lie-critique-un-coureur-inattentif.png","width":1024,"height":576},{"@type":"WebSite","@id":"https:\/\/sport-index.fr\/blog\/#website","url":"https:\/\/sport-index.fr\/blog\/","name":"sport-index.fr","description":"Le score de l\u2019analyse sportive.","publisher":{"@id":"https:\/\/sport-index.fr\/blog\/#organization"},"alternateName":"Le score de l\u2019analyse sportive.","potentialAction":[{"@type":"SearchAction","target":{"@type":"EntryPoint","urlTemplate":"https:\/\/sport-index.fr\/blog\/?s={search_term_string}"},"query-input":{"@type":"PropertyValueSpecification","valueRequired":true,"valueName":"search_term_string"}}],"inLanguage":"fr-FR"},{"@type":"Organization","@id":"https:\/\/sport-index.fr\/blog\/#organization","name":"Foretsensations.fr","url":"https:\/\/sport-index.fr\/blog\/","logo":{"@type":"ImageObject","inLanguage":"fr-FR","@id":"https:\/\/sport-index.fr\/blog\/#\/schema\/logo\/image\/","url":"https:\/\/sport-index.fr\/blog\/wp-content\/uploads\/2026\/07\/logo-auto.png","contentUrl":"https:\/\/sport-index.fr\/blog\/wp-content\/uploads\/2026\/07\/logo-auto.png","width":1024,"height":1024,"caption":"Foretsensations.fr"},"image":{"@id":"https:\/\/sport-index.fr\/blog\/#\/schema\/logo\/image\/"}},{"@type":"Person","@id":"https:\/\/sport-index.fr\/blog\/#\/schema\/person\/3c864cdc320801e3db34b663e7e3f816","name":"Axel Lauzier","image":{"@type":"ImageObject","inLanguage":"fr-FR","@id":"https:\/\/sport-index.fr\/blog\/#\/schema\/person\/image\/","url":"https:\/\/sport-index.fr\/blog\/wp-content\/uploads\/2026\/06\/persona_axel-l-96x96.jpg","contentUrl":"https:\/\/sport-index.fr\/blog\/wp-content\/uploads\/2026\/06\/persona_axel-l-96x96.jpg","caption":"Axel Lauzier"},"description":"Le sport rythme mon quotidien depuis l'enfance, et j'en ai fait mon m\u00e9tier d'analyste r\u00e9dactionnel il y a une dizaine d'ann\u00e9es. Je couvre principalement le football, son actualit\u00e9, ses transferts et l'analyse tactique des grandes affiches, mais aussi les disciplines plus confidentielles que j'aime remettre en lumi\u00e8re. Une partie de mon travail porte sur les pronostics et la lecture statistique d'un match : forme des \u00e9quipes, historique des confrontations, compositions, sans jamais vendre de fausse certitude. Je rappelle syst\u00e9matiquement que parier comporte un risque et doit rester un loisir ma\u00eetris\u00e9. Avant de signer une analyse, je v\u00e9rifie mes chiffres, je recoupe les compositions probables et je distingue toujours la donn\u00e9e brute de l'intuition. Mon objectif : offrir une lecture honn\u00eate et argument\u00e9e, pas un ticket gagnant garanti.","sameAs":["https:\/\/axellauzier.fr\/"],"url":"https:\/\/sport-index.fr\/blog\/auteur\/noname\/"}]}},"_links":{"self":[{"href":"https:\/\/sport-index.fr\/blog\/wp-json\/wp\/v2\/posts\/9757","targetHints":{"allow":["GET"]}}],"collection":[{"href":"https:\/\/sport-index.fr\/blog\/wp-json\/wp\/v2\/posts"}],"about":[{"href":"https:\/\/sport-index.fr\/blog\/wp-json\/wp\/v2\/types\/post"}],"author":[{"embeddable":true,"href":"https:\/\/sport-index.fr\/blog\/wp-json\/wp\/v2\/users\/34"}],"replies":[{"embeddable":true,"href":"https:\/\/sport-index.fr\/blog\/wp-json\/wp\/v2\/comments?post=9757"}],"version-history":[{"count":1,"href":"https:\/\/sport-index.fr\/blog\/wp-json\/wp\/v2\/posts\/9757\/revisions"}],"predecessor-version":[{"id":9760,"href":"https:\/\/sport-index.fr\/blog\/wp-json\/wp\/v2\/posts\/9757\/revisions\/9760"}],"wp:featuredmedia":[{"embeddable":true,"href":"https:\/\/sport-index.fr\/blog\/wp-json\/wp\/v2\/media\/9758"}],"wp:attachment":[{"href":"https:\/\/sport-index.fr\/blog\/wp-json\/wp\/v2\/media?parent=9757"}],"wp:term":[{"taxonomy":"category","embeddable":true,"href":"https:\/\/sport-index.fr\/blog\/wp-json\/wp\/v2\/categories?post=9757"},{"taxonomy":"post_tag","embeddable":true,"href":"https:\/\/sport-index.fr\/blog\/wp-json\/wp\/v2\/tags?post=9757"}],"curies":[{"name":"wp","href":"https:\/\/api.w.org\/{rel}","templated":true}]}}