{"id":9793,"date":"2025-02-22T14:07:31","date_gmt":"2025-02-22T13:07:31","guid":{"rendered":"https:\/\/sport-index.fr\/blog\/?p=9793"},"modified":"2025-02-20T10:06:06","modified_gmt":"2025-02-20T09:06:06","slug":"maxime-machenaud-absent-un-mois-et-demi-un-coup-dur-pour-laviron-bayonnais","status":"publish","type":"post","link":"https:\/\/sport-index.fr\/blog\/a-la-une\/maxime-machenaud-absent-un-mois-et-demi-un-coup-dur-pour-laviron-bayonnais\/","title":{"rendered":"Maxime Machenaud absent un mois et demi : un coup dur pour l&rsquo;Aviron Bayonnais"},"content":{"rendered":"<h2>Une blessure douloureuse pour l&rsquo;\u00e9quipe<\/h2>\n<p>Maxime Machenaud, le talentueux demi de m\u00eal\u00e9e de l&rsquo;Aviron Bayonnais, a r\u00e9cemment subi une blessure au pouce de la main droite. Sa situation s&rsquo;est aggrav\u00e9e lors d&rsquo;un match crucial contre l&rsquo;Union Bordeaux B\u00e8gles, le contraignant \u00e0 quitter le terrain apr\u00e8s seulement vingt minutes de jeu. Cette blessure le met \u00e0 l&rsquo;\u00e9cart des terrains pour une p\u00e9riode estim\u00e9e \u00e0 six semaines, un coup dur pour le club basque et ses supporters.<\/p>\n<p>C&rsquo;est une p\u00e9riode d\u00e9licate pour l&rsquo;Aviron Bayonnais, qui voit l&rsquo;un de ses joueurs cl\u00e9s se blesser \u00e0 un moment critique de la saison. Machenaud, qui a \u00e9t\u00e9 align\u00e9 \u00e0 quinze reprises cette saison, a su prouver son importance sur le terrain avec neuf titularisations. Son absence pourrait avoir des r\u00e9percussions sur les performances de l&rsquo;\u00e9quipe dans les semaines \u00e0 venir.<\/p>\n<h2>Un remplacement de choix pour l&rsquo;Aviron<\/h2>\n<p>Pour pallier cette absence, l&rsquo;Aviron Bayonnais va s&rsquo;appuyer sur l&rsquo;exp\u00e9rience de Guillaume Rouet, qui, \u00e0 36 ans, est un joueur aguerri. Rouet a toujours \u00e9t\u00e9 un pilier du club et sa pr\u00e9sence sur le terrain pourrait apporter la stabilit\u00e9 n\u00e9cessaire en cette p\u00e9riode de turbulence. \u00c0 ses c\u00f4t\u00e9s, Baptiste Germain, un jeune joueur de 24 ans, tentera de saisir sa chance pour briller.<\/p>\n<p>Le club pourrait \u00e9galement faire appel \u00e0 Baptiste Tilloles, un prometteur jeune de 18 ans. Cependant, ce dernier ne pourra pas aider l&rsquo;\u00e9quipe ce week-end, car il est engag\u00e9 avec l&rsquo;\u00e9quipe de France U20. Cette situation souligne l&rsquo;importance de l&rsquo;exp\u00e9rience et de la jeunesse dans l&rsquo;effectif de l&rsquo;Aviron Bayonnais.<\/p>\n<h2>Un avenir \u00e0 red\u00e9finir pour Machenaud<\/h2>\n<p>Maxime Machenaud a r\u00e9cemment prolong\u00e9 son contrat avec l&rsquo;Aviron jusqu&rsquo;en 2026, illustrant sa volont\u00e9 de s&rsquo;investir pleinement dans l&rsquo;avenir du club. Cette blessure survient \u00e0 un moment o\u00f9 il commen\u00e7ait \u00e0 trouver son rythme et \u00e0 renforcer sa place au sein de l&rsquo;\u00e9quipe. Il est \u00e9vident que son absence se fera sentir, mais elle pourrait \u00e9galement offrir une opportunit\u00e9 aux autres joueurs de se mettre en valeur.<\/p>\n<p>Dans le cadre de sa r\u00e9habilitation, Machenaud devra suivre un programme de r\u00e9cup\u00e9ration rigoureux pour retrouver sa forme optimale. Le soutien de ses co\u00e9quipiers et des fans sera essentiel durant cette p\u00e9riode difficile. Comme le dit l&rsquo;adage, \u00ab ce qui ne nous tue pas nous rend plus fort \u00bb, et Machenaud aura sans doute la d\u00e9termination n\u00e9cessaire pour revenir encore plus fort sur le terrain.<\/p>\n<ul>\n<li>Maxime Machenaud souffre d&rsquo;une fracture du m\u00e9tacarpien du pouce droit.<\/li>\n<li>Il sera absent pour environ six semaines.<\/li>\n<li>Guillaume Rouet et Baptiste Germain le remplaceront sur le terrain.<\/li>\n<li>Baptiste Tilloles est engag\u00e9 avec l&rsquo;\u00e9quipe de France U20.<\/li>\n<li>Machenaud a prolong\u00e9 son contrat avec l&rsquo;Aviron jusqu&rsquo;en 2026.<\/li>\n<\/ul>\n<blockquote><p>\n\u00ab Une blessure comme celle-ci est toujours difficile \u00e0 encaisser, mais je suis d\u00e9termin\u00e9 \u00e0 revenir rapidement. \u00bb &#8211; Maxime Machenaud\n<\/p><\/blockquote>\n<p>L&rsquo;absence de Maxime Machenaud est un v\u00e9ritable test pour l&rsquo;Aviron Bayonnais. Les prochains matchs seront cruciaux pour d\u00e9finir l&rsquo;impact de cette blessure sur les r\u00e9sultats de l&rsquo;\u00e9quipe. Les supporters, quant \u00e0 eux, esp\u00e8rent voir leurs joueurs se battre avec courage et d\u00e9termination sur le terrain, en attendant le retour de leur demi de m\u00eal\u00e9e pr\u00e9f\u00e9r\u00e9.<br \/>\n<img decoding=\"async\" width=\"1024\" height=\"576\" src=\"https:\/\/sport-index.fr\/blog\/wp-content\/uploads\/2025\/02\/stability-maxime-machenaud-absent-un-mois-et-demi-un-coup-dur-pour-laviron-bayonnais-1.png\" class=\"aligncenter\" alt=\"Illustration d\u00e9taill\u00e9e sur Maxime Machenaud absent un mois et demi : un coup dur pour l&#039;Aviron Bayonnais\" title=\"Maxime Machenaud absent un mois et demi : un coup dur pour l&#039;Aviron Bayonnais\" loading=\"lazy\" \/><\/p>\n","protected":false},"excerpt":{"rendered":"","protected":false},"author":34,"featured_media":9794,"comment_status":"open","ping_status":"open","sticky":false,"template":"","format":"standard","meta":{"_acf_changed":false,"manual_indexmenow":false,"indexmenow_id_project":0,"footnotes":""},"categories":[1],"tags":[4766,4585,4561,4632,4885],"class_list":["post-9793","post","type-post","status-publish","format-standard","has-post-thumbnail","hentry","category-a-la-une","tag-aviron-bayonnais","tag-cohesion-dequipe","tag-gestion-des-talents","tag-performance-sportive","tag-preparation-mentale","generate-columns","tablet-grid-50","mobile-grid-100","grid-parent","grid-25"],"acf":[],"yoast_head":"<!-- This site is optimized with the Yoast SEO Premium plugin v21.3 (Yoast SEO v26.5) - https:\/\/yoast.com\/wordpress\/plugins\/seo\/ -->\n<title>Maxime Machenaud absent un mois et demi : un coup dur<\/title>\n<meta name=\"description\" content=\"Une blessure douloureuse pour l&#039;\u00e9quipe Maxime Machenaud, le talentueux demi de m\u00eal\u00e9e de l&#039;Aviron Bayonnais, a r\u00e9cemment subi une blessure au pouce de la\u2026\" \/>\n<meta name=\"robots\" content=\"index, follow, max-snippet:-1, max-image-preview:large, max-video-preview:-1\" \/>\n<link rel=\"canonical\" href=\"https:\/\/sport-index.fr\/blog\/a-la-une\/maxime-machenaud-absent-un-mois-et-demi-un-coup-dur-pour-laviron-bayonnais\/\" \/>\n<meta property=\"og:locale\" content=\"fr_FR\" \/>\n<meta property=\"og:type\" content=\"article\" \/>\n<meta property=\"og:title\" content=\"Maxime Machenaud absent un mois et demi : un coup dur\" \/>\n<meta property=\"og:description\" content=\"Une blessure douloureuse pour l&#039;\u00e9quipe Maxime Machenaud, le talentueux demi de m\u00eal\u00e9e de l&#039;Aviron Bayonnais, a r\u00e9cemment subi une blessure au pouce de la\u2026\" \/>\n<meta property=\"og:url\" content=\"https:\/\/sport-index.fr\/blog\/a-la-une\/maxime-machenaud-absent-un-mois-et-demi-un-coup-dur-pour-laviron-bayonnais\/\" \/>\n<meta property=\"og:site_name\" content=\"sport-index\" \/>\n<meta property=\"og:image\" content=\"https:\/\/sport-index.fr\/blog\/wp-content\/uploads\/2025\/02\/stability-maxime-machenaud-absent-un-mois-et-demi-un-coup-dur-pour-laviron-bayonnais.png\" \/>\n\t<meta property=\"og:image:width\" content=\"1024\" \/>\n\t<meta property=\"og:image:height\" content=\"576\" \/>\n\t<meta property=\"og:image:type\" content=\"image\/png\" \/>\n<meta name=\"author\" content=\"Axel Lauzier\" \/>\n<meta name=\"twitter:card\" content=\"summary_large_image\" \/>\n<script type=\"application\/ld+json\" class=\"yoast-schema-graph\">{\"@context\":\"https:\/\/schema.org\",\"@graph\":[{\"@type\":\"NewsArticle\",\"@id\":\"https:\/\/sport-index.fr\/blog\/a-la-une\/maxime-machenaud-absent-un-mois-et-demi-un-coup-dur-pour-laviron-bayonnais\/#article\",\"isPartOf\":{\"@id\":\"https:\/\/sport-index.fr\/blog\/a-la-une\/maxime-machenaud-absent-un-mois-et-demi-un-coup-dur-pour-laviron-bayonnais\/\"},\"author\":{\"name\":\"Axel Lauzier\",\"@id\":\"https:\/\/sport-index.fr\/blog\/#\/schema\/person\/3c864cdc320801e3db34b663e7e3f816\"},\"headline\":\"Maxime Machenaud absent un mois et demi : un coup dur pour l&rsquo;Aviron Bayonnais\",\"datePublished\":\"2025-02-22T13:07:31+00:00\",\"mainEntityOfPage\":{\"@id\":\"https:\/\/sport-index.fr\/blog\/a-la-une\/maxime-machenaud-absent-un-mois-et-demi-un-coup-dur-pour-laviron-bayonnais\/\"},\"wordCount\":575,\"commentCount\":17,\"publisher\":{\"@id\":\"https:\/\/sport-index.fr\/blog\/#organization\"},\"image\":{\"@id\":\"https:\/\/sport-index.fr\/blog\/a-la-une\/maxime-machenaud-absent-un-mois-et-demi-un-coup-dur-pour-laviron-bayonnais\/#primaryimage\"},\"thumbnailUrl\":\"https:\/\/sport-index.fr\/blog\/wp-content\/uploads\/2025\/02\/stability-maxime-machenaud-absent-un-mois-et-demi-un-coup-dur-pour-laviron-bayonnais.png\",\"keywords\":[\"Aviron Bayonnais\",\"Coh\u00e9sion d'\u00c9quipe\",\"Gestion des Talents\",\"Performance sportive\",\"Pr\u00e9paration Mentale\"],\"articleSection\":[\"\u00c0 la une\"],\"inLanguage\":\"fr-FR\",\"potentialAction\":[{\"@type\":\"CommentAction\",\"name\":\"Comment\",\"target\":[\"https:\/\/sport-index.fr\/blog\/a-la-une\/maxime-machenaud-absent-un-mois-et-demi-un-coup-dur-pour-laviron-bayonnais\/#respond\"]}]},{\"@type\":\"WebPage\",\"@id\":\"https:\/\/sport-index.fr\/blog\/a-la-une\/maxime-machenaud-absent-un-mois-et-demi-un-coup-dur-pour-laviron-bayonnais\/\",\"url\":\"https:\/\/sport-index.fr\/blog\/a-la-une\/maxime-machenaud-absent-un-mois-et-demi-un-coup-dur-pour-laviron-bayonnais\/\",\"name\":\"Maxime Machenaud absent un mois et demi : un coup dur\",\"isPartOf\":{\"@id\":\"https:\/\/sport-index.fr\/blog\/#website\"},\"primaryImageOfPage\":{\"@id\":\"https:\/\/sport-index.fr\/blog\/a-la-une\/maxime-machenaud-absent-un-mois-et-demi-un-coup-dur-pour-laviron-bayonnais\/#primaryimage\"},\"image\":{\"@id\":\"https:\/\/sport-index.fr\/blog\/a-la-une\/maxime-machenaud-absent-un-mois-et-demi-un-coup-dur-pour-laviron-bayonnais\/#primaryimage\"},\"thumbnailUrl\":\"https:\/\/sport-index.fr\/blog\/wp-content\/uploads\/2025\/02\/stability-maxime-machenaud-absent-un-mois-et-demi-un-coup-dur-pour-laviron-bayonnais.png\",\"datePublished\":\"2025-02-22T13:07:31+00:00\",\"description\":\"Une blessure douloureuse pour l'\u00e9quipe Maxime Machenaud, le talentueux demi de m\u00eal\u00e9e de l'Aviron Bayonnais, a r\u00e9cemment subi une blessure au pouce de la\u2026\",\"inLanguage\":\"fr-FR\",\"potentialAction\":[{\"@type\":\"ReadAction\",\"target\":[\"https:\/\/sport-index.fr\/blog\/a-la-une\/maxime-machenaud-absent-un-mois-et-demi-un-coup-dur-pour-laviron-bayonnais\/\"]}]},{\"@type\":\"ImageObject\",\"inLanguage\":\"fr-FR\",\"@id\":\"https:\/\/sport-index.fr\/blog\/a-la-une\/maxime-machenaud-absent-un-mois-et-demi-un-coup-dur-pour-laviron-bayonnais\/#primaryimage\",\"url\":\"https:\/\/sport-index.fr\/blog\/wp-content\/uploads\/2025\/02\/stability-maxime-machenaud-absent-un-mois-et-demi-un-coup-dur-pour-laviron-bayonnais.png\",\"contentUrl\":\"https:\/\/sport-index.fr\/blog\/wp-content\/uploads\/2025\/02\/stability-maxime-machenaud-absent-un-mois-et-demi-un-coup-dur-pour-laviron-bayonnais.png\",\"width\":1024,\"height\":576},{\"@type\":\"WebSite\",\"@id\":\"https:\/\/sport-index.fr\/blog\/#website\",\"url\":\"https:\/\/sport-index.fr\/blog\/\",\"name\":\"sport-index.fr\",\"description\":\"Le score de l\u2019analyse sportive.\",\"publisher\":{\"@id\":\"https:\/\/sport-index.fr\/blog\/#organization\"},\"alternateName\":\"Le score de l\u2019analyse sportive.\",\"potentialAction\":[{\"@type\":\"SearchAction\",\"target\":{\"@type\":\"EntryPoint\",\"urlTemplate\":\"https:\/\/sport-index.fr\/blog\/?s={search_term_string}\"},\"query-input\":{\"@type\":\"PropertyValueSpecification\",\"valueRequired\":true,\"valueName\":\"search_term_string\"}}],\"inLanguage\":\"fr-FR\"},{\"@type\":\"Organization\",\"@id\":\"https:\/\/sport-index.fr\/blog\/#organization\",\"name\":\"Foretsensations.fr\",\"url\":\"https:\/\/sport-index.fr\/blog\/\",\"logo\":{\"@type\":\"ImageObject\",\"inLanguage\":\"fr-FR\",\"@id\":\"https:\/\/sport-index.fr\/blog\/#\/schema\/logo\/image\/\",\"url\":\"https:\/\/sport-index.fr\/blog\/wp-content\/uploads\/2026\/07\/logo-auto.png\",\"contentUrl\":\"https:\/\/sport-index.fr\/blog\/wp-content\/uploads\/2026\/07\/logo-auto.png\",\"width\":1024,\"height\":1024,\"caption\":\"Foretsensations.fr\"},\"image\":{\"@id\":\"https:\/\/sport-index.fr\/blog\/#\/schema\/logo\/image\/\"}},{\"@type\":\"Person\",\"@id\":\"https:\/\/sport-index.fr\/blog\/#\/schema\/person\/3c864cdc320801e3db34b663e7e3f816\",\"name\":\"Axel Lauzier\",\"image\":{\"@type\":\"ImageObject\",\"inLanguage\":\"fr-FR\",\"@id\":\"https:\/\/sport-index.fr\/blog\/#\/schema\/person\/image\/\",\"url\":\"https:\/\/sport-index.fr\/blog\/wp-content\/uploads\/2026\/06\/persona_axel-l-96x96.jpg\",\"contentUrl\":\"https:\/\/sport-index.fr\/blog\/wp-content\/uploads\/2026\/06\/persona_axel-l-96x96.jpg\",\"caption\":\"Axel Lauzier\"},\"description\":\"Le sport rythme mon quotidien depuis l'enfance, et j'en ai fait mon m\u00e9tier d'analyste r\u00e9dactionnel il y a une dizaine d'ann\u00e9es. Je couvre principalement le football, son actualit\u00e9, ses transferts et l'analyse tactique des grandes affiches, mais aussi les disciplines plus confidentielles que j'aime remettre en lumi\u00e8re. Une partie de mon travail porte sur les pronostics et la lecture statistique d'un match : forme des \u00e9quipes, historique des confrontations, compositions, sans jamais vendre de fausse certitude. Je rappelle syst\u00e9matiquement que parier comporte un risque et doit rester un loisir ma\u00eetris\u00e9. Avant de signer une analyse, je v\u00e9rifie mes chiffres, je recoupe les compositions probables et je distingue toujours la donn\u00e9e brute de l'intuition. Mon objectif : offrir une lecture honn\u00eate et argument\u00e9e, pas un ticket gagnant garanti.\",\"sameAs\":[\"https:\/\/axellauzier.fr\/\"],\"url\":\"https:\/\/sport-index.fr\/blog\/auteur\/noname\/\"}]}<\/script>\n<!-- \/ Yoast SEO Premium plugin. -->","yoast_head_json":{"title":"Maxime Machenaud absent un mois et demi : un coup dur","description":"Une blessure douloureuse pour l'\u00e9quipe Maxime Machenaud, le talentueux demi de m\u00eal\u00e9e de l'Aviron Bayonnais, a r\u00e9cemment subi une blessure au pouce de la\u2026","robots":{"index":"index","follow":"follow","max-snippet":"max-snippet:-1","max-image-preview":"max-image-preview:large","max-video-preview":"max-video-preview:-1"},"canonical":"https:\/\/sport-index.fr\/blog\/a-la-une\/maxime-machenaud-absent-un-mois-et-demi-un-coup-dur-pour-laviron-bayonnais\/","og_locale":"fr_FR","og_type":"article","og_title":"Maxime Machenaud absent un mois et demi : un coup dur","og_description":"Une blessure douloureuse pour l'\u00e9quipe Maxime Machenaud, le talentueux demi de m\u00eal\u00e9e de l'Aviron Bayonnais, a r\u00e9cemment subi une blessure au pouce de la\u2026","og_url":"https:\/\/sport-index.fr\/blog\/a-la-une\/maxime-machenaud-absent-un-mois-et-demi-un-coup-dur-pour-laviron-bayonnais\/","og_site_name":"sport-index","og_image":[{"width":1024,"height":576,"url":"https:\/\/sport-index.fr\/blog\/wp-content\/uploads\/2025\/02\/stability-maxime-machenaud-absent-un-mois-et-demi-un-coup-dur-pour-laviron-bayonnais.png","type":"image\/png"}],"author":"Axel Lauzier","twitter_card":"summary_large_image","schema":{"@context":"https:\/\/schema.org","@graph":[{"@type":"NewsArticle","@id":"https:\/\/sport-index.fr\/blog\/a-la-une\/maxime-machenaud-absent-un-mois-et-demi-un-coup-dur-pour-laviron-bayonnais\/#article","isPartOf":{"@id":"https:\/\/sport-index.fr\/blog\/a-la-une\/maxime-machenaud-absent-un-mois-et-demi-un-coup-dur-pour-laviron-bayonnais\/"},"author":{"name":"Axel Lauzier","@id":"https:\/\/sport-index.fr\/blog\/#\/schema\/person\/3c864cdc320801e3db34b663e7e3f816"},"headline":"Maxime Machenaud absent un mois et demi : un coup dur pour l&rsquo;Aviron Bayonnais","datePublished":"2025-02-22T13:07:31+00:00","mainEntityOfPage":{"@id":"https:\/\/sport-index.fr\/blog\/a-la-une\/maxime-machenaud-absent-un-mois-et-demi-un-coup-dur-pour-laviron-bayonnais\/"},"wordCount":575,"commentCount":17,"publisher":{"@id":"https:\/\/sport-index.fr\/blog\/#organization"},"image":{"@id":"https:\/\/sport-index.fr\/blog\/a-la-une\/maxime-machenaud-absent-un-mois-et-demi-un-coup-dur-pour-laviron-bayonnais\/#primaryimage"},"thumbnailUrl":"https:\/\/sport-index.fr\/blog\/wp-content\/uploads\/2025\/02\/stability-maxime-machenaud-absent-un-mois-et-demi-un-coup-dur-pour-laviron-bayonnais.png","keywords":["Aviron Bayonnais","Coh\u00e9sion d'\u00c9quipe","Gestion des Talents","Performance sportive","Pr\u00e9paration Mentale"],"articleSection":["\u00c0 la une"],"inLanguage":"fr-FR","potentialAction":[{"@type":"CommentAction","name":"Comment","target":["https:\/\/sport-index.fr\/blog\/a-la-une\/maxime-machenaud-absent-un-mois-et-demi-un-coup-dur-pour-laviron-bayonnais\/#respond"]}]},{"@type":"WebPage","@id":"https:\/\/sport-index.fr\/blog\/a-la-une\/maxime-machenaud-absent-un-mois-et-demi-un-coup-dur-pour-laviron-bayonnais\/","url":"https:\/\/sport-index.fr\/blog\/a-la-une\/maxime-machenaud-absent-un-mois-et-demi-un-coup-dur-pour-laviron-bayonnais\/","name":"Maxime Machenaud absent un mois et demi : un coup dur","isPartOf":{"@id":"https:\/\/sport-index.fr\/blog\/#website"},"primaryImageOfPage":{"@id":"https:\/\/sport-index.fr\/blog\/a-la-une\/maxime-machenaud-absent-un-mois-et-demi-un-coup-dur-pour-laviron-bayonnais\/#primaryimage"},"image":{"@id":"https:\/\/sport-index.fr\/blog\/a-la-une\/maxime-machenaud-absent-un-mois-et-demi-un-coup-dur-pour-laviron-bayonnais\/#primaryimage"},"thumbnailUrl":"https:\/\/sport-index.fr\/blog\/wp-content\/uploads\/2025\/02\/stability-maxime-machenaud-absent-un-mois-et-demi-un-coup-dur-pour-laviron-bayonnais.png","datePublished":"2025-02-22T13:07:31+00:00","description":"Une blessure douloureuse pour l'\u00e9quipe Maxime Machenaud, le talentueux demi de m\u00eal\u00e9e de l'Aviron Bayonnais, a r\u00e9cemment subi une blessure au pouce de la\u2026","inLanguage":"fr-FR","potentialAction":[{"@type":"ReadAction","target":["https:\/\/sport-index.fr\/blog\/a-la-une\/maxime-machenaud-absent-un-mois-et-demi-un-coup-dur-pour-laviron-bayonnais\/"]}]},{"@type":"ImageObject","inLanguage":"fr-FR","@id":"https:\/\/sport-index.fr\/blog\/a-la-une\/maxime-machenaud-absent-un-mois-et-demi-un-coup-dur-pour-laviron-bayonnais\/#primaryimage","url":"https:\/\/sport-index.fr\/blog\/wp-content\/uploads\/2025\/02\/stability-maxime-machenaud-absent-un-mois-et-demi-un-coup-dur-pour-laviron-bayonnais.png","contentUrl":"https:\/\/sport-index.fr\/blog\/wp-content\/uploads\/2025\/02\/stability-maxime-machenaud-absent-un-mois-et-demi-un-coup-dur-pour-laviron-bayonnais.png","width":1024,"height":576},{"@type":"WebSite","@id":"https:\/\/sport-index.fr\/blog\/#website","url":"https:\/\/sport-index.fr\/blog\/","name":"sport-index.fr","description":"Le score de l\u2019analyse sportive.","publisher":{"@id":"https:\/\/sport-index.fr\/blog\/#organization"},"alternateName":"Le score de l\u2019analyse sportive.","potentialAction":[{"@type":"SearchAction","target":{"@type":"EntryPoint","urlTemplate":"https:\/\/sport-index.fr\/blog\/?s={search_term_string}"},"query-input":{"@type":"PropertyValueSpecification","valueRequired":true,"valueName":"search_term_string"}}],"inLanguage":"fr-FR"},{"@type":"Organization","@id":"https:\/\/sport-index.fr\/blog\/#organization","name":"Foretsensations.fr","url":"https:\/\/sport-index.fr\/blog\/","logo":{"@type":"ImageObject","inLanguage":"fr-FR","@id":"https:\/\/sport-index.fr\/blog\/#\/schema\/logo\/image\/","url":"https:\/\/sport-index.fr\/blog\/wp-content\/uploads\/2026\/07\/logo-auto.png","contentUrl":"https:\/\/sport-index.fr\/blog\/wp-content\/uploads\/2026\/07\/logo-auto.png","width":1024,"height":1024,"caption":"Foretsensations.fr"},"image":{"@id":"https:\/\/sport-index.fr\/blog\/#\/schema\/logo\/image\/"}},{"@type":"Person","@id":"https:\/\/sport-index.fr\/blog\/#\/schema\/person\/3c864cdc320801e3db34b663e7e3f816","name":"Axel Lauzier","image":{"@type":"ImageObject","inLanguage":"fr-FR","@id":"https:\/\/sport-index.fr\/blog\/#\/schema\/person\/image\/","url":"https:\/\/sport-index.fr\/blog\/wp-content\/uploads\/2026\/06\/persona_axel-l-96x96.jpg","contentUrl":"https:\/\/sport-index.fr\/blog\/wp-content\/uploads\/2026\/06\/persona_axel-l-96x96.jpg","caption":"Axel Lauzier"},"description":"Le sport rythme mon quotidien depuis l'enfance, et j'en ai fait mon m\u00e9tier d'analyste r\u00e9dactionnel il y a une dizaine d'ann\u00e9es. Je couvre principalement le football, son actualit\u00e9, ses transferts et l'analyse tactique des grandes affiches, mais aussi les disciplines plus confidentielles que j'aime remettre en lumi\u00e8re. Une partie de mon travail porte sur les pronostics et la lecture statistique d'un match : forme des \u00e9quipes, historique des confrontations, compositions, sans jamais vendre de fausse certitude. Je rappelle syst\u00e9matiquement que parier comporte un risque et doit rester un loisir ma\u00eetris\u00e9. Avant de signer une analyse, je v\u00e9rifie mes chiffres, je recoupe les compositions probables et je distingue toujours la donn\u00e9e brute de l'intuition. Mon objectif : offrir une lecture honn\u00eate et argument\u00e9e, pas un ticket gagnant garanti.","sameAs":["https:\/\/axellauzier.fr\/"],"url":"https:\/\/sport-index.fr\/blog\/auteur\/noname\/"}]}},"_links":{"self":[{"href":"https:\/\/sport-index.fr\/blog\/wp-json\/wp\/v2\/posts\/9793","targetHints":{"allow":["GET"]}}],"collection":[{"href":"https:\/\/sport-index.fr\/blog\/wp-json\/wp\/v2\/posts"}],"about":[{"href":"https:\/\/sport-index.fr\/blog\/wp-json\/wp\/v2\/types\/post"}],"author":[{"embeddable":true,"href":"https:\/\/sport-index.fr\/blog\/wp-json\/wp\/v2\/users\/34"}],"replies":[{"embeddable":true,"href":"https:\/\/sport-index.fr\/blog\/wp-json\/wp\/v2\/comments?post=9793"}],"version-history":[{"count":1,"href":"https:\/\/sport-index.fr\/blog\/wp-json\/wp\/v2\/posts\/9793\/revisions"}],"predecessor-version":[{"id":9796,"href":"https:\/\/sport-index.fr\/blog\/wp-json\/wp\/v2\/posts\/9793\/revisions\/9796"}],"wp:featuredmedia":[{"embeddable":true,"href":"https:\/\/sport-index.fr\/blog\/wp-json\/wp\/v2\/media\/9794"}],"wp:attachment":[{"href":"https:\/\/sport-index.fr\/blog\/wp-json\/wp\/v2\/media?parent=9793"}],"wp:term":[{"taxonomy":"category","embeddable":true,"href":"https:\/\/sport-index.fr\/blog\/wp-json\/wp\/v2\/categories?post=9793"},{"taxonomy":"post_tag","embeddable":true,"href":"https:\/\/sport-index.fr\/blog\/wp-json\/wp\/v2\/tags?post=9793"}],"curies":[{"name":"wp","href":"https:\/\/api.w.org\/{rel}","templated":true}]}}