{"id":9872,"date":"2025-02-22T12:36:51","date_gmt":"2025-02-22T11:36:51","guid":{"rendered":"https:\/\/sport-index.fr\/blog\/?p=9872"},"modified":"2025-02-20T15:48:23","modified_gmt":"2025-02-20T14:48:23","slug":"pro-d2-etat-des-lieux-des-effectifs-avant-la-21e-journee-absences-et-retours-des-joueurs","status":"publish","type":"post","link":"https:\/\/sport-index.fr\/blog\/a-la-une\/pro-d2-etat-des-lieux-des-effectifs-avant-la-21e-journee-absences-et-retours-des-joueurs\/","title":{"rendered":"Pro D2 : \u00e9tat des lieux des effectifs avant la 21e journ\u00e9e, absences et retours des joueurs"},"content":{"rendered":"<h2>Les blessures, un enjeu majeur pour les \u00e9quipes<\/h2>\n<p>Le championnat de Pro D2 est marqu\u00e9 par une s\u00e9rie de blessures qui impactent les performances des \u00e9quipes. Les clubs font face \u00e0 des absences significatives, notamment chez Provence Rugby, o\u00f9 plusieurs joueurs cl\u00e9s comme Guillaume Piazzoli et K\u00e9vin Viallard sont sur la touche. Ces situations sont pr\u00e9occupantes, car elles pourraient influencer le classement et la dynamique des \u00e9quipes.<\/p>\n<p>De plus, des retours bienvenus ajoutent une lueur d&rsquo;optimisme. Mathias Colombet, arri\u00e8re de Provence, revient de blessure, ce qui pourrait renforcer l&rsquo;\u00e9quipe dans les semaines \u00e0 venir. Les clubs doivent jongler entre les absences et les retours pour construire une \u00e9quipe comp\u00e9titive capable de rivaliser lors des prochaines journ\u00e9es.<\/p>\n<p><iframe loading=\"lazy\" title=\"LA RENAISSANCE DES BLEUS (FILM 1\/3)\" width=\"1200\" height=\"675\" src=\"https:\/\/www.youtube.com\/embed\/jEvlc66bPlU?feature=oembed\" frameborder=\"0\" allow=\"accelerometer; autoplay; clipboard-write; encrypted-media; gyroscope; picture-in-picture; web-share\" referrerpolicy=\"strict-origin-when-cross-origin\" allowfullscreen><\/iframe><\/p>\n<h2>Le retour des joueurs, un atout pr\u00e9cieux<\/h2>\n<p>Pour les \u00e9quipes, les retours de joueurs de leur infirmerie constituent un moment crucial. \u00c0 Soyaux-Angoul\u00eame, Jonny May est de retour dans l&rsquo;effectif et se pr\u00e9pare \u00e0 jouer un r\u00f4le d\u00e9terminant. La pr\u00e9sence de joueurs comme L\u00e9o Labarthe et Omar Dahir sur le banc ajoute \u00e9galement de la profondeur \u00e0 l&rsquo;\u00e9quipe.<\/p>\n<p>D&rsquo;un autre c\u00f4t\u00e9, certaines \u00e9quipes doivent composer avec des absences prolong\u00e9es. Le capitaine de B\u00e9ziers, Cl\u00e9ment Ancely, est out pour le reste de la saison, ce qui pourrait peser lourdement sur le moral et la performance de l&rsquo;\u00e9quipe. Les entra\u00eeneurs doivent donc trouver des solutions tactiques pour compenser ces pertes.<\/p>\n<h2>Les perspectives pour les \u00e9quipes en difficult\u00e9<\/h2>\n<p>Les clubs en difficult\u00e9 doivent faire preuve de r\u00e9silience et d&rsquo;adaptabilit\u00e9. \u00c0 Valence-Romans, l&rsquo;absence de deux demis de m\u00eal\u00e9e met le staff sous pression avant le match contre B\u00e9ziers. La situation est d\u00e9licate, car un manque de coh\u00e9sion peut co\u00fbter cher en termes de r\u00e9sultats.<\/p>\n<p>Les absences varient d&rsquo;une \u00e9quipe \u00e0 l&rsquo;autre, provoquant des situations complexes. \u00c0 Mont-de-Marsan, le retour imminent de Tom\u00e0s Lezana pourrait offrir un nouveau souffle \u00e0 une \u00e9quipe qui peine \u00e0 trouver ses rep\u00e8res. Les clubs doivent donc anticiper et s&rsquo;ajuster pour rester comp\u00e9titifs dans cette comp\u00e9tition exigeante.<\/p>\n<ul>\n<li>Provence Rugby : retours de Mathias Colombet et d&rsquo;autres joueurs cl\u00e9s.<\/li>\n<li>Soyaux-Angoul\u00eame : Jonny May et d&rsquo;autres joueurs reviennent sur le terrain.<\/li>\n<li>B\u00e9ziers : perte de Cl\u00e9ment Ancely pour le reste de la saison.<\/li>\n<li>Valence-Romans : absence de deux demis de m\u00eal\u00e9e impactant l&rsquo;\u00e9quipe.<\/li>\n<li>Mont-de-Marsan : Tom\u00e0s Lezana sur le point de revenir, un bon signe pour la suite.<\/li>\n<\/ul>\n<blockquote><p>\n    \u00ab\u00a0Les blessures font partie du jeu, mais elles peuvent changer le cours d&rsquo;une saison.\u00a0\u00bb &#8211; Un entra\u00eeneur de Pro D2\n<\/p><\/blockquote>\n<p>La gestion des effectifs dans le championnat de Pro D2 est cruciale pour le succ\u00e8s des \u00e9quipes. Alors que certaines formations luttent pour maintenir leur niveau de performance malgr\u00e9 les blessures, d&rsquo;autres esp\u00e8rent que le retour de joueurs cl\u00e9s fera la diff\u00e9rence. Les prochaines journ\u00e9es s&rsquo;annoncent particuli\u00e8rement int\u00e9ressantes, avec des enjeux \u00e9lev\u00e9s pour chaque \u00e9quipe en pr\u00e9sence.<img decoding=\"async\" width=\"1024\" height=\"576\" src=\"https:\/\/sport-index.fr\/blog\/wp-content\/uploads\/2025\/02\/stability-pro-d2-etat-des-lieux-des-effectifs-avant-la-21e-journee-absences-et-retours-des-joueurs-1.png\" class=\"aligncenter\" alt=\"Illustration d\u00e9taill\u00e9e sur Pro D2 : \u00e9tat des lieux des effectifs avant la 21e journ\u00e9e, absences et retours des joueurs\" title=\"Pro D2 : \u00e9tat des lieux des effectifs avant la 21e journ\u00e9e, absences et retours des joueurs\" loading=\"lazy\" \/><\/p>\n","protected":false},"excerpt":{"rendered":"","protected":false},"author":34,"featured_media":9873,"comment_status":"open","ping_status":"open","sticky":false,"template":"","format":"standard","meta":{"_acf_changed":false,"manual_indexmenow":false,"indexmenow_id_project":0,"footnotes":""},"categories":[1],"tags":[4585,4561,4632,4655,4408],"class_list":["post-9872","post","type-post","status-publish","format-standard","has-post-thumbnail","hentry","category-a-la-une","tag-cohesion-dequipe","tag-gestion-des-talents","tag-performance-sportive","tag-prevention-des-blessures","tag-resilience","generate-columns","tablet-grid-50","mobile-grid-100","grid-parent","grid-25"],"acf":[],"yoast_head":"<!-- This site is optimized with the Yoast SEO Premium plugin v21.3 (Yoast SEO v26.5) - https:\/\/yoast.com\/wordpress\/plugins\/seo\/ -->\n<title>Pro D2 : \u00e9tat des lieux des effectifs avant la 21e journ\u00e9e<\/title>\n<meta name=\"description\" content=\"Les blessures, un enjeu majeur pour les \u00e9quipes Le championnat de Pro D2 est marqu\u00e9 par une s\u00e9rie de blessures qui impactent les performances des\u2026\" \/>\n<meta name=\"robots\" content=\"index, follow, max-snippet:-1, max-image-preview:large, max-video-preview:-1\" \/>\n<link rel=\"canonical\" href=\"https:\/\/sport-index.fr\/blog\/a-la-une\/pro-d2-etat-des-lieux-des-effectifs-avant-la-21e-journee-absences-et-retours-des-joueurs\/\" \/>\n<meta property=\"og:locale\" content=\"fr_FR\" \/>\n<meta property=\"og:type\" content=\"article\" \/>\n<meta property=\"og:title\" content=\"Pro D2 : \u00e9tat des lieux des effectifs avant la 21e journ\u00e9e\" \/>\n<meta property=\"og:description\" content=\"Les blessures, un enjeu majeur pour les \u00e9quipes Le championnat de Pro D2 est marqu\u00e9 par une s\u00e9rie de blessures qui impactent les performances des\u2026\" \/>\n<meta property=\"og:url\" content=\"https:\/\/sport-index.fr\/blog\/a-la-une\/pro-d2-etat-des-lieux-des-effectifs-avant-la-21e-journee-absences-et-retours-des-joueurs\/\" \/>\n<meta property=\"og:site_name\" content=\"sport-index\" \/>\n<meta property=\"og:image\" content=\"https:\/\/sport-index.fr\/blog\/wp-content\/uploads\/2025\/02\/stability-pro-d2-etat-des-lieux-des-effectifs-avant-la-21e-journee-absences-et-retours-des-joueurs.png\" \/>\n\t<meta property=\"og:image:width\" content=\"1024\" \/>\n\t<meta property=\"og:image:height\" content=\"576\" \/>\n\t<meta property=\"og:image:type\" content=\"image\/png\" \/>\n<meta name=\"author\" content=\"Axel Lauzier\" \/>\n<meta name=\"twitter:card\" content=\"summary_large_image\" \/>\n<script type=\"application\/ld+json\" class=\"yoast-schema-graph\">{\"@context\":\"https:\/\/schema.org\",\"@graph\":[{\"@type\":\"NewsArticle\",\"@id\":\"https:\/\/sport-index.fr\/blog\/a-la-une\/pro-d2-etat-des-lieux-des-effectifs-avant-la-21e-journee-absences-et-retours-des-joueurs\/#article\",\"isPartOf\":{\"@id\":\"https:\/\/sport-index.fr\/blog\/a-la-une\/pro-d2-etat-des-lieux-des-effectifs-avant-la-21e-journee-absences-et-retours-des-joueurs\/\"},\"author\":{\"name\":\"Axel Lauzier\",\"@id\":\"https:\/\/sport-index.fr\/blog\/#\/schema\/person\/3c864cdc320801e3db34b663e7e3f816\"},\"headline\":\"Pro D2 : \u00e9tat des lieux des effectifs avant la 21e journ\u00e9e, absences et retours des joueurs\",\"datePublished\":\"2025-02-22T11:36:51+00:00\",\"mainEntityOfPage\":{\"@id\":\"https:\/\/sport-index.fr\/blog\/a-la-une\/pro-d2-etat-des-lieux-des-effectifs-avant-la-21e-journee-absences-et-retours-des-joueurs\/\"},\"wordCount\":531,\"commentCount\":16,\"publisher\":{\"@id\":\"https:\/\/sport-index.fr\/blog\/#organization\"},\"image\":{\"@id\":\"https:\/\/sport-index.fr\/blog\/a-la-une\/pro-d2-etat-des-lieux-des-effectifs-avant-la-21e-journee-absences-et-retours-des-joueurs\/#primaryimage\"},\"thumbnailUrl\":\"https:\/\/sport-index.fr\/blog\/wp-content\/uploads\/2025\/02\/stability-pro-d2-etat-des-lieux-des-effectifs-avant-la-21e-journee-absences-et-retours-des-joueurs.png\",\"keywords\":[\"Coh\u00e9sion d'\u00c9quipe\",\"Gestion des Talents\",\"Performance sportive\",\"Pr\u00e9vention des Blessures\",\"R\u00e9silience\"],\"articleSection\":[\"\u00c0 la une\"],\"inLanguage\":\"fr-FR\",\"potentialAction\":[{\"@type\":\"CommentAction\",\"name\":\"Comment\",\"target\":[\"https:\/\/sport-index.fr\/blog\/a-la-une\/pro-d2-etat-des-lieux-des-effectifs-avant-la-21e-journee-absences-et-retours-des-joueurs\/#respond\"]}]},{\"@type\":\"WebPage\",\"@id\":\"https:\/\/sport-index.fr\/blog\/a-la-une\/pro-d2-etat-des-lieux-des-effectifs-avant-la-21e-journee-absences-et-retours-des-joueurs\/\",\"url\":\"https:\/\/sport-index.fr\/blog\/a-la-une\/pro-d2-etat-des-lieux-des-effectifs-avant-la-21e-journee-absences-et-retours-des-joueurs\/\",\"name\":\"Pro D2 : \u00e9tat des lieux des effectifs avant la 21e journ\u00e9e\",\"isPartOf\":{\"@id\":\"https:\/\/sport-index.fr\/blog\/#website\"},\"primaryImageOfPage\":{\"@id\":\"https:\/\/sport-index.fr\/blog\/a-la-une\/pro-d2-etat-des-lieux-des-effectifs-avant-la-21e-journee-absences-et-retours-des-joueurs\/#primaryimage\"},\"image\":{\"@id\":\"https:\/\/sport-index.fr\/blog\/a-la-une\/pro-d2-etat-des-lieux-des-effectifs-avant-la-21e-journee-absences-et-retours-des-joueurs\/#primaryimage\"},\"thumbnailUrl\":\"https:\/\/sport-index.fr\/blog\/wp-content\/uploads\/2025\/02\/stability-pro-d2-etat-des-lieux-des-effectifs-avant-la-21e-journee-absences-et-retours-des-joueurs.png\",\"datePublished\":\"2025-02-22T11:36:51+00:00\",\"description\":\"Les blessures, un enjeu majeur pour les \u00e9quipes Le championnat de Pro D2 est marqu\u00e9 par une s\u00e9rie de blessures qui impactent les performances des\u2026\",\"inLanguage\":\"fr-FR\",\"potentialAction\":[{\"@type\":\"ReadAction\",\"target\":[\"https:\/\/sport-index.fr\/blog\/a-la-une\/pro-d2-etat-des-lieux-des-effectifs-avant-la-21e-journee-absences-et-retours-des-joueurs\/\"]}]},{\"@type\":\"ImageObject\",\"inLanguage\":\"fr-FR\",\"@id\":\"https:\/\/sport-index.fr\/blog\/a-la-une\/pro-d2-etat-des-lieux-des-effectifs-avant-la-21e-journee-absences-et-retours-des-joueurs\/#primaryimage\",\"url\":\"https:\/\/sport-index.fr\/blog\/wp-content\/uploads\/2025\/02\/stability-pro-d2-etat-des-lieux-des-effectifs-avant-la-21e-journee-absences-et-retours-des-joueurs.png\",\"contentUrl\":\"https:\/\/sport-index.fr\/blog\/wp-content\/uploads\/2025\/02\/stability-pro-d2-etat-des-lieux-des-effectifs-avant-la-21e-journee-absences-et-retours-des-joueurs.png\",\"width\":1024,\"height\":576},{\"@type\":\"WebSite\",\"@id\":\"https:\/\/sport-index.fr\/blog\/#website\",\"url\":\"https:\/\/sport-index.fr\/blog\/\",\"name\":\"sport-index.fr\",\"description\":\"Le score de l\u2019analyse sportive.\",\"publisher\":{\"@id\":\"https:\/\/sport-index.fr\/blog\/#organization\"},\"alternateName\":\"Le score de l\u2019analyse sportive.\",\"potentialAction\":[{\"@type\":\"SearchAction\",\"target\":{\"@type\":\"EntryPoint\",\"urlTemplate\":\"https:\/\/sport-index.fr\/blog\/?s={search_term_string}\"},\"query-input\":{\"@type\":\"PropertyValueSpecification\",\"valueRequired\":true,\"valueName\":\"search_term_string\"}}],\"inLanguage\":\"fr-FR\"},{\"@type\":\"Organization\",\"@id\":\"https:\/\/sport-index.fr\/blog\/#organization\",\"name\":\"Foretsensations.fr\",\"url\":\"https:\/\/sport-index.fr\/blog\/\",\"logo\":{\"@type\":\"ImageObject\",\"inLanguage\":\"fr-FR\",\"@id\":\"https:\/\/sport-index.fr\/blog\/#\/schema\/logo\/image\/\",\"url\":\"https:\/\/sport-index.fr\/blog\/wp-content\/uploads\/2026\/07\/logo-auto.png\",\"contentUrl\":\"https:\/\/sport-index.fr\/blog\/wp-content\/uploads\/2026\/07\/logo-auto.png\",\"width\":1024,\"height\":1024,\"caption\":\"Foretsensations.fr\"},\"image\":{\"@id\":\"https:\/\/sport-index.fr\/blog\/#\/schema\/logo\/image\/\"}},{\"@type\":\"Person\",\"@id\":\"https:\/\/sport-index.fr\/blog\/#\/schema\/person\/3c864cdc320801e3db34b663e7e3f816\",\"name\":\"Axel Lauzier\",\"image\":{\"@type\":\"ImageObject\",\"inLanguage\":\"fr-FR\",\"@id\":\"https:\/\/sport-index.fr\/blog\/#\/schema\/person\/image\/\",\"url\":\"https:\/\/sport-index.fr\/blog\/wp-content\/uploads\/2026\/06\/persona_axel-l-96x96.jpg\",\"contentUrl\":\"https:\/\/sport-index.fr\/blog\/wp-content\/uploads\/2026\/06\/persona_axel-l-96x96.jpg\",\"caption\":\"Axel Lauzier\"},\"description\":\"Le sport rythme mon quotidien depuis l'enfance, et j'en ai fait mon m\u00e9tier d'analyste r\u00e9dactionnel il y a une dizaine d'ann\u00e9es. Je couvre principalement le football, son actualit\u00e9, ses transferts et l'analyse tactique des grandes affiches, mais aussi les disciplines plus confidentielles que j'aime remettre en lumi\u00e8re. Une partie de mon travail porte sur les pronostics et la lecture statistique d'un match : forme des \u00e9quipes, historique des confrontations, compositions, sans jamais vendre de fausse certitude. Je rappelle syst\u00e9matiquement que parier comporte un risque et doit rester un loisir ma\u00eetris\u00e9. Avant de signer une analyse, je v\u00e9rifie mes chiffres, je recoupe les compositions probables et je distingue toujours la donn\u00e9e brute de l'intuition. Mon objectif : offrir une lecture honn\u00eate et argument\u00e9e, pas un ticket gagnant garanti.\",\"sameAs\":[\"https:\/\/axellauzier.fr\/\"],\"url\":\"https:\/\/sport-index.fr\/blog\/auteur\/noname\/\"}]}<\/script>\n<!-- \/ Yoast SEO Premium plugin. -->","yoast_head_json":{"title":"Pro D2 : \u00e9tat des lieux des effectifs avant la 21e journ\u00e9e","description":"Les blessures, un enjeu majeur pour les \u00e9quipes Le championnat de Pro D2 est marqu\u00e9 par une s\u00e9rie de blessures qui impactent les performances des\u2026","robots":{"index":"index","follow":"follow","max-snippet":"max-snippet:-1","max-image-preview":"max-image-preview:large","max-video-preview":"max-video-preview:-1"},"canonical":"https:\/\/sport-index.fr\/blog\/a-la-une\/pro-d2-etat-des-lieux-des-effectifs-avant-la-21e-journee-absences-et-retours-des-joueurs\/","og_locale":"fr_FR","og_type":"article","og_title":"Pro D2 : \u00e9tat des lieux des effectifs avant la 21e journ\u00e9e","og_description":"Les blessures, un enjeu majeur pour les \u00e9quipes Le championnat de Pro D2 est marqu\u00e9 par une s\u00e9rie de blessures qui impactent les performances des\u2026","og_url":"https:\/\/sport-index.fr\/blog\/a-la-une\/pro-d2-etat-des-lieux-des-effectifs-avant-la-21e-journee-absences-et-retours-des-joueurs\/","og_site_name":"sport-index","og_image":[{"width":1024,"height":576,"url":"https:\/\/sport-index.fr\/blog\/wp-content\/uploads\/2025\/02\/stability-pro-d2-etat-des-lieux-des-effectifs-avant-la-21e-journee-absences-et-retours-des-joueurs.png","type":"image\/png"}],"author":"Axel Lauzier","twitter_card":"summary_large_image","schema":{"@context":"https:\/\/schema.org","@graph":[{"@type":"NewsArticle","@id":"https:\/\/sport-index.fr\/blog\/a-la-une\/pro-d2-etat-des-lieux-des-effectifs-avant-la-21e-journee-absences-et-retours-des-joueurs\/#article","isPartOf":{"@id":"https:\/\/sport-index.fr\/blog\/a-la-une\/pro-d2-etat-des-lieux-des-effectifs-avant-la-21e-journee-absences-et-retours-des-joueurs\/"},"author":{"name":"Axel Lauzier","@id":"https:\/\/sport-index.fr\/blog\/#\/schema\/person\/3c864cdc320801e3db34b663e7e3f816"},"headline":"Pro D2 : \u00e9tat des lieux des effectifs avant la 21e journ\u00e9e, absences et retours des joueurs","datePublished":"2025-02-22T11:36:51+00:00","mainEntityOfPage":{"@id":"https:\/\/sport-index.fr\/blog\/a-la-une\/pro-d2-etat-des-lieux-des-effectifs-avant-la-21e-journee-absences-et-retours-des-joueurs\/"},"wordCount":531,"commentCount":16,"publisher":{"@id":"https:\/\/sport-index.fr\/blog\/#organization"},"image":{"@id":"https:\/\/sport-index.fr\/blog\/a-la-une\/pro-d2-etat-des-lieux-des-effectifs-avant-la-21e-journee-absences-et-retours-des-joueurs\/#primaryimage"},"thumbnailUrl":"https:\/\/sport-index.fr\/blog\/wp-content\/uploads\/2025\/02\/stability-pro-d2-etat-des-lieux-des-effectifs-avant-la-21e-journee-absences-et-retours-des-joueurs.png","keywords":["Coh\u00e9sion d'\u00c9quipe","Gestion des Talents","Performance sportive","Pr\u00e9vention des Blessures","R\u00e9silience"],"articleSection":["\u00c0 la une"],"inLanguage":"fr-FR","potentialAction":[{"@type":"CommentAction","name":"Comment","target":["https:\/\/sport-index.fr\/blog\/a-la-une\/pro-d2-etat-des-lieux-des-effectifs-avant-la-21e-journee-absences-et-retours-des-joueurs\/#respond"]}]},{"@type":"WebPage","@id":"https:\/\/sport-index.fr\/blog\/a-la-une\/pro-d2-etat-des-lieux-des-effectifs-avant-la-21e-journee-absences-et-retours-des-joueurs\/","url":"https:\/\/sport-index.fr\/blog\/a-la-une\/pro-d2-etat-des-lieux-des-effectifs-avant-la-21e-journee-absences-et-retours-des-joueurs\/","name":"Pro D2 : \u00e9tat des lieux des effectifs avant la 21e journ\u00e9e","isPartOf":{"@id":"https:\/\/sport-index.fr\/blog\/#website"},"primaryImageOfPage":{"@id":"https:\/\/sport-index.fr\/blog\/a-la-une\/pro-d2-etat-des-lieux-des-effectifs-avant-la-21e-journee-absences-et-retours-des-joueurs\/#primaryimage"},"image":{"@id":"https:\/\/sport-index.fr\/blog\/a-la-une\/pro-d2-etat-des-lieux-des-effectifs-avant-la-21e-journee-absences-et-retours-des-joueurs\/#primaryimage"},"thumbnailUrl":"https:\/\/sport-index.fr\/blog\/wp-content\/uploads\/2025\/02\/stability-pro-d2-etat-des-lieux-des-effectifs-avant-la-21e-journee-absences-et-retours-des-joueurs.png","datePublished":"2025-02-22T11:36:51+00:00","description":"Les blessures, un enjeu majeur pour les \u00e9quipes Le championnat de Pro D2 est marqu\u00e9 par une s\u00e9rie de blessures qui impactent les performances des\u2026","inLanguage":"fr-FR","potentialAction":[{"@type":"ReadAction","target":["https:\/\/sport-index.fr\/blog\/a-la-une\/pro-d2-etat-des-lieux-des-effectifs-avant-la-21e-journee-absences-et-retours-des-joueurs\/"]}]},{"@type":"ImageObject","inLanguage":"fr-FR","@id":"https:\/\/sport-index.fr\/blog\/a-la-une\/pro-d2-etat-des-lieux-des-effectifs-avant-la-21e-journee-absences-et-retours-des-joueurs\/#primaryimage","url":"https:\/\/sport-index.fr\/blog\/wp-content\/uploads\/2025\/02\/stability-pro-d2-etat-des-lieux-des-effectifs-avant-la-21e-journee-absences-et-retours-des-joueurs.png","contentUrl":"https:\/\/sport-index.fr\/blog\/wp-content\/uploads\/2025\/02\/stability-pro-d2-etat-des-lieux-des-effectifs-avant-la-21e-journee-absences-et-retours-des-joueurs.png","width":1024,"height":576},{"@type":"WebSite","@id":"https:\/\/sport-index.fr\/blog\/#website","url":"https:\/\/sport-index.fr\/blog\/","name":"sport-index.fr","description":"Le score de l\u2019analyse sportive.","publisher":{"@id":"https:\/\/sport-index.fr\/blog\/#organization"},"alternateName":"Le score de l\u2019analyse sportive.","potentialAction":[{"@type":"SearchAction","target":{"@type":"EntryPoint","urlTemplate":"https:\/\/sport-index.fr\/blog\/?s={search_term_string}"},"query-input":{"@type":"PropertyValueSpecification","valueRequired":true,"valueName":"search_term_string"}}],"inLanguage":"fr-FR"},{"@type":"Organization","@id":"https:\/\/sport-index.fr\/blog\/#organization","name":"Foretsensations.fr","url":"https:\/\/sport-index.fr\/blog\/","logo":{"@type":"ImageObject","inLanguage":"fr-FR","@id":"https:\/\/sport-index.fr\/blog\/#\/schema\/logo\/image\/","url":"https:\/\/sport-index.fr\/blog\/wp-content\/uploads\/2026\/07\/logo-auto.png","contentUrl":"https:\/\/sport-index.fr\/blog\/wp-content\/uploads\/2026\/07\/logo-auto.png","width":1024,"height":1024,"caption":"Foretsensations.fr"},"image":{"@id":"https:\/\/sport-index.fr\/blog\/#\/schema\/logo\/image\/"}},{"@type":"Person","@id":"https:\/\/sport-index.fr\/blog\/#\/schema\/person\/3c864cdc320801e3db34b663e7e3f816","name":"Axel Lauzier","image":{"@type":"ImageObject","inLanguage":"fr-FR","@id":"https:\/\/sport-index.fr\/blog\/#\/schema\/person\/image\/","url":"https:\/\/sport-index.fr\/blog\/wp-content\/uploads\/2026\/06\/persona_axel-l-96x96.jpg","contentUrl":"https:\/\/sport-index.fr\/blog\/wp-content\/uploads\/2026\/06\/persona_axel-l-96x96.jpg","caption":"Axel Lauzier"},"description":"Le sport rythme mon quotidien depuis l'enfance, et j'en ai fait mon m\u00e9tier d'analyste r\u00e9dactionnel il y a une dizaine d'ann\u00e9es. Je couvre principalement le football, son actualit\u00e9, ses transferts et l'analyse tactique des grandes affiches, mais aussi les disciplines plus confidentielles que j'aime remettre en lumi\u00e8re. Une partie de mon travail porte sur les pronostics et la lecture statistique d'un match : forme des \u00e9quipes, historique des confrontations, compositions, sans jamais vendre de fausse certitude. Je rappelle syst\u00e9matiquement que parier comporte un risque et doit rester un loisir ma\u00eetris\u00e9. Avant de signer une analyse, je v\u00e9rifie mes chiffres, je recoupe les compositions probables et je distingue toujours la donn\u00e9e brute de l'intuition. Mon objectif : offrir une lecture honn\u00eate et argument\u00e9e, pas un ticket gagnant garanti.","sameAs":["https:\/\/axellauzier.fr\/"],"url":"https:\/\/sport-index.fr\/blog\/auteur\/noname\/"}]}},"_links":{"self":[{"href":"https:\/\/sport-index.fr\/blog\/wp-json\/wp\/v2\/posts\/9872","targetHints":{"allow":["GET"]}}],"collection":[{"href":"https:\/\/sport-index.fr\/blog\/wp-json\/wp\/v2\/posts"}],"about":[{"href":"https:\/\/sport-index.fr\/blog\/wp-json\/wp\/v2\/types\/post"}],"author":[{"embeddable":true,"href":"https:\/\/sport-index.fr\/blog\/wp-json\/wp\/v2\/users\/34"}],"replies":[{"embeddable":true,"href":"https:\/\/sport-index.fr\/blog\/wp-json\/wp\/v2\/comments?post=9872"}],"version-history":[{"count":1,"href":"https:\/\/sport-index.fr\/blog\/wp-json\/wp\/v2\/posts\/9872\/revisions"}],"predecessor-version":[{"id":9875,"href":"https:\/\/sport-index.fr\/blog\/wp-json\/wp\/v2\/posts\/9872\/revisions\/9875"}],"wp:featuredmedia":[{"embeddable":true,"href":"https:\/\/sport-index.fr\/blog\/wp-json\/wp\/v2\/media\/9873"}],"wp:attachment":[{"href":"https:\/\/sport-index.fr\/blog\/wp-json\/wp\/v2\/media?parent=9872"}],"wp:term":[{"taxonomy":"category","embeddable":true,"href":"https:\/\/sport-index.fr\/blog\/wp-json\/wp\/v2\/categories?post=9872"},{"taxonomy":"post_tag","embeddable":true,"href":"https:\/\/sport-index.fr\/blog\/wp-json\/wp\/v2\/tags?post=9872"}],"curies":[{"name":"wp","href":"https:\/\/api.w.org\/{rel}","templated":true}]}}