{"id":9938,"date":"2025-02-22T13:11:29","date_gmt":"2025-02-22T12:11:29","guid":{"rendered":"https:\/\/sport-index.fr\/blog\/?p=9938"},"modified":"2025-02-20T19:33:09","modified_gmt":"2025-02-20T18:33:09","slug":"la-rochelle-face-a-la-tempete-gurthro-steenkamp-evoque-le-combat-crucial-contre-le-racing","status":"publish","type":"post","link":"https:\/\/sport-index.fr\/blog\/a-la-une\/la-rochelle-face-a-la-tempete-gurthro-steenkamp-evoque-le-combat-crucial-contre-le-racing\/","title":{"rendered":"La Rochelle face \u00e0 la temp\u00eate : Gurthr\u00f6 Steenkamp \u00e9voque le combat crucial contre le Racing"},"content":{"rendered":"<h2>Un contexte difficile mais une volont\u00e9 de rebondir<\/h2>\n<p>Gurthr\u00f6 Steenkamp, entra\u00eeneur de la m\u00eal\u00e9e, a soulign\u00e9 l&rsquo;importance de se concentrer sur le combat lors du match contre le Racing. \u00ab\u00a0C&rsquo;est un match capital ce week-end, et nous devons redoubler d&rsquo;efforts\u00a0\u00bb, a-t-il d\u00e9clar\u00e9.<\/p>\n<p>Cette situation g\u00e9n\u00e8re une pression palpable au sein de l&rsquo;\u00e9quipe. Les joueurs, jeunes pour certains, sont d\u00e9termin\u00e9s \u00e0 relever le d\u00e9fi et \u00e0 montrer une autre facette de leur jeu. \u00ab\u00a0C&rsquo;est essentiel de r\u00e9pondre pr\u00e9sents, notamment dans les duels\u00a0\u00bb, a insist\u00e9 Steenkamp.<\/p>\n<h2>Un groupe soud\u00e9 malgr\u00e9 les difficult\u00e9s<\/h2>\n<p>Malgr\u00e9 les r\u00e9sultats, l&rsquo;entra\u00eeneur a tenu \u00e0 rappeler la solidarit\u00e9 qui r\u00e8gne au sein du groupe. \u00ab\u00a0On est une \u00e9quipe. On gagne ensemble et on perd ensemble\u00a0\u00bb, a-t-il affirm\u00e9. Ce sentiment d&rsquo;unit\u00e9 est crucial pour surmonter les \u00e9preuves et retrouver un niveau de jeu satisfaisant.<\/p>\n<p>Les discussions franches au sein de l&rsquo;\u00e9quipe permettent d&rsquo;identifier les probl\u00e8mes et d&rsquo;y rem\u00e9dier. \u00ab\u00a0On ne va pas accepter ces performances\u00a0\u00bb, a-t-il pr\u00e9cis\u00e9, soulignant la n\u00e9cessit\u00e9 d&rsquo;une remise en question collective.<img decoding=\"async\" width=\"1024\" height=\"576\" src=\"https:\/\/sport-index.fr\/blog\/wp-content\/uploads\/2025\/02\/stability-la-rochelle-face-a-la-tempete-gurthro-steenkamp-evoque-le-combat-crucial-contre-le-racing-1.png\" class=\"aligncenter\" alt=\"Illustration d\u00e9taill\u00e9e sur La Rochelle face \u00e0 la temp\u00eate : Gurthr\u00f6 Steenkamp \u00e9voque le combat crucial contre le Racing\" title=\"La Rochelle face \u00e0 la temp\u00eate : Gurthr\u00f6 Steenkamp \u00e9voque le combat crucial contre le Racing\" loading=\"lazy\" \/><\/p>\n<h2>Un retour aux fondamentaux pour retrouver la victoire<\/h2>\n<p>Pour Gurthr\u00f6 Steenkamp, le retour de joueurs exp\u00e9riment\u00e9s comme Will Skelton et Pierre Bourgarit est un atout non n\u00e9gligeable. \u00ab\u00a0Ils vont apporter de l&rsquo;\u00e9nergie et cr\u00e9er une bonne ambiance\u00a0\u00bb, a-t-il d\u00e9clar\u00e9. Cependant, il insiste sur le fait que chaque joueur doit prendre ses responsabilit\u00e9s pour que l&rsquo;\u00e9quipe puisse performer.<\/p>\n<p>Il est imp\u00e9ratif de retrouver la mentalit\u00e9 de \u00ab\u00a0morts de faim\u00a0\u00bb, condition sine qua non pour retrouver la victoire. Les joueurs doivent se concentrer sur leurs objectifs individuels pour contribuer \u00e0 l&rsquo;efficacit\u00e9 collective.<\/p>\n<blockquote><p>\nOn attend de nos joueurs qu&rsquo;ils rel\u00e8vent le d\u00e9fi ce week-end, qu&rsquo;ils r\u00e9pondent pr\u00e9sents, notamment dans le combat. Il faut gagner les duels, les collisions, avant de jouer au rugby.\n<\/p><\/blockquote>\n<ul>\n<li>Le Stade Rochelais doit retrouver son \u00e9tat d&rsquo;esprit combatif.<\/li>\n<li>Les joueurs doivent apprendre des erreurs pass\u00e9es pour avancer.<\/li>\n<li>Le soutien des fans est crucial pour motiver l&rsquo;\u00e9quipe.<\/li>\n<\/ul>\n<p>Le manager Ronan O\u2019Gara a \u00e9galement soulign\u00e9 que le malaise au sein de l&rsquo;\u00e9quipe ne doit pas \u00eatre interpr\u00e9t\u00e9 comme une fracture. Bien que la d\u00e9faite contre Lyon (53-17) ait \u00e9t\u00e9 difficile \u00e0 encaisser, il est essentiel de rester concentr\u00e9 sur l&rsquo;avenir. \u00ab\u00a0Ce qu&rsquo;on a v\u00e9cu contre Lyon, c&rsquo;\u00e9tait dur, je ne peux pas dire autre chose\u00a0\u00bb, a reconnu Steenkamp.<\/p>\n<p>Il est essentiel que l&rsquo;\u00e9quipe apprenne de ses erreurs pour ne pas r\u00e9p\u00e9ter les m\u00eames sch\u00e9mas. \u00ab\u00a0C&rsquo;est ce genre de discussions qu&rsquo;on a ces derniers temps au club\u00a0\u00bb, a-t-il pr\u00e9cis\u00e9, montrant ainsi la d\u00e9termination de l&rsquo;\u00e9quipe \u00e0 \u00e9voluer et \u00e0 s&rsquo;am\u00e9liorer.<\/p>\n<p>Pour conclure, la rencontre contre le Racing sera un test d\u00e9cisif pour le Stade Rochelais. Les joueurs devront faire preuve de caract\u00e8re et de d\u00e9termination pour briser cette spirale n\u00e9gative. L&rsquo;engagement de chacun et la capacit\u00e9 \u00e0 se serrer les coudes seront d\u00e9terminants pour retrouver le succ\u00e8s sur le terrain.<\/p>\n","protected":false},"excerpt":{"rendered":"","protected":false},"author":34,"featured_media":9939,"comment_status":"open","ping_status":"open","sticky":false,"template":"","format":"standard","meta":{"_acf_changed":false,"manual_indexmenow":false,"indexmenow_id_project":0,"footnotes":""},"categories":[1],"tags":[4585,4561,4632,4885,4408],"class_list":["post-9938","post","type-post","status-publish","format-standard","has-post-thumbnail","hentry","category-a-la-une","tag-cohesion-dequipe","tag-gestion-des-talents","tag-performance-sportive","tag-preparation-mentale","tag-resilience","generate-columns","tablet-grid-50","mobile-grid-100","grid-parent","grid-25"],"acf":[],"yoast_head":"<!-- This site is optimized with the Yoast SEO Premium plugin v21.3 (Yoast SEO v26.5) - https:\/\/yoast.com\/wordpress\/plugins\/seo\/ -->\n<title>La Rochelle face \u00e0 la temp\u00eate : Gurthr\u00f6 Steenkamp \u00e9voque<\/title>\n<meta name=\"description\" content=\"Un contexte difficile mais une volont\u00e9 de rebondir Gurthr\u00f6 Steenkamp, entra\u00eeneur de la m\u00eal\u00e9e, a soulign\u00e9 l&#039;importance de se concentrer sur le combat lors\u2026\" \/>\n<meta name=\"robots\" content=\"index, follow, max-snippet:-1, max-image-preview:large, max-video-preview:-1\" \/>\n<link rel=\"canonical\" href=\"https:\/\/sport-index.fr\/blog\/a-la-une\/la-rochelle-face-a-la-tempete-gurthro-steenkamp-evoque-le-combat-crucial-contre-le-racing\/\" \/>\n<meta property=\"og:locale\" content=\"fr_FR\" \/>\n<meta property=\"og:type\" content=\"article\" \/>\n<meta property=\"og:title\" content=\"La Rochelle face \u00e0 la temp\u00eate : Gurthr\u00f6 Steenkamp \u00e9voque\" \/>\n<meta property=\"og:description\" content=\"Un contexte difficile mais une volont\u00e9 de rebondir Gurthr\u00f6 Steenkamp, entra\u00eeneur de la m\u00eal\u00e9e, a soulign\u00e9 l&#039;importance de se concentrer sur le combat lors\u2026\" \/>\n<meta property=\"og:url\" content=\"https:\/\/sport-index.fr\/blog\/a-la-une\/la-rochelle-face-a-la-tempete-gurthro-steenkamp-evoque-le-combat-crucial-contre-le-racing\/\" \/>\n<meta property=\"og:site_name\" content=\"sport-index\" \/>\n<meta property=\"og:image\" content=\"https:\/\/sport-index.fr\/blog\/wp-content\/uploads\/2025\/02\/stability-la-rochelle-face-a-la-tempete-gurthro-steenkamp-evoque-le-combat-crucial-contre-le-racing.png\" \/>\n\t<meta property=\"og:image:width\" content=\"1024\" \/>\n\t<meta property=\"og:image:height\" content=\"576\" \/>\n\t<meta property=\"og:image:type\" content=\"image\/png\" \/>\n<meta name=\"author\" content=\"Axel Lauzier\" \/>\n<meta name=\"twitter:card\" content=\"summary_large_image\" \/>\n<script type=\"application\/ld+json\" class=\"yoast-schema-graph\">{\"@context\":\"https:\/\/schema.org\",\"@graph\":[{\"@type\":\"NewsArticle\",\"@id\":\"https:\/\/sport-index.fr\/blog\/a-la-une\/la-rochelle-face-a-la-tempete-gurthro-steenkamp-evoque-le-combat-crucial-contre-le-racing\/#article\",\"isPartOf\":{\"@id\":\"https:\/\/sport-index.fr\/blog\/a-la-une\/la-rochelle-face-a-la-tempete-gurthro-steenkamp-evoque-le-combat-crucial-contre-le-racing\/\"},\"author\":{\"name\":\"Axel Lauzier\",\"@id\":\"https:\/\/sport-index.fr\/blog\/#\/schema\/person\/3c864cdc320801e3db34b663e7e3f816\"},\"headline\":\"La Rochelle face \u00e0 la temp\u00eate : Gurthr\u00f6 Steenkamp \u00e9voque le combat crucial contre le Racing\",\"datePublished\":\"2025-02-22T12:11:29+00:00\",\"mainEntityOfPage\":{\"@id\":\"https:\/\/sport-index.fr\/blog\/a-la-une\/la-rochelle-face-a-la-tempete-gurthro-steenkamp-evoque-le-combat-crucial-contre-le-racing\/\"},\"wordCount\":547,\"commentCount\":22,\"publisher\":{\"@id\":\"https:\/\/sport-index.fr\/blog\/#organization\"},\"image\":{\"@id\":\"https:\/\/sport-index.fr\/blog\/a-la-une\/la-rochelle-face-a-la-tempete-gurthro-steenkamp-evoque-le-combat-crucial-contre-le-racing\/#primaryimage\"},\"thumbnailUrl\":\"https:\/\/sport-index.fr\/blog\/wp-content\/uploads\/2025\/02\/stability-la-rochelle-face-a-la-tempete-gurthro-steenkamp-evoque-le-combat-crucial-contre-le-racing.png\",\"keywords\":[\"Coh\u00e9sion d'\u00c9quipe\",\"Gestion des Talents\",\"Performance sportive\",\"Pr\u00e9paration Mentale\",\"R\u00e9silience\"],\"articleSection\":[\"\u00c0 la une\"],\"inLanguage\":\"fr-FR\",\"potentialAction\":[{\"@type\":\"CommentAction\",\"name\":\"Comment\",\"target\":[\"https:\/\/sport-index.fr\/blog\/a-la-une\/la-rochelle-face-a-la-tempete-gurthro-steenkamp-evoque-le-combat-crucial-contre-le-racing\/#respond\"]}]},{\"@type\":\"WebPage\",\"@id\":\"https:\/\/sport-index.fr\/blog\/a-la-une\/la-rochelle-face-a-la-tempete-gurthro-steenkamp-evoque-le-combat-crucial-contre-le-racing\/\",\"url\":\"https:\/\/sport-index.fr\/blog\/a-la-une\/la-rochelle-face-a-la-tempete-gurthro-steenkamp-evoque-le-combat-crucial-contre-le-racing\/\",\"name\":\"La Rochelle face \u00e0 la temp\u00eate : Gurthr\u00f6 Steenkamp \u00e9voque\",\"isPartOf\":{\"@id\":\"https:\/\/sport-index.fr\/blog\/#website\"},\"primaryImageOfPage\":{\"@id\":\"https:\/\/sport-index.fr\/blog\/a-la-une\/la-rochelle-face-a-la-tempete-gurthro-steenkamp-evoque-le-combat-crucial-contre-le-racing\/#primaryimage\"},\"image\":{\"@id\":\"https:\/\/sport-index.fr\/blog\/a-la-une\/la-rochelle-face-a-la-tempete-gurthro-steenkamp-evoque-le-combat-crucial-contre-le-racing\/#primaryimage\"},\"thumbnailUrl\":\"https:\/\/sport-index.fr\/blog\/wp-content\/uploads\/2025\/02\/stability-la-rochelle-face-a-la-tempete-gurthro-steenkamp-evoque-le-combat-crucial-contre-le-racing.png\",\"datePublished\":\"2025-02-22T12:11:29+00:00\",\"description\":\"Un contexte difficile mais une volont\u00e9 de rebondir Gurthr\u00f6 Steenkamp, entra\u00eeneur de la m\u00eal\u00e9e, a soulign\u00e9 l'importance de se concentrer sur le combat lors\u2026\",\"inLanguage\":\"fr-FR\",\"potentialAction\":[{\"@type\":\"ReadAction\",\"target\":[\"https:\/\/sport-index.fr\/blog\/a-la-une\/la-rochelle-face-a-la-tempete-gurthro-steenkamp-evoque-le-combat-crucial-contre-le-racing\/\"]}]},{\"@type\":\"ImageObject\",\"inLanguage\":\"fr-FR\",\"@id\":\"https:\/\/sport-index.fr\/blog\/a-la-une\/la-rochelle-face-a-la-tempete-gurthro-steenkamp-evoque-le-combat-crucial-contre-le-racing\/#primaryimage\",\"url\":\"https:\/\/sport-index.fr\/blog\/wp-content\/uploads\/2025\/02\/stability-la-rochelle-face-a-la-tempete-gurthro-steenkamp-evoque-le-combat-crucial-contre-le-racing.png\",\"contentUrl\":\"https:\/\/sport-index.fr\/blog\/wp-content\/uploads\/2025\/02\/stability-la-rochelle-face-a-la-tempete-gurthro-steenkamp-evoque-le-combat-crucial-contre-le-racing.png\",\"width\":1024,\"height\":576},{\"@type\":\"WebSite\",\"@id\":\"https:\/\/sport-index.fr\/blog\/#website\",\"url\":\"https:\/\/sport-index.fr\/blog\/\",\"name\":\"sport-index.fr\",\"description\":\"Le score de l\u2019analyse sportive.\",\"publisher\":{\"@id\":\"https:\/\/sport-index.fr\/blog\/#organization\"},\"alternateName\":\"Le score de l\u2019analyse sportive.\",\"potentialAction\":[{\"@type\":\"SearchAction\",\"target\":{\"@type\":\"EntryPoint\",\"urlTemplate\":\"https:\/\/sport-index.fr\/blog\/?s={search_term_string}\"},\"query-input\":{\"@type\":\"PropertyValueSpecification\",\"valueRequired\":true,\"valueName\":\"search_term_string\"}}],\"inLanguage\":\"fr-FR\"},{\"@type\":\"Organization\",\"@id\":\"https:\/\/sport-index.fr\/blog\/#organization\",\"name\":\"Foretsensations.fr\",\"url\":\"https:\/\/sport-index.fr\/blog\/\",\"logo\":{\"@type\":\"ImageObject\",\"inLanguage\":\"fr-FR\",\"@id\":\"https:\/\/sport-index.fr\/blog\/#\/schema\/logo\/image\/\",\"url\":\"https:\/\/sport-index.fr\/blog\/wp-content\/uploads\/2026\/07\/logo-auto.png\",\"contentUrl\":\"https:\/\/sport-index.fr\/blog\/wp-content\/uploads\/2026\/07\/logo-auto.png\",\"width\":1024,\"height\":1024,\"caption\":\"Foretsensations.fr\"},\"image\":{\"@id\":\"https:\/\/sport-index.fr\/blog\/#\/schema\/logo\/image\/\"}},{\"@type\":\"Person\",\"@id\":\"https:\/\/sport-index.fr\/blog\/#\/schema\/person\/3c864cdc320801e3db34b663e7e3f816\",\"name\":\"Axel Lauzier\",\"image\":{\"@type\":\"ImageObject\",\"inLanguage\":\"fr-FR\",\"@id\":\"https:\/\/sport-index.fr\/blog\/#\/schema\/person\/image\/\",\"url\":\"https:\/\/sport-index.fr\/blog\/wp-content\/uploads\/2026\/06\/persona_axel-l-96x96.jpg\",\"contentUrl\":\"https:\/\/sport-index.fr\/blog\/wp-content\/uploads\/2026\/06\/persona_axel-l-96x96.jpg\",\"caption\":\"Axel Lauzier\"},\"description\":\"Le sport rythme mon quotidien depuis l'enfance, et j'en ai fait mon m\u00e9tier d'analyste r\u00e9dactionnel il y a une dizaine d'ann\u00e9es. Je couvre principalement le football, son actualit\u00e9, ses transferts et l'analyse tactique des grandes affiches, mais aussi les disciplines plus confidentielles que j'aime remettre en lumi\u00e8re. Une partie de mon travail porte sur les pronostics et la lecture statistique d'un match : forme des \u00e9quipes, historique des confrontations, compositions, sans jamais vendre de fausse certitude. Je rappelle syst\u00e9matiquement que parier comporte un risque et doit rester un loisir ma\u00eetris\u00e9. Avant de signer une analyse, je v\u00e9rifie mes chiffres, je recoupe les compositions probables et je distingue toujours la donn\u00e9e brute de l'intuition. Mon objectif : offrir une lecture honn\u00eate et argument\u00e9e, pas un ticket gagnant garanti.\",\"sameAs\":[\"https:\/\/axellauzier.fr\/\"],\"url\":\"https:\/\/sport-index.fr\/blog\/auteur\/noname\/\"}]}<\/script>\n<!-- \/ Yoast SEO Premium plugin. -->","yoast_head_json":{"title":"La Rochelle face \u00e0 la temp\u00eate : Gurthr\u00f6 Steenkamp \u00e9voque","description":"Un contexte difficile mais une volont\u00e9 de rebondir Gurthr\u00f6 Steenkamp, entra\u00eeneur de la m\u00eal\u00e9e, a soulign\u00e9 l'importance de se concentrer sur le combat lors\u2026","robots":{"index":"index","follow":"follow","max-snippet":"max-snippet:-1","max-image-preview":"max-image-preview:large","max-video-preview":"max-video-preview:-1"},"canonical":"https:\/\/sport-index.fr\/blog\/a-la-une\/la-rochelle-face-a-la-tempete-gurthro-steenkamp-evoque-le-combat-crucial-contre-le-racing\/","og_locale":"fr_FR","og_type":"article","og_title":"La Rochelle face \u00e0 la temp\u00eate : Gurthr\u00f6 Steenkamp \u00e9voque","og_description":"Un contexte difficile mais une volont\u00e9 de rebondir Gurthr\u00f6 Steenkamp, entra\u00eeneur de la m\u00eal\u00e9e, a soulign\u00e9 l'importance de se concentrer sur le combat lors\u2026","og_url":"https:\/\/sport-index.fr\/blog\/a-la-une\/la-rochelle-face-a-la-tempete-gurthro-steenkamp-evoque-le-combat-crucial-contre-le-racing\/","og_site_name":"sport-index","og_image":[{"width":1024,"height":576,"url":"https:\/\/sport-index.fr\/blog\/wp-content\/uploads\/2025\/02\/stability-la-rochelle-face-a-la-tempete-gurthro-steenkamp-evoque-le-combat-crucial-contre-le-racing.png","type":"image\/png"}],"author":"Axel Lauzier","twitter_card":"summary_large_image","schema":{"@context":"https:\/\/schema.org","@graph":[{"@type":"NewsArticle","@id":"https:\/\/sport-index.fr\/blog\/a-la-une\/la-rochelle-face-a-la-tempete-gurthro-steenkamp-evoque-le-combat-crucial-contre-le-racing\/#article","isPartOf":{"@id":"https:\/\/sport-index.fr\/blog\/a-la-une\/la-rochelle-face-a-la-tempete-gurthro-steenkamp-evoque-le-combat-crucial-contre-le-racing\/"},"author":{"name":"Axel Lauzier","@id":"https:\/\/sport-index.fr\/blog\/#\/schema\/person\/3c864cdc320801e3db34b663e7e3f816"},"headline":"La Rochelle face \u00e0 la temp\u00eate : Gurthr\u00f6 Steenkamp \u00e9voque le combat crucial contre le Racing","datePublished":"2025-02-22T12:11:29+00:00","mainEntityOfPage":{"@id":"https:\/\/sport-index.fr\/blog\/a-la-une\/la-rochelle-face-a-la-tempete-gurthro-steenkamp-evoque-le-combat-crucial-contre-le-racing\/"},"wordCount":547,"commentCount":22,"publisher":{"@id":"https:\/\/sport-index.fr\/blog\/#organization"},"image":{"@id":"https:\/\/sport-index.fr\/blog\/a-la-une\/la-rochelle-face-a-la-tempete-gurthro-steenkamp-evoque-le-combat-crucial-contre-le-racing\/#primaryimage"},"thumbnailUrl":"https:\/\/sport-index.fr\/blog\/wp-content\/uploads\/2025\/02\/stability-la-rochelle-face-a-la-tempete-gurthro-steenkamp-evoque-le-combat-crucial-contre-le-racing.png","keywords":["Coh\u00e9sion d'\u00c9quipe","Gestion des Talents","Performance sportive","Pr\u00e9paration Mentale","R\u00e9silience"],"articleSection":["\u00c0 la une"],"inLanguage":"fr-FR","potentialAction":[{"@type":"CommentAction","name":"Comment","target":["https:\/\/sport-index.fr\/blog\/a-la-une\/la-rochelle-face-a-la-tempete-gurthro-steenkamp-evoque-le-combat-crucial-contre-le-racing\/#respond"]}]},{"@type":"WebPage","@id":"https:\/\/sport-index.fr\/blog\/a-la-une\/la-rochelle-face-a-la-tempete-gurthro-steenkamp-evoque-le-combat-crucial-contre-le-racing\/","url":"https:\/\/sport-index.fr\/blog\/a-la-une\/la-rochelle-face-a-la-tempete-gurthro-steenkamp-evoque-le-combat-crucial-contre-le-racing\/","name":"La Rochelle face \u00e0 la temp\u00eate : Gurthr\u00f6 Steenkamp \u00e9voque","isPartOf":{"@id":"https:\/\/sport-index.fr\/blog\/#website"},"primaryImageOfPage":{"@id":"https:\/\/sport-index.fr\/blog\/a-la-une\/la-rochelle-face-a-la-tempete-gurthro-steenkamp-evoque-le-combat-crucial-contre-le-racing\/#primaryimage"},"image":{"@id":"https:\/\/sport-index.fr\/blog\/a-la-une\/la-rochelle-face-a-la-tempete-gurthro-steenkamp-evoque-le-combat-crucial-contre-le-racing\/#primaryimage"},"thumbnailUrl":"https:\/\/sport-index.fr\/blog\/wp-content\/uploads\/2025\/02\/stability-la-rochelle-face-a-la-tempete-gurthro-steenkamp-evoque-le-combat-crucial-contre-le-racing.png","datePublished":"2025-02-22T12:11:29+00:00","description":"Un contexte difficile mais une volont\u00e9 de rebondir Gurthr\u00f6 Steenkamp, entra\u00eeneur de la m\u00eal\u00e9e, a soulign\u00e9 l'importance de se concentrer sur le combat lors\u2026","inLanguage":"fr-FR","potentialAction":[{"@type":"ReadAction","target":["https:\/\/sport-index.fr\/blog\/a-la-une\/la-rochelle-face-a-la-tempete-gurthro-steenkamp-evoque-le-combat-crucial-contre-le-racing\/"]}]},{"@type":"ImageObject","inLanguage":"fr-FR","@id":"https:\/\/sport-index.fr\/blog\/a-la-une\/la-rochelle-face-a-la-tempete-gurthro-steenkamp-evoque-le-combat-crucial-contre-le-racing\/#primaryimage","url":"https:\/\/sport-index.fr\/blog\/wp-content\/uploads\/2025\/02\/stability-la-rochelle-face-a-la-tempete-gurthro-steenkamp-evoque-le-combat-crucial-contre-le-racing.png","contentUrl":"https:\/\/sport-index.fr\/blog\/wp-content\/uploads\/2025\/02\/stability-la-rochelle-face-a-la-tempete-gurthro-steenkamp-evoque-le-combat-crucial-contre-le-racing.png","width":1024,"height":576},{"@type":"WebSite","@id":"https:\/\/sport-index.fr\/blog\/#website","url":"https:\/\/sport-index.fr\/blog\/","name":"sport-index.fr","description":"Le score de l\u2019analyse sportive.","publisher":{"@id":"https:\/\/sport-index.fr\/blog\/#organization"},"alternateName":"Le score de l\u2019analyse sportive.","potentialAction":[{"@type":"SearchAction","target":{"@type":"EntryPoint","urlTemplate":"https:\/\/sport-index.fr\/blog\/?s={search_term_string}"},"query-input":{"@type":"PropertyValueSpecification","valueRequired":true,"valueName":"search_term_string"}}],"inLanguage":"fr-FR"},{"@type":"Organization","@id":"https:\/\/sport-index.fr\/blog\/#organization","name":"Foretsensations.fr","url":"https:\/\/sport-index.fr\/blog\/","logo":{"@type":"ImageObject","inLanguage":"fr-FR","@id":"https:\/\/sport-index.fr\/blog\/#\/schema\/logo\/image\/","url":"https:\/\/sport-index.fr\/blog\/wp-content\/uploads\/2026\/07\/logo-auto.png","contentUrl":"https:\/\/sport-index.fr\/blog\/wp-content\/uploads\/2026\/07\/logo-auto.png","width":1024,"height":1024,"caption":"Foretsensations.fr"},"image":{"@id":"https:\/\/sport-index.fr\/blog\/#\/schema\/logo\/image\/"}},{"@type":"Person","@id":"https:\/\/sport-index.fr\/blog\/#\/schema\/person\/3c864cdc320801e3db34b663e7e3f816","name":"Axel Lauzier","image":{"@type":"ImageObject","inLanguage":"fr-FR","@id":"https:\/\/sport-index.fr\/blog\/#\/schema\/person\/image\/","url":"https:\/\/sport-index.fr\/blog\/wp-content\/uploads\/2026\/06\/persona_axel-l-96x96.jpg","contentUrl":"https:\/\/sport-index.fr\/blog\/wp-content\/uploads\/2026\/06\/persona_axel-l-96x96.jpg","caption":"Axel Lauzier"},"description":"Le sport rythme mon quotidien depuis l'enfance, et j'en ai fait mon m\u00e9tier d'analyste r\u00e9dactionnel il y a une dizaine d'ann\u00e9es. Je couvre principalement le football, son actualit\u00e9, ses transferts et l'analyse tactique des grandes affiches, mais aussi les disciplines plus confidentielles que j'aime remettre en lumi\u00e8re. Une partie de mon travail porte sur les pronostics et la lecture statistique d'un match : forme des \u00e9quipes, historique des confrontations, compositions, sans jamais vendre de fausse certitude. Je rappelle syst\u00e9matiquement que parier comporte un risque et doit rester un loisir ma\u00eetris\u00e9. Avant de signer une analyse, je v\u00e9rifie mes chiffres, je recoupe les compositions probables et je distingue toujours la donn\u00e9e brute de l'intuition. Mon objectif : offrir une lecture honn\u00eate et argument\u00e9e, pas un ticket gagnant garanti.","sameAs":["https:\/\/axellauzier.fr\/"],"url":"https:\/\/sport-index.fr\/blog\/auteur\/noname\/"}]}},"_links":{"self":[{"href":"https:\/\/sport-index.fr\/blog\/wp-json\/wp\/v2\/posts\/9938","targetHints":{"allow":["GET"]}}],"collection":[{"href":"https:\/\/sport-index.fr\/blog\/wp-json\/wp\/v2\/posts"}],"about":[{"href":"https:\/\/sport-index.fr\/blog\/wp-json\/wp\/v2\/types\/post"}],"author":[{"embeddable":true,"href":"https:\/\/sport-index.fr\/blog\/wp-json\/wp\/v2\/users\/34"}],"replies":[{"embeddable":true,"href":"https:\/\/sport-index.fr\/blog\/wp-json\/wp\/v2\/comments?post=9938"}],"version-history":[{"count":2,"href":"https:\/\/sport-index.fr\/blog\/wp-json\/wp\/v2\/posts\/9938\/revisions"}],"predecessor-version":[{"id":10166,"href":"https:\/\/sport-index.fr\/blog\/wp-json\/wp\/v2\/posts\/9938\/revisions\/10166"}],"wp:featuredmedia":[{"embeddable":true,"href":"https:\/\/sport-index.fr\/blog\/wp-json\/wp\/v2\/media\/9939"}],"wp:attachment":[{"href":"https:\/\/sport-index.fr\/blog\/wp-json\/wp\/v2\/media?parent=9938"}],"wp:term":[{"taxonomy":"category","embeddable":true,"href":"https:\/\/sport-index.fr\/blog\/wp-json\/wp\/v2\/categories?post=9938"},{"taxonomy":"post_tag","embeddable":true,"href":"https:\/\/sport-index.fr\/blog\/wp-json\/wp\/v2\/tags?post=9938"}],"curies":[{"name":"wp","href":"https:\/\/api.w.org\/{rel}","templated":true}]}}