{"id":9982,"date":"2025-02-22T23:21:06","date_gmt":"2025-02-22T22:21:06","guid":{"rendered":"https:\/\/sport-index.fr\/blog\/?p=9982"},"modified":"2025-02-21T07:18:45","modified_gmt":"2025-02-21T06:18:45","slug":"melvyn-jaminet-retour-sur-le-terrain-apres-une-suspension-de-34-semaines","status":"publish","type":"post","link":"https:\/\/sport-index.fr\/blog\/a-la-une\/melvyn-jaminet-retour-sur-le-terrain-apres-une-suspension-de-34-semaines\/","title":{"rendered":"Melvyn Jaminet : retour sur le terrain apr\u00e8s une suspension de 34 semaines"},"content":{"rendered":"<h2>Un retour tant attendu sur le terrain<\/h2>\n<p>Melvyn Jaminet, l&rsquo;arri\u00e8re du Rugby Club Toulonnais, est pr\u00eat \u00e0 retrouver les pelouses du Top 14. Apr\u00e8s une suspension de plusieurs mois, il fera son grand retour ce samedi face au Stade Fran\u00e7ais Paris. Pour lui, ce moment marque la fin d&rsquo;une p\u00e9riode difficile, tant sur le plan personnel que professionnel.<\/p>\n<p>La suspension de Jaminet, qui a dur\u00e9 34 semaines, a \u00e9t\u00e9 le r\u00e9sultat de ses propos inappropri\u00e9s partag\u00e9s sur les r\u00e9seaux sociaux. Cette situation a suscit\u00e9 de nombreuses r\u00e9actions dans le monde du rugby, obligeant le joueur \u00e0 r\u00e9fl\u00e9chir sur ses actes et \u00e0 faire amende honorable. Aujourd&rsquo;hui, il est d\u00e9termin\u00e9 \u00e0 faire preuve de maturit\u00e9 et \u00e0 se concentrer sur sa carri\u00e8re.<\/p>\n<h2>Un parcours de r\u00e9demption<\/h2>\n<p>Au cours de cette p\u00e9riode de suspension, Jaminet n&rsquo;a pas \u00e9t\u00e9 inactif. Il a suivi un programme de r\u00e9habilitation qui lui a permis de mieux comprendre les enjeux li\u00e9s \u00e0 ses actes. Il a \u00e9galement particip\u00e9 \u00e0 des actions de pr\u00e9vention pour sensibiliser les jeunes joueurs sur l&rsquo;usage des r\u00e9seaux sociaux.<\/p>\n<p>Le soutien de son club a \u00e9t\u00e9 crucial dans ce processus. Pierre Mignoni, l&rsquo;entra\u00eeneur de Toulon, a mis en place un plan de retour progressif, permettant \u00e0 Jaminet de r\u00e9int\u00e9grer l\u2019\u00e9quipe tout en l&rsquo;accompagnant dans sa r\u00e9demption. Ce soutien lui a permis de retrouver sa place parmi ses co\u00e9quipiers, renfor\u00e7ant ainsi ses liens avec le groupe.<\/p>\n<h2>Un nouveau d\u00e9part pour Jaminet<\/h2>\n<p>En se pr\u00e9parant pour son retour, Melvyn Jaminet a su s&rsquo;entourer des bonnes personnes. Son cocon familial et ses amis ont \u00e9t\u00e9 des piliers sur lesquels il a pu s&rsquo;appuyer. De plus, il a travaill\u00e9 dur dans une salle de CrossFit pour am\u00e9liorer sa condition physique et revenir au meilleur de sa forme.<\/p>\n<p>Jaminet a d\u00e9clar\u00e9 : <\/p>\n<blockquote><p>\u00ab\u00a0J\u2019ai fait une erreur, mais je ne suis pas raciste. Je veux vraiment m\u2019excuser aupr\u00e8s de tous les supporters du rugby que j\u2019ai pu blesser.\u00a0\u00bb <\/p><\/blockquote>\n<p> Son d\u00e9sir de tourner la page et de se concentrer sur le rugby est palpable. Il est pr\u00eat \u00e0 donner le meilleur de lui-m\u00eame pour prouver qu&rsquo;il a appris de ses erreurs.<\/p>\n<ul>\n<li>Retour pr\u00e9vu sur le terrain ce samedi.<\/li>\n<li>34 semaines de suspension r\u00e9duites \u00e0 26 apr\u00e8s des actions de pr\u00e9vention.<\/li>\n<li>Soutien fort du club et de ses co\u00e9quipiers.<\/li>\n<li>Pr\u00e9paration physique intense dans une salle de CrossFit.<\/li>\n<li>Engagement \u00e0 promouvoir les valeurs du sport.<\/li>\n<\/ul>\n<p>Le retour de Melvyn Jaminet sur le terrain n&rsquo;est pas seulement une question de rugby. C&rsquo;est une opportunit\u00e9 pour lui de red\u00e9finir son image et de montrer qu&rsquo;il est capable de surmonter les obstacles. Ce match contre le Stade Fran\u00e7ais Paris sera un moment symbolique dans sa carri\u00e8re, et tous les yeux seront riv\u00e9s sur lui. Les supporters attendent avec impatience de voir comment il va se comporter sur le terrain apr\u00e8s cette p\u00e9riode tumultueuse. <\/p>\n<p>Le rugby est un sport d\u2019\u00e9quipe, et Jaminet sait qu\u2019il doit regagner la confiance de ses co\u00e9quipiers et des fans. En mettant l&rsquo;accent sur le jeu et les valeurs positives, il esp\u00e8re se racheter et contribuer aux ambitions de son \u00e9quipe. Ce retour est une chance pour lui de montrer qu&rsquo;il a appris de ses erreurs et qu&rsquo;il est pr\u00eat \u00e0 avancer.<img decoding=\"async\" width=\"1024\" height=\"576\" src=\"https:\/\/sport-index.fr\/blog\/wp-content\/uploads\/2025\/02\/stability-melvyn-jaminet-retour-sur-le-terrain-apres-une-suspension-de-34-semaines-1.png\" class=\"aligncenter\" alt=\"Illustration d\u00e9taill\u00e9e sur Melvyn Jaminet : retour sur le terrain apr\u00e8s une suspension de 34 semaines\" title=\"Melvyn Jaminet : retour sur le terrain apr\u00e8s une suspension de 34 semaines\" loading=\"lazy\" \/><\/p>\n","protected":false},"excerpt":{"rendered":"","protected":false},"author":34,"featured_media":9983,"comment_status":"open","ping_status":"open","sticky":false,"template":"","format":"standard","meta":{"_acf_changed":false,"manual_indexmenow":false,"indexmenow_id_project":0,"footnotes":""},"categories":[1],"tags":[4585,4561,4543,4885,4536],"class_list":["post-9982","post","type-post","status-publish","format-standard","has-post-thumbnail","hentry","category-a-la-une","tag-cohesion-dequipe","tag-gestion-des-talents","tag-performance","tag-preparation-mentale","tag-rugby","generate-columns","tablet-grid-50","mobile-grid-100","grid-parent","grid-25"],"acf":[],"yoast_head":"<!-- This site is optimized with the Yoast SEO Premium plugin v21.3 (Yoast SEO v26.5) - https:\/\/yoast.com\/wordpress\/plugins\/seo\/ -->\n<title>Melvyn Jaminet : retour sur le terrain apr\u00e8s une suspension<\/title>\n<meta name=\"description\" content=\"Un retour tant attendu sur le terrain Melvyn Jaminet, l&#039;arri\u00e8re du Rugby Club Toulonnais, est pr\u00eat \u00e0 retrouver les pelouses du Top 14. Apr\u00e8s une\u2026\" \/>\n<meta name=\"robots\" content=\"index, follow, max-snippet:-1, max-image-preview:large, max-video-preview:-1\" \/>\n<link rel=\"canonical\" href=\"https:\/\/sport-index.fr\/blog\/a-la-une\/melvyn-jaminet-retour-sur-le-terrain-apres-une-suspension-de-34-semaines\/\" \/>\n<meta property=\"og:locale\" content=\"fr_FR\" \/>\n<meta property=\"og:type\" content=\"article\" \/>\n<meta property=\"og:title\" content=\"Melvyn Jaminet : retour sur le terrain apr\u00e8s une suspension\" \/>\n<meta property=\"og:description\" content=\"Un retour tant attendu sur le terrain Melvyn Jaminet, l&#039;arri\u00e8re du Rugby Club Toulonnais, est pr\u00eat \u00e0 retrouver les pelouses du Top 14. Apr\u00e8s une\u2026\" \/>\n<meta property=\"og:url\" content=\"https:\/\/sport-index.fr\/blog\/a-la-une\/melvyn-jaminet-retour-sur-le-terrain-apres-une-suspension-de-34-semaines\/\" \/>\n<meta property=\"og:site_name\" content=\"sport-index\" \/>\n<meta property=\"og:image\" content=\"https:\/\/sport-index.fr\/blog\/wp-content\/uploads\/2025\/02\/stability-melvyn-jaminet-retour-sur-le-terrain-apres-une-suspension-de-34-semaines.png\" \/>\n\t<meta property=\"og:image:width\" content=\"1024\" \/>\n\t<meta property=\"og:image:height\" content=\"576\" \/>\n\t<meta property=\"og:image:type\" content=\"image\/png\" \/>\n<meta name=\"author\" content=\"Axel Lauzier\" \/>\n<meta name=\"twitter:card\" content=\"summary_large_image\" \/>\n<script type=\"application\/ld+json\" class=\"yoast-schema-graph\">{\"@context\":\"https:\/\/schema.org\",\"@graph\":[{\"@type\":\"NewsArticle\",\"@id\":\"https:\/\/sport-index.fr\/blog\/a-la-une\/melvyn-jaminet-retour-sur-le-terrain-apres-une-suspension-de-34-semaines\/#article\",\"isPartOf\":{\"@id\":\"https:\/\/sport-index.fr\/blog\/a-la-une\/melvyn-jaminet-retour-sur-le-terrain-apres-une-suspension-de-34-semaines\/\"},\"author\":{\"name\":\"Axel Lauzier\",\"@id\":\"https:\/\/sport-index.fr\/blog\/#\/schema\/person\/3c864cdc320801e3db34b663e7e3f816\"},\"headline\":\"Melvyn Jaminet : retour sur le terrain apr\u00e8s une suspension de 34 semaines\",\"datePublished\":\"2025-02-22T22:21:06+00:00\",\"mainEntityOfPage\":{\"@id\":\"https:\/\/sport-index.fr\/blog\/a-la-une\/melvyn-jaminet-retour-sur-le-terrain-apres-une-suspension-de-34-semaines\/\"},\"wordCount\":596,\"commentCount\":33,\"publisher\":{\"@id\":\"https:\/\/sport-index.fr\/blog\/#organization\"},\"image\":{\"@id\":\"https:\/\/sport-index.fr\/blog\/a-la-une\/melvyn-jaminet-retour-sur-le-terrain-apres-une-suspension-de-34-semaines\/#primaryimage\"},\"thumbnailUrl\":\"https:\/\/sport-index.fr\/blog\/wp-content\/uploads\/2025\/02\/stability-melvyn-jaminet-retour-sur-le-terrain-apres-une-suspension-de-34-semaines.png\",\"keywords\":[\"Coh\u00e9sion d'\u00c9quipe\",\"Gestion des Talents\",\"Performance\",\"Pr\u00e9paration Mentale\",\"Rugby\"],\"articleSection\":[\"\u00c0 la une\"],\"inLanguage\":\"fr-FR\",\"potentialAction\":[{\"@type\":\"CommentAction\",\"name\":\"Comment\",\"target\":[\"https:\/\/sport-index.fr\/blog\/a-la-une\/melvyn-jaminet-retour-sur-le-terrain-apres-une-suspension-de-34-semaines\/#respond\"]}]},{\"@type\":\"WebPage\",\"@id\":\"https:\/\/sport-index.fr\/blog\/a-la-une\/melvyn-jaminet-retour-sur-le-terrain-apres-une-suspension-de-34-semaines\/\",\"url\":\"https:\/\/sport-index.fr\/blog\/a-la-une\/melvyn-jaminet-retour-sur-le-terrain-apres-une-suspension-de-34-semaines\/\",\"name\":\"Melvyn Jaminet : retour sur le terrain apr\u00e8s une suspension\",\"isPartOf\":{\"@id\":\"https:\/\/sport-index.fr\/blog\/#website\"},\"primaryImageOfPage\":{\"@id\":\"https:\/\/sport-index.fr\/blog\/a-la-une\/melvyn-jaminet-retour-sur-le-terrain-apres-une-suspension-de-34-semaines\/#primaryimage\"},\"image\":{\"@id\":\"https:\/\/sport-index.fr\/blog\/a-la-une\/melvyn-jaminet-retour-sur-le-terrain-apres-une-suspension-de-34-semaines\/#primaryimage\"},\"thumbnailUrl\":\"https:\/\/sport-index.fr\/blog\/wp-content\/uploads\/2025\/02\/stability-melvyn-jaminet-retour-sur-le-terrain-apres-une-suspension-de-34-semaines.png\",\"datePublished\":\"2025-02-22T22:21:06+00:00\",\"description\":\"Un retour tant attendu sur le terrain Melvyn Jaminet, l'arri\u00e8re du Rugby Club Toulonnais, est pr\u00eat \u00e0 retrouver les pelouses du Top 14. Apr\u00e8s une\u2026\",\"inLanguage\":\"fr-FR\",\"potentialAction\":[{\"@type\":\"ReadAction\",\"target\":[\"https:\/\/sport-index.fr\/blog\/a-la-une\/melvyn-jaminet-retour-sur-le-terrain-apres-une-suspension-de-34-semaines\/\"]}]},{\"@type\":\"ImageObject\",\"inLanguage\":\"fr-FR\",\"@id\":\"https:\/\/sport-index.fr\/blog\/a-la-une\/melvyn-jaminet-retour-sur-le-terrain-apres-une-suspension-de-34-semaines\/#primaryimage\",\"url\":\"https:\/\/sport-index.fr\/blog\/wp-content\/uploads\/2025\/02\/stability-melvyn-jaminet-retour-sur-le-terrain-apres-une-suspension-de-34-semaines.png\",\"contentUrl\":\"https:\/\/sport-index.fr\/blog\/wp-content\/uploads\/2025\/02\/stability-melvyn-jaminet-retour-sur-le-terrain-apres-une-suspension-de-34-semaines.png\",\"width\":1024,\"height\":576},{\"@type\":\"WebSite\",\"@id\":\"https:\/\/sport-index.fr\/blog\/#website\",\"url\":\"https:\/\/sport-index.fr\/blog\/\",\"name\":\"sport-index.fr\",\"description\":\"Le score de l\u2019analyse sportive.\",\"publisher\":{\"@id\":\"https:\/\/sport-index.fr\/blog\/#organization\"},\"alternateName\":\"Le score de l\u2019analyse sportive.\",\"potentialAction\":[{\"@type\":\"SearchAction\",\"target\":{\"@type\":\"EntryPoint\",\"urlTemplate\":\"https:\/\/sport-index.fr\/blog\/?s={search_term_string}\"},\"query-input\":{\"@type\":\"PropertyValueSpecification\",\"valueRequired\":true,\"valueName\":\"search_term_string\"}}],\"inLanguage\":\"fr-FR\"},{\"@type\":\"Organization\",\"@id\":\"https:\/\/sport-index.fr\/blog\/#organization\",\"name\":\"Foretsensations.fr\",\"url\":\"https:\/\/sport-index.fr\/blog\/\",\"logo\":{\"@type\":\"ImageObject\",\"inLanguage\":\"fr-FR\",\"@id\":\"https:\/\/sport-index.fr\/blog\/#\/schema\/logo\/image\/\",\"url\":\"https:\/\/sport-index.fr\/blog\/wp-content\/uploads\/2026\/07\/logo-auto.png\",\"contentUrl\":\"https:\/\/sport-index.fr\/blog\/wp-content\/uploads\/2026\/07\/logo-auto.png\",\"width\":1024,\"height\":1024,\"caption\":\"Foretsensations.fr\"},\"image\":{\"@id\":\"https:\/\/sport-index.fr\/blog\/#\/schema\/logo\/image\/\"}},{\"@type\":\"Person\",\"@id\":\"https:\/\/sport-index.fr\/blog\/#\/schema\/person\/3c864cdc320801e3db34b663e7e3f816\",\"name\":\"Axel Lauzier\",\"image\":{\"@type\":\"ImageObject\",\"inLanguage\":\"fr-FR\",\"@id\":\"https:\/\/sport-index.fr\/blog\/#\/schema\/person\/image\/\",\"url\":\"https:\/\/sport-index.fr\/blog\/wp-content\/uploads\/2026\/06\/persona_axel-l-96x96.jpg\",\"contentUrl\":\"https:\/\/sport-index.fr\/blog\/wp-content\/uploads\/2026\/06\/persona_axel-l-96x96.jpg\",\"caption\":\"Axel Lauzier\"},\"description\":\"Le sport rythme mon quotidien depuis l'enfance, et j'en ai fait mon m\u00e9tier d'analyste r\u00e9dactionnel il y a une dizaine d'ann\u00e9es. Je couvre principalement le football, son actualit\u00e9, ses transferts et l'analyse tactique des grandes affiches, mais aussi les disciplines plus confidentielles que j'aime remettre en lumi\u00e8re. Une partie de mon travail porte sur les pronostics et la lecture statistique d'un match : forme des \u00e9quipes, historique des confrontations, compositions, sans jamais vendre de fausse certitude. Je rappelle syst\u00e9matiquement que parier comporte un risque et doit rester un loisir ma\u00eetris\u00e9. Avant de signer une analyse, je v\u00e9rifie mes chiffres, je recoupe les compositions probables et je distingue toujours la donn\u00e9e brute de l'intuition. Mon objectif : offrir une lecture honn\u00eate et argument\u00e9e, pas un ticket gagnant garanti.\",\"sameAs\":[\"https:\/\/axellauzier.fr\/\"],\"url\":\"https:\/\/sport-index.fr\/blog\/auteur\/noname\/\"}]}<\/script>\n<!-- \/ Yoast SEO Premium plugin. -->","yoast_head_json":{"title":"Melvyn Jaminet : retour sur le terrain apr\u00e8s une suspension","description":"Un retour tant attendu sur le terrain Melvyn Jaminet, l'arri\u00e8re du Rugby Club Toulonnais, est pr\u00eat \u00e0 retrouver les pelouses du Top 14. Apr\u00e8s une\u2026","robots":{"index":"index","follow":"follow","max-snippet":"max-snippet:-1","max-image-preview":"max-image-preview:large","max-video-preview":"max-video-preview:-1"},"canonical":"https:\/\/sport-index.fr\/blog\/a-la-une\/melvyn-jaminet-retour-sur-le-terrain-apres-une-suspension-de-34-semaines\/","og_locale":"fr_FR","og_type":"article","og_title":"Melvyn Jaminet : retour sur le terrain apr\u00e8s une suspension","og_description":"Un retour tant attendu sur le terrain Melvyn Jaminet, l'arri\u00e8re du Rugby Club Toulonnais, est pr\u00eat \u00e0 retrouver les pelouses du Top 14. Apr\u00e8s une\u2026","og_url":"https:\/\/sport-index.fr\/blog\/a-la-une\/melvyn-jaminet-retour-sur-le-terrain-apres-une-suspension-de-34-semaines\/","og_site_name":"sport-index","og_image":[{"width":1024,"height":576,"url":"https:\/\/sport-index.fr\/blog\/wp-content\/uploads\/2025\/02\/stability-melvyn-jaminet-retour-sur-le-terrain-apres-une-suspension-de-34-semaines.png","type":"image\/png"}],"author":"Axel Lauzier","twitter_card":"summary_large_image","schema":{"@context":"https:\/\/schema.org","@graph":[{"@type":"NewsArticle","@id":"https:\/\/sport-index.fr\/blog\/a-la-une\/melvyn-jaminet-retour-sur-le-terrain-apres-une-suspension-de-34-semaines\/#article","isPartOf":{"@id":"https:\/\/sport-index.fr\/blog\/a-la-une\/melvyn-jaminet-retour-sur-le-terrain-apres-une-suspension-de-34-semaines\/"},"author":{"name":"Axel Lauzier","@id":"https:\/\/sport-index.fr\/blog\/#\/schema\/person\/3c864cdc320801e3db34b663e7e3f816"},"headline":"Melvyn Jaminet : retour sur le terrain apr\u00e8s une suspension de 34 semaines","datePublished":"2025-02-22T22:21:06+00:00","mainEntityOfPage":{"@id":"https:\/\/sport-index.fr\/blog\/a-la-une\/melvyn-jaminet-retour-sur-le-terrain-apres-une-suspension-de-34-semaines\/"},"wordCount":596,"commentCount":33,"publisher":{"@id":"https:\/\/sport-index.fr\/blog\/#organization"},"image":{"@id":"https:\/\/sport-index.fr\/blog\/a-la-une\/melvyn-jaminet-retour-sur-le-terrain-apres-une-suspension-de-34-semaines\/#primaryimage"},"thumbnailUrl":"https:\/\/sport-index.fr\/blog\/wp-content\/uploads\/2025\/02\/stability-melvyn-jaminet-retour-sur-le-terrain-apres-une-suspension-de-34-semaines.png","keywords":["Coh\u00e9sion d'\u00c9quipe","Gestion des Talents","Performance","Pr\u00e9paration Mentale","Rugby"],"articleSection":["\u00c0 la une"],"inLanguage":"fr-FR","potentialAction":[{"@type":"CommentAction","name":"Comment","target":["https:\/\/sport-index.fr\/blog\/a-la-une\/melvyn-jaminet-retour-sur-le-terrain-apres-une-suspension-de-34-semaines\/#respond"]}]},{"@type":"WebPage","@id":"https:\/\/sport-index.fr\/blog\/a-la-une\/melvyn-jaminet-retour-sur-le-terrain-apres-une-suspension-de-34-semaines\/","url":"https:\/\/sport-index.fr\/blog\/a-la-une\/melvyn-jaminet-retour-sur-le-terrain-apres-une-suspension-de-34-semaines\/","name":"Melvyn Jaminet : retour sur le terrain apr\u00e8s une suspension","isPartOf":{"@id":"https:\/\/sport-index.fr\/blog\/#website"},"primaryImageOfPage":{"@id":"https:\/\/sport-index.fr\/blog\/a-la-une\/melvyn-jaminet-retour-sur-le-terrain-apres-une-suspension-de-34-semaines\/#primaryimage"},"image":{"@id":"https:\/\/sport-index.fr\/blog\/a-la-une\/melvyn-jaminet-retour-sur-le-terrain-apres-une-suspension-de-34-semaines\/#primaryimage"},"thumbnailUrl":"https:\/\/sport-index.fr\/blog\/wp-content\/uploads\/2025\/02\/stability-melvyn-jaminet-retour-sur-le-terrain-apres-une-suspension-de-34-semaines.png","datePublished":"2025-02-22T22:21:06+00:00","description":"Un retour tant attendu sur le terrain Melvyn Jaminet, l'arri\u00e8re du Rugby Club Toulonnais, est pr\u00eat \u00e0 retrouver les pelouses du Top 14. Apr\u00e8s une\u2026","inLanguage":"fr-FR","potentialAction":[{"@type":"ReadAction","target":["https:\/\/sport-index.fr\/blog\/a-la-une\/melvyn-jaminet-retour-sur-le-terrain-apres-une-suspension-de-34-semaines\/"]}]},{"@type":"ImageObject","inLanguage":"fr-FR","@id":"https:\/\/sport-index.fr\/blog\/a-la-une\/melvyn-jaminet-retour-sur-le-terrain-apres-une-suspension-de-34-semaines\/#primaryimage","url":"https:\/\/sport-index.fr\/blog\/wp-content\/uploads\/2025\/02\/stability-melvyn-jaminet-retour-sur-le-terrain-apres-une-suspension-de-34-semaines.png","contentUrl":"https:\/\/sport-index.fr\/blog\/wp-content\/uploads\/2025\/02\/stability-melvyn-jaminet-retour-sur-le-terrain-apres-une-suspension-de-34-semaines.png","width":1024,"height":576},{"@type":"WebSite","@id":"https:\/\/sport-index.fr\/blog\/#website","url":"https:\/\/sport-index.fr\/blog\/","name":"sport-index.fr","description":"Le score de l\u2019analyse sportive.","publisher":{"@id":"https:\/\/sport-index.fr\/blog\/#organization"},"alternateName":"Le score de l\u2019analyse sportive.","potentialAction":[{"@type":"SearchAction","target":{"@type":"EntryPoint","urlTemplate":"https:\/\/sport-index.fr\/blog\/?s={search_term_string}"},"query-input":{"@type":"PropertyValueSpecification","valueRequired":true,"valueName":"search_term_string"}}],"inLanguage":"fr-FR"},{"@type":"Organization","@id":"https:\/\/sport-index.fr\/blog\/#organization","name":"Foretsensations.fr","url":"https:\/\/sport-index.fr\/blog\/","logo":{"@type":"ImageObject","inLanguage":"fr-FR","@id":"https:\/\/sport-index.fr\/blog\/#\/schema\/logo\/image\/","url":"https:\/\/sport-index.fr\/blog\/wp-content\/uploads\/2026\/07\/logo-auto.png","contentUrl":"https:\/\/sport-index.fr\/blog\/wp-content\/uploads\/2026\/07\/logo-auto.png","width":1024,"height":1024,"caption":"Foretsensations.fr"},"image":{"@id":"https:\/\/sport-index.fr\/blog\/#\/schema\/logo\/image\/"}},{"@type":"Person","@id":"https:\/\/sport-index.fr\/blog\/#\/schema\/person\/3c864cdc320801e3db34b663e7e3f816","name":"Axel Lauzier","image":{"@type":"ImageObject","inLanguage":"fr-FR","@id":"https:\/\/sport-index.fr\/blog\/#\/schema\/person\/image\/","url":"https:\/\/sport-index.fr\/blog\/wp-content\/uploads\/2026\/06\/persona_axel-l-96x96.jpg","contentUrl":"https:\/\/sport-index.fr\/blog\/wp-content\/uploads\/2026\/06\/persona_axel-l-96x96.jpg","caption":"Axel Lauzier"},"description":"Le sport rythme mon quotidien depuis l'enfance, et j'en ai fait mon m\u00e9tier d'analyste r\u00e9dactionnel il y a une dizaine d'ann\u00e9es. Je couvre principalement le football, son actualit\u00e9, ses transferts et l'analyse tactique des grandes affiches, mais aussi les disciplines plus confidentielles que j'aime remettre en lumi\u00e8re. Une partie de mon travail porte sur les pronostics et la lecture statistique d'un match : forme des \u00e9quipes, historique des confrontations, compositions, sans jamais vendre de fausse certitude. Je rappelle syst\u00e9matiquement que parier comporte un risque et doit rester un loisir ma\u00eetris\u00e9. Avant de signer une analyse, je v\u00e9rifie mes chiffres, je recoupe les compositions probables et je distingue toujours la donn\u00e9e brute de l'intuition. Mon objectif : offrir une lecture honn\u00eate et argument\u00e9e, pas un ticket gagnant garanti.","sameAs":["https:\/\/axellauzier.fr\/"],"url":"https:\/\/sport-index.fr\/blog\/auteur\/noname\/"}]}},"_links":{"self":[{"href":"https:\/\/sport-index.fr\/blog\/wp-json\/wp\/v2\/posts\/9982","targetHints":{"allow":["GET"]}}],"collection":[{"href":"https:\/\/sport-index.fr\/blog\/wp-json\/wp\/v2\/posts"}],"about":[{"href":"https:\/\/sport-index.fr\/blog\/wp-json\/wp\/v2\/types\/post"}],"author":[{"embeddable":true,"href":"https:\/\/sport-index.fr\/blog\/wp-json\/wp\/v2\/users\/34"}],"replies":[{"embeddable":true,"href":"https:\/\/sport-index.fr\/blog\/wp-json\/wp\/v2\/comments?post=9982"}],"version-history":[{"count":1,"href":"https:\/\/sport-index.fr\/blog\/wp-json\/wp\/v2\/posts\/9982\/revisions"}],"predecessor-version":[{"id":9985,"href":"https:\/\/sport-index.fr\/blog\/wp-json\/wp\/v2\/posts\/9982\/revisions\/9985"}],"wp:featuredmedia":[{"embeddable":true,"href":"https:\/\/sport-index.fr\/blog\/wp-json\/wp\/v2\/media\/9983"}],"wp:attachment":[{"href":"https:\/\/sport-index.fr\/blog\/wp-json\/wp\/v2\/media?parent=9982"}],"wp:term":[{"taxonomy":"category","embeddable":true,"href":"https:\/\/sport-index.fr\/blog\/wp-json\/wp\/v2\/categories?post=9982"},{"taxonomy":"post_tag","embeddable":true,"href":"https:\/\/sport-index.fr\/blog\/wp-json\/wp\/v2\/tags?post=9982"}],"curies":[{"name":"wp","href":"https:\/\/api.w.org\/{rel}","templated":true}]}}